{"id":16965,"date":"2012-09-22T02:54:23","date_gmt":"2012-09-22T02:54:23","guid":{"rendered":null},"modified":"-0001-11-30T00:00:00","modified_gmt":"-0001-11-30T00:00:00","slug":"nicaragua-ngo-estimated-damage-to-river-to-expand-the-lawsuit-against-costa-rica","status":"publish","type":"post","link":"https:\/\/www.best-dentist-dentistry.com\/de\/nicaragua-ngo-estimated-damage-to-river-to-expand-the-lawsuit-against-costa-rica\/16965","title":{"rendered":"Nicaragua NGO, die gesch\u00e4tzte Schaden zum Fluss um die Klage gegen Costa Rica zu erweitern"},"content":{"rendered":"<p class=\"first\"> Managua, 2 jul (EFE).-eine Umweltsch\u00fctzer Organisation Nicaragua heute berichtet, die behauptete Sch\u00e4den Costa Ricas am S\u00fcdufer des R\u00edo San Juan, eine Klage gegen Costa Rica vor den Zentralamerikanischen Gerichtshof (CCJ), zu erweitern, die bereits die Stra\u00dfe Arbeit Stra\u00dfe verurteilt zu quantifizieren.<\/p>\n<p>Das Landgericht, mit Sitz in Managua, verurteilten Monday Costa Rica f\u00fcr den Bau der Stra\u00dfe als &#8220;von hohem Risiko und Umweltrisiko&#8221;, aber der costaricanischen Regierung das Urteil abgelehnt, weil die Zust\u00e4ndigkeit des Gerichtshofs nicht erkannt wird.<\/p>\n<p>Kamilo Lara, Koordinator des nationalen Forums Recycling (Fonare), eine der Organisationen, die nach Costa Rica die Stra\u00dfe verklagt, sagte Journalisten, die nach dem Urteil des regionalen, die Kosten f\u00fcr die behaupteten Sch\u00e4den bewerten werden, verursacht durch die Stra\u00dfe von 160 km.<\/p>\n<p>&#8220;Wird sein erweitern wir unsere Forderung wenn wir den Schaden beziffern&#8221; verursacht, R\u00edo San Juan, weil &#8220;Costa Rica f\u00fcr die Sch\u00e4den zahlen m\u00fcssen&#8221; Lara sagte, das w\u00fcrde das \u00d6kosystem in diesem Gebiet, erlitten haben.<\/p>\n<p>Der Zentralamerikanischen Gerichtshof einstimmig verurteilt den Bau der Stra\u00dfe und ordnete Costa Rica das Stra\u00dfenbauprojekt endg\u00fcltig auszusetzen.<\/p>\n<p>Costa Rica beschrieben, das Urteil als &#8220;unechte und illegitime&#8221; und k\u00fcndigte an, die es die M\u00f6glichkeit ergibt des R\u00fcckzugs aus dem System der zentralamerikanischen Integration (SICA), vor\u00fcbergehend, w\u00e4hrend Nicaragua die halbj\u00e4hrlichen Pr\u00e4sidentschaft der Agentur bis zum n\u00e4chsten Dezember aus\u00fcben.<\/p>\n<p>Durch den Bau der Stra\u00dfe, Nicaragua auch im Dezember nach Costa Rica vor dem internationalen Gerichtshof (IGH) mit Sitz in den Haag, Niederlande verklagt.<\/p>\n<p>Das fehlgeschlagene Landgericht gegen Costa Rica werden in Lara und einer der Vizepr\u00e4sidenten des Zentralamerikanischen Parlaments (Parlacen), der nicaraguanische Daniel Ortega Reyes, eine &#8220;starke Beweise&#8221; vor den IGH.<\/p>\n<p>Also, die Nicaragua-Regierung hat nicht gehandelt, auf die Anweisung, die heute durch den Zentralamerikanischen Gerichtshof ver\u00f6ffentlicht.<\/p>\n<p>Ist Landgericht hat zwei Richter von El Salvador, Honduras zwei und zwei Nicaragua, w\u00e4hrend Guatemala gerade Ernennung der zwei Richter und integrieren sie Costa Rica und Panama.<\/p>\n<p>-Image-Datei einer Panorama-Ansicht des San Juan Rivers. WireImage \/<\/p>\n","protected":false},"excerpt":{"rendered":"<p>Managua, 2 jul (EFE).-eine Umweltsch\u00fctzer Organisation Nicaragua heute berichtet, die behauptete Sch\u00e4den Costa Ricas am S\u00fcdufer des R\u00edo San Juan, eine Klage gegen Costa Rica vor den Zentralamerikanischen Gerichtshof (CCJ), zu erweitern, die bereits die Stra\u00dfe Arbeit Stra\u00dfe verurteilt zu quantifizieren. Das Landgericht, mit Sitz in Managua, verurteilten Monday Costa Rica f\u00fcr den Bau der [&hellip;]<\/p>\n","protected":false},"author":1,"featured_media":0,"comment_status":"close","ping_status":"open","sticky":false,"template":"","format":"standard","meta":{"footnotes":""},"categories":[3],"tags":[28283],"class_list":["post-16965","post","type-post","status-publish","format-standard","hentry","category-allgemeine","tag-nicaragua-ngo","et-doesnt-have-format-content","et_post_format-et-post-format-standard"],"_links":{"self":[{"href":"https:\/\/www.best-dentist-dentistry.com\/de\/wp-json\/wp\/v2\/posts\/16965","targetHints":{"allow":["GET"]}}],"collection":[{"href":"https:\/\/www.best-dentist-dentistry.com\/de\/wp-json\/wp\/v2\/posts"}],"about":[{"href":"https:\/\/www.best-dentist-dentistry.com\/de\/wp-json\/wp\/v2\/types\/post"}],"author":[{"embeddable":true,"href":"https:\/\/www.best-dentist-dentistry.com\/de\/wp-json\/wp\/v2\/users\/1"}],"replies":[{"embeddable":true,"href":"https:\/\/www.best-dentist-dentistry.com\/de\/wp-json\/wp\/v2\/comments?post=16965"}],"version-history":[{"count":0,"href":"https:\/\/www.best-dentist-dentistry.com\/de\/wp-json\/wp\/v2\/posts\/16965\/revisions"}],"wp:attachment":[{"href":"https:\/\/www.best-dentist-dentistry.com\/de\/wp-json\/wp\/v2\/media?parent=16965"}],"wp:term":[{"taxonomy":"category","embeddable":true,"href":"https:\/\/www.best-dentist-dentistry.com\/de\/wp-json\/wp\/v2\/categories?post=16965"},{"taxonomy":"post_tag","embeddable":true,"href":"https:\/\/www.best-dentist-dentistry.com\/de\/wp-json\/wp\/v2\/tags?post=16965"}],"curies":[{"name":"wp","href":"https:\/\/api.w.org\/{rel}","templated":true}]}}