{"id":17025,"date":"2012-09-23T02:25:33","date_gmt":"2012-09-23T02:25:33","guid":{"rendered":null},"modified":"-0001-11-30T00:00:00","modified_gmt":"-0001-11-30T00:00:00","slug":"analysis-do-spring-in-cubaij","status":"publish","type":"post","link":"https:\/\/www.best-dentist-dentistry.com\/de\/analysis-do-spring-in-cubaij\/17025","title":{"rendered":"Analyse   Fr\u00fchling in Kuba?"},"content":{"rendered":"<p class=\"first\"> Havanna (Reuters) &#8211; der Besuch von dem Papst Benedicto XVI in Kuba diese Woche markiert einen weiteren Meilenstein in der sorgf\u00e4ltigen Bem\u00fchungen der katholischen Kirche, seine Rolle bei der Insel kommunistische Regierung zu erh\u00f6hen.<\/p>\n<p>Kardinal von Havanna, Jaime Ortega, nannte es &#8220;ein Fr\u00fchling des Glaubens&#8221;.<\/p>\n<p>Obwohl es nicht klar ausgegeben, die drei Tage des Papstes in Kuba etwas \u00e4ndern wird, oder wie es tun konnte, so dass die Analysten sind sich einig, dass jede Vorstellung einer &#8220;Kubanische Fr\u00fchling&#8221; in Bezug auf politische Ver\u00e4nderung noch weit ist<\/p>\n<p>Auch so, scheint der Papstbesuch den wachsenden Einfluss der Kirche in der kubanischen Gesellschaft und Politik, eine \u00c4nderung, die potenziell positive in das Gleichgewicht der Kr\u00e4fte des sozialistischen Landes zementiert haben.<\/p>\n<p>&#8220;Hat die katholische Kirche in Kuba eine gr\u00f6\u00dfere Rolle genommen.&#8221; &#8220;Zum ersten Mal einen direkten Dialog mit der Regierung, die mit der nationalen Politik zu tun hat,&#8221; sagte Philip Peters, Experte in Kuba und Vizepr\u00e4sident des Lexington Institute, der in Havanna bei der Masse am Mittwoch anwesend war.<\/p>\n<p>&#8220;Die Kirche gr\u00f6\u00dfer und tiefer Wirtschaftsreformen dr\u00e4ngt auf.&#8221; &#8220;Und auch f\u00fcr eine politische \u00d6ffnung&#8221; hinzugef\u00fcgt.<\/p>\n<p>Die Kirche hofft, dass die Reise des Papstes vor allem helfen, glauben in Kuba, wieder zu beleben, wo die Religion war f\u00fcr Jahrzehnte nach der Revolution 1959 gebrandmarkt.<\/p>\n<p>Trotzdem der Kirche, wenn auch sehr nachgelassen, er \u00fcberlebte und ist immer noch die gr\u00f6\u00dfte und einflussreichste au\u00dferhalb der Regierung Tr\u00e4ger eine Tatsache, die kubanischen Machthaber scheinen eher bereit, jetzt und vielleicht zur Belohnung zu erkennen sein.<\/p>\n<p>Der Papst verwendet die Reise in seine Gespr\u00e4che mit Pr\u00e4sident Ra\u00fal Castro liefern eine Liste der Anforderungen an die R\u00fcckkehr der Karfreitag-Urlaub &#8211; f\u00fcr die knapp eine Woche- und einen besseren Zugang zu den Medien und den Schulen und Universit\u00e4ten ist.<\/p>\n<p>In der Tat, die Kirche hat gegeben in den letzten Jahren einige Schritte im Bildungsbereich bietet nach der Schule in einer Handvoll von Kirchen, sowie der Spanisch-katholischen bestellen die Piaristen Hochschule Klassen.<\/p>\n<p>Im vergangenen Jahr die Regierung sogar erlaubt der Kirche offen ein Programm des Master of Business Administration Teilzeit an einem Seminar in Havanna, mit Hilfe der Professoren von der katholischen Universit\u00e4t Spaniens.<\/p>\n<p>Beginn der HERZLICHKEIT<\/p>\n<p>Benedicto XVI Besuch findet 14 Jahre nach der historischen Reise von Juan Pablo II, die viele Kubaner als Beginn der Ann\u00e4herung zwischen Kirche und Regierung sehen.<\/p>\n<p>W\u00e4hrend Fidel Castro herzlich empfangen, der polnische Papst 1998, seinem Bruder und Pr\u00e4sident Ra\u00fal Castro wurde noch aufmerksamer, Teilnahme an die zwei Massen, die Benedicto XVI sitzen in der ersten Zeile amtierte.<\/p>\n<p>Kritiker, vor allem die Cubano-Estadounidenses Exilanten in Miamis harte Linie und einige Aktivisten der Menschenrechte in Kuba, betrachten Sie die Verbesserungen in den Beziehungen von Kirche und Staat als eine ungl\u00fcckliche Vernunftehe.<\/p>\n<p>Auch beschuldigen katholische F\u00fchrer der nicht genug tun, b\u00fcrgerliche Freiheiten Dissidentengruppen auf der Insel zu verteidigen, von der Regierung als S\u00f6ldner im Sold der USA als.<\/p>\n<p>Aber die Kirche antwortet, dass seine Beziehung mit der Regierung eine unvermeidliche Akzeptanz der kubanischen politischen Realit\u00e4t ist.<\/p>\n<p>&#8220;Die Kirche wird nicht ablehnen geradezu ein politisches System.&#8221; &#8220;Die Kirche immer Arbeit innerhalb der Grenzen eines Systems, M\u00f6glichkeiten zur Verbesserung der menschlichen Lebens und der Menschenw\u00fcrde zu finden&#8221;, sagte Vater Juan Molina, Direktor des lateinamerikanischen Angelegenheiten der Bischofskonferenz Katholiken USA.<\/p>\n<p>Aber die Kirche hat nicht beiseite die demokratische \u00d6ffnung.<\/p>\n<p>&#8220;w\u00e4hrend die Verbesserung der Beziehungen von Interesse sind sowohl f\u00fcr die katholische Kirche und die kubanische Regierung, ist auch klar, dass die Kirche eine politische Reform in der Insel sehen m\u00f6chte,&#8221; sagte Geoff Thale, Analyst bei dem Washingtoner B\u00fcro auf Lateinamerika, eine liberale Gruppe in der Provinz USA.<\/p>\n<p>&#8220;Kann nicht menschliche Problem Recht \u00c4nderungen in Kuba sofort als Ergebnis des Papstes sehen&#8221; besuchen, sagte Thale, f\u00fcgte hinzu, dass es &#8220;die F\u00e4higkeit der Kirche verst\u00e4rkt, er\u00f6ffnen R\u00e4ume f\u00fcr Dialog und Diskussion (welche) notwendig ist, ein Klima zu bauen, die Menschenrechte bevorzugt&#8221;.<\/p>\n<p>In seinen \u00f6ffentlichen Reden in Kuba, der Heilige Vater wiederholt mehrmals die Notwendigkeit &#8220;authentischen&#8221;, wesentliche Freiheiten bauen &#8220;erneuert und er\u00f6ffnete&#8221;.<\/p>\n<p>Bereiche des Abkommens<\/p>\n<p>Ra\u00fal Castro schien kein Problem damit haben, und in seinen abschlie\u00dfenden Bemerkungen vor der Abreise des Papstes bemerkte, dass er &#8220;viele und Tiefe&#8221; gefunden \u00fcbereinstimmt mit der Meldung des Bischof von Rom, aber &#8220;nat\u00fcrlich&#8221;, nicht auf alle Fragen.<\/p>\n<p>F\u00fcr Kuba, der Besuch bietet notwendige Legitimation internationalen Suche nach Akzeptanz, einmal das mehr so manchmal seine Hauptverb\u00fcndeten kommerziellen und politischen, Hugo Ch\u00e1vez, Krebsbek\u00e4mpfung eine unsichere Diagnose vor eng umk\u00e4mpfte Wahlen im Oktober die \u00d6l-Nation.<\/p>\n<p>Ein zentraler Bereich der \u00dcberlappung zwischen der Kirche und des kubanischen Executive ist die Notwendigkeit einer wirtschaftlichen Ver\u00e4nderungen, die den Lebensstandard auf der Insel ausl\u00f6sen.<\/p>\n<p>Da nahm er die Z\u00fcgel der Regierung von seinem Rekonvaleszenten Bruder vor fast sechs Jahren, trat Ra\u00fal Castro sch\u00fcchterne aber immer ehrgeizigere Wirtschaftsreformen das starre zentrale sowjetischem Modell, einschlie\u00dflich der Reduzierung der geschwollenen Zustand-Abrechnung und der Er\u00f6ffnung einige private Kleinunternehmen-Skala zu entspannen.<\/p>\n<p>Anerkennen, dass diese Reformen eine schwierige Anpassung f\u00fcr Kubaner, daran gew\u00f6hnt, Jahrzehnte Gesamt wirtschaftliche und soziale Orientierung, sind der Papst bot &#8220;konstruktiv&#8221; Unterst\u00fctzung der Kirche, &#8220;einen Geist des Dialogs, der verhindert, Traumata dass&#8221; zu unterst\u00fctzen.<\/p>\n<p>Die Nachricht der Erneuerung und der Vers\u00f6hnung in Kubaner, die Suche nach eine \u00c4nderung wider.<\/p>\n<p>&#8220;das Land braucht Wirtschaftsreformen und einer physischen Wiederaufbau, aber es ist eine harte Arbeit der moralischen Rekonstruktion als auch.&#8221; &#8220;Christentum kann uns helfen&#8221;, sagte Oscar Espinosa Chepe, eine moderate Stimme unter der kubanischen Dissidenten Bewegung der wurde im Jahr 2003 f\u00fcr &#8220;Verbrechen gegen den Staat&#8221; inhaftiert und hat 18 Monate sp\u00e4ter aus gesundheitlichen Gr\u00fcnden.<\/p>\n<p>Einige Kubaner bleiben skeptisch, was die Rolle der Kirche.<\/p>\n<p>&#8220;Die Kirche nicht mehr Gewicht in der Gesellschaft brauchen.&#8221; Ich glaube, dass die Gesellschaft funktioniert gut, wie es ist. &#8220;Wir haben (kostenlos)-Gesundheit und Bildung,&#8221; sagte Esperanza Gonz\u00e1lez, ehemaliger 66 Jahre alte Lehrerin, die Masse f\u00fcr den Papst in der Hauptstadt teilnahmen.<\/p>\n<p>&#8220;Wir sind bereit f\u00fcr Vers\u00f6hnung, aber ich glaube nicht, dass die Miami Verbannten wollen,&#8221; sagte.<\/p>\n<p>Aber der Papst-Botschaft ist unter den Exilkubanern, die zwar tr\u00e4umen \u00c4nderungen schneller und tiefgr\u00fcndig, auch die Hindernisse erkennen, durchdringt.<\/p>\n<p>&#8220;Keine \u00c4nderungen einer totalit\u00e4ren Gesellschaft f\u00fcr eine offene Gesellschaft ohne gro\u00dfe Schmerzen und viele Opfer&#8221;, sagte Carlos Saladrigas, ein kubanischer Gesch\u00e4ftsmann, der in Miami, befindet, die auf die Insel f\u00fcr seine Heiligkeit Messen reisten.<\/p>\n<p>&#8220;was die Kirche uns ermutigend ist, dass wir m\u00fcssen tun, was wir k\u00f6nnen, um ein einfacher Wechsel f\u00fcr alle Kubaner zu erleichtern&#8221;, hinzugef\u00fcgt.<\/p>\n<p>In den Worten von Erzbischof von Miami, Thomas Wenski, der eine Pilgerreise von Hunderten von Cubano-Estadounidenses auf Kuba Woche gef\u00fchrt: &rsquo;das Interesse des Heiligen Vaters und der Kirche hier in Kuba ist das, was auch immer die Art von \u00dcbergang, der auftritt, gibt es eine sanfte Landung,&rsquo;.<\/p>\n<p>\/ Pro David Adams \/<\/p>\n","protected":false},"excerpt":{"rendered":"<p>Havanna (Reuters) &#8211; der Besuch von dem Papst Benedicto XVI in Kuba diese Woche markiert einen weiteren Meilenstein in der sorgf\u00e4ltigen Bem\u00fchungen der katholischen Kirche, seine Rolle bei der Insel kommunistische Regierung zu erh\u00f6hen. Kardinal von Havanna, Jaime Ortega, nannte es &#8220;ein Fr\u00fchling des Glaubens&#8221;. Obwohl es nicht klar ausgegeben, die drei Tage des Papstes [&hellip;]<\/p>\n","protected":false},"author":1,"featured_media":0,"comment_status":"close","ping_status":"open","sticky":false,"template":"","format":"standard","meta":{"footnotes":""},"categories":[3],"tags":[28330],"class_list":["post-17025","post","type-post","status-publish","format-standard","hentry","category-allgemeine","tag---frhling","et-doesnt-have-format-content","et_post_format-et-post-format-standard"],"_links":{"self":[{"href":"https:\/\/www.best-dentist-dentistry.com\/de\/wp-json\/wp\/v2\/posts\/17025","targetHints":{"allow":["GET"]}}],"collection":[{"href":"https:\/\/www.best-dentist-dentistry.com\/de\/wp-json\/wp\/v2\/posts"}],"about":[{"href":"https:\/\/www.best-dentist-dentistry.com\/de\/wp-json\/wp\/v2\/types\/post"}],"author":[{"embeddable":true,"href":"https:\/\/www.best-dentist-dentistry.com\/de\/wp-json\/wp\/v2\/users\/1"}],"replies":[{"embeddable":true,"href":"https:\/\/www.best-dentist-dentistry.com\/de\/wp-json\/wp\/v2\/comments?post=17025"}],"version-history":[{"count":0,"href":"https:\/\/www.best-dentist-dentistry.com\/de\/wp-json\/wp\/v2\/posts\/17025\/revisions"}],"wp:attachment":[{"href":"https:\/\/www.best-dentist-dentistry.com\/de\/wp-json\/wp\/v2\/media?parent=17025"}],"wp:term":[{"taxonomy":"category","embeddable":true,"href":"https:\/\/www.best-dentist-dentistry.com\/de\/wp-json\/wp\/v2\/categories?post=17025"},{"taxonomy":"post_tag","embeddable":true,"href":"https:\/\/www.best-dentist-dentistry.com\/de\/wp-json\/wp\/v2\/tags?post=17025"}],"curies":[{"name":"wp","href":"https:\/\/api.w.org\/{rel}","templated":true}]}}