{"id":17030,"date":"2012-09-23T02:25:53","date_gmt":"2012-09-23T02:25:53","guid":{"rendered":null},"modified":"-0001-11-30T00:00:00","modified_gmt":"-0001-11-30T00:00:00","slug":"ecuador-will-defend-in-rio-20-good-living-nature-and-biodiversity","status":"publish","type":"post","link":"https:\/\/www.best-dentist-dentistry.com\/de\/ecuador-will-defend-in-rio-20-good-living-nature-and-biodiversity\/17030","title":{"rendered":"Ecuador wird in Rio + 20 &#8220;gutes Leben&#8221;, Natur und biologische Vielfalt verteidigen."},"content":{"rendered":"<p class=\"first\"> <span class=\"yshortcuts\" id=\"lw_1333115696_0\"> Paris<\/span>, 30 M\u00e4r (<span class=\"yshortcuts\" id=\"lw_1333115696_1\"> EFE<\/span>).-F\u00f6rderung das &#8220;gute Leben&#8221;, verabschieden eine <span class=\"yshortcuts\" id=\"lw_1333115696_2\"> Universelle Erkl\u00e4rung<\/span> der <span class=\"yshortcuts\" id=\"lw_1333115696_3\"> Natur<\/span>, Schaffung einer <span class=\"yshortcuts\" id=\"lw_1333115696_4\"> neuen Architektur<\/span> <span class=\"yshortcuts\" id=\"lw_1333115696_5\"> globale finanzielle<\/span> und zum Schutz der <span class=\"yshortcuts\" id=\"lw_1333115696_6\"> kulturellen Vielfalt<\/span> sind <span class=\"yshortcuts\" id=\"lw_1333115696_7\"> die vier<\/span> <span class=\"yshortcuts\" id=\"lw_1333115696_8\"> S\u00e4ulen<\/span> der nachhaltigen Entwicklung, die Ecuador Juni n\u00e4chsten Jahres bei der Konferenz Rio + 20 verteidigen wird.<\/p>\n<p>Der ecuadorianischen Minister-Koordinator des Erbes, Mar\u00eda Fernanda Espinosa, hat gerade ihnen pr\u00e4sentiert auf dem internationalen Forum der Kurs Probleme zu Rio + 20 in Paris, organisiert von der franz\u00f6sischen nationalen Forschung National Center und der wandernden Universit\u00e4t, gegr\u00fcndet durch Soziologen Edgar Morin, sagte in einem Interview mit Efe.<\/p>\n<p>&#8220;Leider &#8211; hervorgehoben-, ganzen K\u00f6rper institutionelle und rechtliche Mandat, dass wir die 193 L\u00e4ndern des Systems vor 20 Jahren \u00fcbernehmen extrem schwachen Weise erf\u00fcllt worden&#8221;.<\/p>\n<p>F\u00fcr Ecuador, Rio + 20 &#8220;eine Plattform, die Agenda der nachhaltigen Entwicklung zu aktualisieren&#8221; ist und was waren diese zwanzig Jahre im Hinblick auf die Einhaltung der multilateralen Umweltabkommen z. B. die \u00dcbereinkommen \u00fcber Klima-\u00c4nderung und die biologische Vielfalt oder die Grunds\u00e4tze \u00fcber W\u00e4lder und W\u00fcstenbildung zu beurteilen.<\/p>\n<p>Sollte auch ein &#8220;Gleichgewicht wie die zehn Prinzipien des Flusses, traf die &#39; die Agenda 21 &#39; und den Aktionsplan von Johannesburg, nach der Auswertung machte 2002&#8221;, f\u00fcgte er hinzu.<\/p>\n<p>Betont, in diesem Zusammenhang das obwohl &#8220;vielen L\u00e4ndern sagen, dass es nicht Zeit zu bewerten, dass wir in die Zukunft schauen muss,&#8221; geht nicht &#8220;Failure Analysis, gr\u00fcndlich, kritisch, selbstkritisch was sie diesen zwanzig Jahren wurden&#8221;.<\/p>\n<p>Des ecuadorianischen Vorschlags Espinosa unterstrichen die absolute Notwendigkeit &rsquo; eine vierte S\u00e4ule &rsquo;, kulturelle Vielfalt, &#8220;zu den drei Achsen der sogenannten nachhaltigen Entwicklung, die wirtschaftlichen, sozialen und \u00f6kologischen&#8221;.<\/p>\n<p>&#8220;Wir sind uns bewusst, dass viel von der Inspiration f\u00fcr die Entwicklung eines neuen Typs von den Beitrag unserer V\u00f6lker und indigenen Nationalit\u00e4ten, kommt&#8221; als das &#8220;gute Leben&#8221; Konzept &#8220;Leben in F\u00fclle&#8221; der indigenen V\u00f6lker der Anden hervorgehoben entnommen.<\/p>\n<p>Auch daran erinnert, dass die ecuadorianische Verfassung der einzige auf dem Planeten ist &#8220;die erkennt Rechte zur Natur, was passiert, wenn ein Objekt, ein Gegenstand der Rechte&#8221;.<\/p>\n<p>Durch welche Ecuador vorschlagen, eine allgemeine Erkl\u00e4rung f\u00fcr die Rechte der Natur, einen &#8220;Pakt politischer und ethischer auf globaler Ebene zu sch\u00fctzen und pflegen ihre Existenz und ihre \u00f6kologischen Funktionen und sein Existenzrecht&#8221; in Rio.<\/p>\n<p>&#8220;Wir wissen, dass es nicht einfach&#8221; und es wird ein langer Prozess des Aushandelns, aber die Mitgliedsl\u00e4nder der INFOREVOLUTION (Gemeinschaft der L\u00e4nder Lateinamerikas und der Karibik) bereits verabschiedet die Idee, betonte er.<\/p>\n<p>Auch betont, dass f\u00fcr Ecuador &#8220;nicht dass der einzige Weg zur Entwicklung denken kann&#8221; die Optimierung der Gewinn, der Ansammlung und Wachstum ist, also es stellt in Frage, das Wachstum ohne Qualit\u00e4t und wertet die M\u00f6glichkeit zu &#8220;verteilen und Ressourcen besser nutzen&#8221; anstatt wachsen.<\/p>\n<p>Im Bereich Governance, f\u00fcgte er hinzu, Ecuador will &#8220;liefern konkrete Mechanismen zur nachhaltigen Entwicklung zu finanzieren&#8221;, Weg von jenen verwendet jetzt: Flexibilit\u00e4t und die Abnahme der Umweltstandards bei der Produktion der Arbeitskr\u00e4fte.<\/p>\n<p>&#8220;Optimize profitiert, die Besessenheit unserer kapitalistischen Welt&#8221;, k\u00f6nnte auch erstellen zwei verschiedene Steuern auf internationale Finanztransaktionen und den Verbrauch von fossilen Brennstoffen und ein System der &#8220;Netto-Emissionen vermeiden&#8221;, wie von der Gemeinschaftsinitiative Umweltsch\u00fctzer Yasun\u00ed-ITT, betrachtet. EFE<\/p>\n","protected":false},"excerpt":{"rendered":"<p>Paris, 30 M\u00e4r ( EFE).-F\u00f6rderung das &#8220;gute Leben&#8221;, verabschieden eine Universelle Erkl\u00e4rung der Natur, Schaffung einer neuen Architektur globale finanzielle und zum Schutz der kulturellen Vielfalt sind die vier S\u00e4ulen der nachhaltigen Entwicklung, die Ecuador Juni n\u00e4chsten Jahres bei der Konferenz Rio + 20 verteidigen wird. Der ecuadorianischen Minister-Koordinator des Erbes, Mar\u00eda Fernanda Espinosa, hat [&hellip;]<\/p>\n","protected":false},"author":1,"featured_media":0,"comment_status":"close","ping_status":"open","sticky":false,"template":"","format":"standard","meta":{"footnotes":""},"categories":[3],"tags":[28330],"class_list":["post-17030","post","type-post","status-publish","format-standard","hentry","category-allgemeine","tag---frhling","et-doesnt-have-format-content","et_post_format-et-post-format-standard"],"_links":{"self":[{"href":"https:\/\/www.best-dentist-dentistry.com\/de\/wp-json\/wp\/v2\/posts\/17030","targetHints":{"allow":["GET"]}}],"collection":[{"href":"https:\/\/www.best-dentist-dentistry.com\/de\/wp-json\/wp\/v2\/posts"}],"about":[{"href":"https:\/\/www.best-dentist-dentistry.com\/de\/wp-json\/wp\/v2\/types\/post"}],"author":[{"embeddable":true,"href":"https:\/\/www.best-dentist-dentistry.com\/de\/wp-json\/wp\/v2\/users\/1"}],"replies":[{"embeddable":true,"href":"https:\/\/www.best-dentist-dentistry.com\/de\/wp-json\/wp\/v2\/comments?post=17030"}],"version-history":[{"count":0,"href":"https:\/\/www.best-dentist-dentistry.com\/de\/wp-json\/wp\/v2\/posts\/17030\/revisions"}],"wp:attachment":[{"href":"https:\/\/www.best-dentist-dentistry.com\/de\/wp-json\/wp\/v2\/media?parent=17030"}],"wp:term":[{"taxonomy":"category","embeddable":true,"href":"https:\/\/www.best-dentist-dentistry.com\/de\/wp-json\/wp\/v2\/categories?post=17030"},{"taxonomy":"post_tag","embeddable":true,"href":"https:\/\/www.best-dentist-dentistry.com\/de\/wp-json\/wp\/v2\/tags?post=17030"}],"curies":[{"name":"wp","href":"https:\/\/api.w.org\/{rel}","templated":true}]}}