{"id":17066,"date":"2012-09-23T02:30:13","date_gmt":"2012-09-23T02:30:13","guid":{"rendered":null},"modified":"-0001-11-30T00:00:00","modified_gmt":"-0001-11-30T00:00:00","slug":"black-cherry-defends-reform-package-that-rajoy-makes-forconviction-in-catalonia","status":"publish","type":"post","link":"https:\/\/www.best-dentist-dentistry.com\/de\/black-cherry-defends-reform-package-that-rajoy-makes-forconviction-in-catalonia\/17066","title":{"rendered":"Black Cherry verteidigt Reformpaket, das macht Rajoy &#8220;Verurteilung&#8221; in Katalonien"},"content":{"rendered":"<p class=\"first\"> er gesteht, dass vor <span class=\"yshortcuts\" id=\"lw_1334160947_0\"> ein paar Monaten<\/span> weniger pessimistisch und prognostiziert Wachstum positiv bis 2013<\/p>\n<p><span class=\"yshortcuts\" id=\"lw_1334160947_1\"> BARCELONA<\/span>, 11 (<span class=\"yshortcuts\" id=\"lw_1334160947_2\"> EUROPA PRESS<\/span>)<\/p>\n<p>Die <span class=\"yshortcuts\" id=\"lw_1334160947_3\"> Minister der Wirtschaft<\/span> und die Wettbewerbsf\u00e4higkeit, Luis De Guindos, Mittwoch verteidigte das Paket von Reformen, die die Regierung durchgef\u00fchrt hat und hat daf\u00fcr gesorgt, dass die Reformen und den Haushalt gemacht hat &#8220;aus eigenen \u00dcberzeugung und nicht durch Druck der M\u00e4rkte oder weil es aus auferlegt wurde au\u00dferhalb&#8221;.<\/p>\n<p>De Guindos hatte in ein Almuerzo-Coloquio in Fomento del Trabajo, bekr\u00e4ftigte, dass Spanien eine Reform der Gesundheitsf\u00fcrsorge und Bildung braucht auf ihre Nachhaltigkeit auf lange Sicht zu gew\u00e4hrleisten, so dass es den Schnitt von 10 Milliarden Euro verteidigt hat, die die Regierung Montag in einer Pressemitteilung angek\u00fcndigt.<\/p>\n<p>Hat versichert, dass alle Reformen, einschlie\u00dflich der Gesundheits- und Bildungswesen, Teil einer Roadmap der Exekutive sind und das &#8220;\u00fcberhaupt nicht, durch Auferlegung&#8221; zu tun, aber er zugegeben hat, dass &#8220;Sie um Mitteilung vers\u00e4umt haben k\u00f6nnen&#8221;.<\/p>\n<p>Nach De Guindos, die einzige alternative zu garantieren eine universelle Qualit\u00e4t und nachhaltige \u00f6ffentliche Gesundheit ist &#8220;in den Prozess der Rationalisierung voraus&#8221;, denn wenn nicht, es sagte, es ein unausf\u00fchrbar System ist.<\/p>\n<p>&#8220;Was wir bisher hatten war sehr schwierig, in Zukunft pflegen.&#8221; &#8220;Wenn wir \u00f6ffentliche Dienste von Qualit\u00e4t wollen, ist notwendig, um Reformen&#8221;, wurde hinzugef\u00fcgt.<\/p>\n<p>&#8220;Die Hauptfeinde der \u00f6ffentlichen System von Dienstleistungen sind die, die sich weigern, Reformen zu machen&#8221; hat sich eingelebt.<\/p>\n<p>Verteidigung der Arbeitsreform<\/p>\n<p>Der Minister f\u00fcr Wirtschaft hat auch die Reform der Arbeit verteidigt und ermutigte Unternehmer verwendet, um die Schaffung von Arbeitspl\u00e4tzen, da festgestellt wurde, dass der Staat nicht tun kann, zur\u00fcck.<\/p>\n<p>&#8220;Haben nie, in den letzten Jahrzehnten so viele M\u00f6glichkeiten zur Schaffung von Arbeitspl\u00e4tzen gegeben.&#8221; &#8220;Sie haben nutzen sie und verwenden sie&#8221;, sagte vor Hunderte von Pers\u00f6nlichkeiten aus katalanischen Unternehmer.<\/p>\n<p>Unter den Anwesenden auf das Mittagessen waren, der Pr\u00e4sident des Aufbaus der Arbeit, Joaquim Montella Gay; Generaldirektor der La Caixa, Juan Mar\u00eda Nin; der Pr\u00e4sident Abertis, Salvador Alemany, der Pr\u00e4sident der Barcelona Stock Exchange, Joan Hortal\u00e0, und der Pr\u00e4sident von der Spanisch Association of Directors (AED), Ramon Adell.<\/p>\n<p>Auch von Politikern besucht, als Minister f\u00fcr Wirtschaft und wissen, Andreu Mas-Colell; Katalanisch, PP Alicia S\u00e1nchez-Camacho, Pr\u00e4sident und der spezielle Delegat des Staates in das Consorcio De La Zona Franca, Jordi Cornet.<\/p>\n<p>Weniger PESSIMISTISCH<\/p>\n<p>De Guindos sagte, dass die Regierung die Prognose von negativem Wachstum von 1,7 Prozent des BIP f\u00fcr das laufende Jahr beibehalten, aber wurde optimistischer ein paar Monate zur\u00fcck.<\/p>\n<p>&#8220;Vor ein paar Monaten, die wir gehofft hatten, dass im erste Quartal dieses Jahres w\u00e4re eher negativ gewesen, aber der Eindruck, die wir jetzt nicht der Fall ist.&#8221; &#8220;Wird weiterhin die Zerst\u00f6rung der Besch\u00e4ftigung ohne einen Zweifel, aber nicht gehen weiterhin die intensive Beschleunigung, wir seit Mitte letzten Jahres Leben,&#8221; argumentierte.<\/p>\n<p>Darauf hingewiesen, dass es beginnt, eine Stabilisierung der Spanien-Sch\u00e4den zu sehen, was wird im kommenden Jahr &#8220;etwas positives Rekordwachstum&#8221; zulassen.<\/p>\n<p>&#8220;Reformen, fr\u00fcher als sp\u00e4ter, seine Wirkungen machen.&#8221; &#8220;Ich bin \u00fcberzeugt, das die Sonne aufgehen wird&#8221;, schloss er.<\/p>\n","protected":false},"excerpt":{"rendered":"<p>er gesteht, dass vor ein paar Monaten weniger pessimistisch und prognostiziert Wachstum positiv bis 2013 BARCELONA, 11 ( EUROPA PRESS) Die Minister der Wirtschaft und die Wettbewerbsf\u00e4higkeit, Luis De Guindos, Mittwoch verteidigte das Paket von Reformen, die die Regierung durchgef\u00fchrt hat und hat daf\u00fcr gesorgt, dass die Reformen und den Haushalt gemacht hat &#8220;aus eigenen [&hellip;]<\/p>\n","protected":false},"author":1,"featured_media":0,"comment_status":"close","ping_status":"open","sticky":false,"template":"","format":"standard","meta":{"footnotes":""},"categories":[3],"tags":[28348],"class_list":["post-17066","post","type-post","status-publish","format-standard","hentry","category-allgemeine","tag-co-machbar","et-doesnt-have-format-content","et_post_format-et-post-format-standard"],"_links":{"self":[{"href":"https:\/\/www.best-dentist-dentistry.com\/de\/wp-json\/wp\/v2\/posts\/17066","targetHints":{"allow":["GET"]}}],"collection":[{"href":"https:\/\/www.best-dentist-dentistry.com\/de\/wp-json\/wp\/v2\/posts"}],"about":[{"href":"https:\/\/www.best-dentist-dentistry.com\/de\/wp-json\/wp\/v2\/types\/post"}],"author":[{"embeddable":true,"href":"https:\/\/www.best-dentist-dentistry.com\/de\/wp-json\/wp\/v2\/users\/1"}],"replies":[{"embeddable":true,"href":"https:\/\/www.best-dentist-dentistry.com\/de\/wp-json\/wp\/v2\/comments?post=17066"}],"version-history":[{"count":0,"href":"https:\/\/www.best-dentist-dentistry.com\/de\/wp-json\/wp\/v2\/posts\/17066\/revisions"}],"wp:attachment":[{"href":"https:\/\/www.best-dentist-dentistry.com\/de\/wp-json\/wp\/v2\/media?parent=17066"}],"wp:term":[{"taxonomy":"category","embeddable":true,"href":"https:\/\/www.best-dentist-dentistry.com\/de\/wp-json\/wp\/v2\/categories?post=17066"},{"taxonomy":"post_tag","embeddable":true,"href":"https:\/\/www.best-dentist-dentistry.com\/de\/wp-json\/wp\/v2\/tags?post=17066"}],"curies":[{"name":"wp","href":"https:\/\/api.w.org\/{rel}","templated":true}]}}