{"id":17149,"date":"2012-09-23T02:37:34","date_gmt":"2012-09-23T02:37:34","guid":{"rendered":null},"modified":"-0001-11-30T00:00:00","modified_gmt":"-0001-11-30T00:00:00","slug":"Evo-Morales-ruht-sich-zwei-Tage-lang-durch-eine-Infektion","status":"publish","type":"post","link":"https:\/\/www.best-dentist-dentistry.com\/de\/Evo-Morales-ruht-sich-zwei-Tage-lang-durch-eine-Infektion\/17149","title":{"rendered":"Evo Morales ruht sich zwei Tage lang durch eine Infektion"},"content":{"rendered":"<p class=\"first\"> <span class=\"yshortcuts\" id=\"lw_1335312860_5\"> La Paz<\/span>, 24 APR (EFE).-<span class=\"yshortcuts\" id=\"lw_1335312860_1\"> The Boliviens Pr\u00e4sident<\/span>, <span class=\"yshortcuts\" id=\"lw_1335312860_0\"> Evo Morales<\/span>, leiden, eine Infektion, die ihn daran gehindert hat, Adressierung seiner \u00f6ffentlichen Agenda in <span class=\"yshortcuts\" id=\"lw_1335312860_8\"> den letzten zwei Tagen<\/span>, sagte heute sein Vizepr\u00e4sident Alvaro Garc\u00eda Linera.<\/p>\n<p>In einer Zeremonie in der n\u00f6rdlichen Region von Pando, an der Grenze zu Brasilien, Linera sagte, dass Morales, 52, &#8220;hat eine starke Infektion gegeben&#8221;, aber nicht angeben, welche Art.<\/p>\n<p>&#8220;Gezwungen die \u00c4rzte ihn in La Paz bleiben.&#8221; Gestern hat nicht reiste, heute wurde nicht in der Lage zu reisen. &#8220;Wir hoffen, dass morgen unser Pr\u00e4sident wiederhergestellt werden kann, nicht mehr etwas Ernst&#8221;, hinzugef\u00fcgt.<\/p>\n<p>Stunden sp\u00e4ter Minister f\u00fcr Kommunikation, Amanda D\u00e1vila, sagte den Medien, dass Morales &#8220;Gesundheit&#8221; und darauf hingewiesen, dass er nur eine Infektion der Atemwege oder Grippe zwischen Sonntag und Montag, erlitten aber die jetzt erholt hat, funktioniert normal in den Regierungspalast.<\/p>\n<p>&#8220;Bereits in den kommenden Tagen der Pr\u00e4sidenten komplett Ersatz von Grippe werden,&#8221; sagte Davila und stellte fest, dass seine Kollegen Morales k\u00f6nnen nicht diese Tage gefragt haben, um zu verhindern, dass die Temperaturver\u00e4nderungen, die Sie Reisen.<\/p>\n<p>Im M\u00e4rz Morales wurde daraufhin dringend in einer Privatklinik in der zentralen Stadt Cochabamba und seinem Zeitplan, nach der ersten offiziellen Fassungen f\u00fcr routinem\u00e4\u00dfige medizinische Vorsorgeuntersuchungen ausgesetzt, aber dann die Regierung sprach von &#8220;M\u00fcdigkeit&#8221; Quellen, ohne vorherige Ank\u00fcndigung.<\/p>\n<p>&#8220;Wie die Sonne (Pr\u00e4sident) geht von einer Seite zur anderen und, die der K\u00f6rper h\u00e4lt nicht.&#8221; &#8220;Sechs Jahre des Lebens sind also seit 22. Januar 2006 des Pr\u00e4sidenten, das Tempo so weit, und jede Maschine hat seine Probleme,&#8221; sagte dann Linera.<\/p>\n<p>Morales wurde zwei Tage sp\u00e4ter auf Empfehlung der \u00c4rzte &#8220;Pflege f\u00fcr ihre Nahrung&#8221; entlassen und ihre Zeitpl\u00e4ne f\u00fcr Mahlzeiten, hinzugef\u00fcgt am diesem Anlass-Beamten zu bereinigen.<\/p>\n<p>Bekannt f\u00fcr wenig Schlaf und Beschw\u00f6rung von Botschaftern oder Milit\u00e4r vor der Morgend\u00e4mmerung, Morales empfohlen im Januar, dass seine Minister, der sie schlafen gut, weil es ist wichtiger zu bleiben um zu essen, da &#8220;Wenn Sie nicht schlafen, man leicht verr\u00fcckt werden kann&#8221;,.<\/p>\n<p>Bolivianischen Pr\u00e4sidenten operiert im November von einer Sehnenentz\u00fcndung im linken Knie in der gleichen Klinik in Cochabamba wurde ins Krankenhaus eingeliefert March. Letzter<\/p>\n","protected":false},"excerpt":{"rendered":"<p>La Paz, 24 APR (EFE).- The Boliviens Pr\u00e4sident, Evo Morales, leiden, eine Infektion, die ihn daran gehindert hat, Adressierung seiner \u00f6ffentlichen Agenda in den letzten zwei Tagen, sagte heute sein Vizepr\u00e4sident Alvaro Garc\u00eda Linera. In einer Zeremonie in der n\u00f6rdlichen Region von Pando, an der Grenze zu Brasilien, Linera sagte, dass Morales, 52, &#8220;hat eine [&hellip;]<\/p>\n","protected":false},"author":1,"featured_media":0,"comment_status":"close","ping_status":"open","sticky":false,"template":"","format":"standard","meta":{"footnotes":""},"categories":[3],"tags":[28389,28388],"class_list":["post-17149","post","type-post","status-publish","format-standard","hentry","category-allgemeine","tag-ruht","tag-us-vizeprsident","et-doesnt-have-format-content","et_post_format-et-post-format-standard"],"_links":{"self":[{"href":"https:\/\/www.best-dentist-dentistry.com\/de\/wp-json\/wp\/v2\/posts\/17149","targetHints":{"allow":["GET"]}}],"collection":[{"href":"https:\/\/www.best-dentist-dentistry.com\/de\/wp-json\/wp\/v2\/posts"}],"about":[{"href":"https:\/\/www.best-dentist-dentistry.com\/de\/wp-json\/wp\/v2\/types\/post"}],"author":[{"embeddable":true,"href":"https:\/\/www.best-dentist-dentistry.com\/de\/wp-json\/wp\/v2\/users\/1"}],"replies":[{"embeddable":true,"href":"https:\/\/www.best-dentist-dentistry.com\/de\/wp-json\/wp\/v2\/comments?post=17149"}],"version-history":[{"count":0,"href":"https:\/\/www.best-dentist-dentistry.com\/de\/wp-json\/wp\/v2\/posts\/17149\/revisions"}],"wp:attachment":[{"href":"https:\/\/www.best-dentist-dentistry.com\/de\/wp-json\/wp\/v2\/media?parent=17149"}],"wp:term":[{"taxonomy":"category","embeddable":true,"href":"https:\/\/www.best-dentist-dentistry.com\/de\/wp-json\/wp\/v2\/categories?post=17149"},{"taxonomy":"post_tag","embeddable":true,"href":"https:\/\/www.best-dentist-dentistry.com\/de\/wp-json\/wp\/v2\/tags?post=17149"}],"curies":[{"name":"wp","href":"https:\/\/api.w.org\/{rel}","templated":true}]}}