{"id":17234,"date":"2012-09-24T02:24:02","date_gmt":"2012-09-24T02:24:02","guid":{"rendered":null},"modified":"-0001-11-30T00:00:00","modified_gmt":"-0001-11-30T00:00:00","slug":"argentina-will-preside-for-two-years-the-latin-american-conference-of-the-fao","status":"publish","type":"post","link":"https:\/\/www.best-dentist-dentistry.com\/de\/argentina-will-preside-for-two-years-the-latin-american-conference-of-the-fao\/17234","title":{"rendered":"Argentinien wird f\u00fcr zwei Jahre die Lateinamerika Konferenz der FAO pr\u00e4sidieren."},"content":{"rendered":"<p class=\"first\"> Buenos Aires, 30 M\u00e4r (EFE).-Argentinien wird in den n\u00e4chsten zwei Jahren den Vorsitz, die Regional Conference von Lateinamerika und der Karibik von der UN-Organisation f\u00fcr Landwirtschaft und Ern\u00e4hrung Organisation (FAO), heute zu Efe Quellen der Organisation best\u00e4tigt.<\/p>\n<p>Die Wahl von Argentinien an die Regionalkonferenz Stuhl wurde vom Generaldirektor der FAO, Jos\u00e9 Graziano Da Silva, im Rahmen einer Sitzung der Minister of Agriculture von Lateinamerika und der Karibik, die heute in Buenos Aires schlie\u00dft angek\u00fcndigt.<\/p>\n<p>Das Treffen zwischen Vertretern der 32 L\u00e4nder in der Region am vergangenen Montag den wichtigsten Herausforderungen der internationalen Lebensmittel- und landwirtschaftlichen Tagesordnung und Priorit\u00e4ten, die weiterhin an FAO in den n\u00e4chsten zwei Jahren soll.<\/p>\n<p>&#8220;Wir wissen, dass die Ern\u00e4hrungssicherheit h\u00e4ngt von Ma\u00dfnahmen im Bereich des sozialen, wirtschaftlichen und produktiven, und wir wissen auch die beteiligten politisches Engagement nicht nur der Regierung, sondern eine ganze Gesellschaft,&#8221; sagte dieser Donnerstag Graziano da Silva.<\/p>\n<p>Der Direktor der FAO unterstrichen &#8220;erh\u00f6hen globalen Nahrungsmittelproduktion um 70 Prozent auf eine Bev\u00f6lkerung zu ern\u00e4hren, die 9 Milliarden Menschen im Jahr 2050 erreichen werden&#8221;,.<\/p>\n<p>The Latin America Initiative und der Karibik ohne Hunger getrieben im Jahr 2005 von Brasilien und Guatemala im Bereich der FAO, ist ein Ziel vor 2025, wie er erinnerte Graziano da Silva. EFE<\/p>\n","protected":false},"excerpt":{"rendered":"<p>Buenos Aires, 30 M\u00e4r (EFE).-Argentinien wird in den n\u00e4chsten zwei Jahren den Vorsitz, die Regional Conference von Lateinamerika und der Karibik von der UN-Organisation f\u00fcr Landwirtschaft und Ern\u00e4hrung Organisation (FAO), heute zu Efe Quellen der Organisation best\u00e4tigt. Die Wahl von Argentinien an die Regionalkonferenz Stuhl wurde vom Generaldirektor der FAO, Jos\u00e9 Graziano Da Silva, im [&hellip;]<\/p>\n","protected":false},"author":1,"featured_media":0,"comment_status":"close","ping_status":"open","sticky":false,"template":"","format":"standard","meta":{"footnotes":""},"categories":[3],"tags":[28473,28472],"class_list":["post-17234","post","type-post","status-publish","format-standard","hentry","category-allgemeine","tag-prsidieren","tag-traumatischen","et-doesnt-have-format-content","et_post_format-et-post-format-standard"],"_links":{"self":[{"href":"https:\/\/www.best-dentist-dentistry.com\/de\/wp-json\/wp\/v2\/posts\/17234","targetHints":{"allow":["GET"]}}],"collection":[{"href":"https:\/\/www.best-dentist-dentistry.com\/de\/wp-json\/wp\/v2\/posts"}],"about":[{"href":"https:\/\/www.best-dentist-dentistry.com\/de\/wp-json\/wp\/v2\/types\/post"}],"author":[{"embeddable":true,"href":"https:\/\/www.best-dentist-dentistry.com\/de\/wp-json\/wp\/v2\/users\/1"}],"replies":[{"embeddable":true,"href":"https:\/\/www.best-dentist-dentistry.com\/de\/wp-json\/wp\/v2\/comments?post=17234"}],"version-history":[{"count":0,"href":"https:\/\/www.best-dentist-dentistry.com\/de\/wp-json\/wp\/v2\/posts\/17234\/revisions"}],"wp:attachment":[{"href":"https:\/\/www.best-dentist-dentistry.com\/de\/wp-json\/wp\/v2\/media?parent=17234"}],"wp:term":[{"taxonomy":"category","embeddable":true,"href":"https:\/\/www.best-dentist-dentistry.com\/de\/wp-json\/wp\/v2\/categories?post=17234"},{"taxonomy":"post_tag","embeddable":true,"href":"https:\/\/www.best-dentist-dentistry.com\/de\/wp-json\/wp\/v2\/tags?post=17234"}],"curies":[{"name":"wp","href":"https:\/\/api.w.org\/{rel}","templated":true}]}}