{"id":17239,"date":"2012-09-24T02:24:55","date_gmt":"2012-09-24T02:24:55","guid":{"rendered":null},"modified":"-0001-11-30T00:00:00","modified_gmt":"-0001-11-30T00:00:00","slug":"three-ministers-and-the-general-state-prosecutor-will-meet-with-associations-of-stolen-children","status":"publish","type":"post","link":"https:\/\/www.best-dentist-dentistry.com\/de\/three-ministers-and-the-general-state-prosecutor-will-meet-with-associations-of-stolen-children\/17239","title":{"rendered":"Drei Minister und die allgemeine Staatsanwaltschaft treffen sich mit den Verb\u00e4nden der Gestohlene Kinder"},"content":{"rendered":"<p class=\"first\"> <span class=\"yshortcuts\" id=\"lw_1333366600_0\"> Madrid<\/span>, 2 <span class=\"yshortcuts\" id=\"lw_1333366600_1\"> APR<\/span> (<span class=\"yshortcuts\" id=\"lw_1333366600_2\"> EFE<\/span>)-die <span class=\"yshortcuts\" id=\"lw_1333366600_3\"> Minister<\/span> f\u00fcr Inneres, Justiz und <span class=\"yshortcuts\" id=\"lw_1333366600_4\"> Gesundheit<\/span>, <span class=\"yshortcuts\" id=\"lw_1333366600_5\"> Jorge Fern\u00e1ndez<\/span>, <span class=\"yshortcuts\" id=\"lw_1333366600_6\"> Alberto Ruiz-Gallard\u00f3n<\/span> und <span class=\"yshortcuts\" id=\"lw_1333366600_7\"> Ana Mato<\/span>, beziehungsweise, sowie den Zustand <span class=\"yshortcuts\" id=\"lw_1333366600_8\"> Attorney General<\/span>, Eduardo Torres-Dulce, Treffen am 12. April mit den Verb\u00e4nden der betroffenen die Ursache f\u00fcr die &#8220;gestohlenen Kinder&#8221;.<\/p>\n<p>So best\u00e4tigt es zu Efe Quellen der Gerechtigkeit, die haben darauf hingewiesen, dass dieses Treffen &#8220;high Level&#8221; reagiert auf das Engagement der Gesch\u00e4ftsleitung mit den betroffenen durch diese Ursache, die demonstrieren ihre Bereitschaft, ihnen zuzuh\u00f6ren und ihnen helfen m\u00f6chte.<\/p>\n<p>Die Sitzung, die in den Palast von Parcent, Sitz des Justizministeriums, stattfinden wird ist die zweite, die die Regierung mit den Verb\u00e4nden, seit den letzten h\u00e4lt 10 Februar der Staatssekret\u00e4r f\u00fcr Justiz, Fernando Rom\u00e1n, bereits einen ersten Touchdown mit ihnen statt.<\/p>\n<p>Gallardon versichert die Vergangenheit 6. M\u00e4rz im Senat, die im Fall von &#8220;Gestohlene Kinder&#8221;, &#8220;absolute Priorit\u00e4t&#8221; gegeben hat, weil er sagte, &#8220;hit frontal&#8221; das Modell der Gesellschaft, die die Exekutive verteidigt, zu der Zeit, die verworfen Verantwortung zu entziehen.<\/p>\n<p>Der Minister hat auch betont, die gewesen waren, in Kontakt mit dem Innenministerium, machen die Sicherheitskr\u00e4fte zu untersuchen, da die Tatsache, das die Gerichte sagen, wenn Straftaten oder nicht vorgeschrieben sind, bedeutet nicht, dass sie die polizeilichen Ermittlungen &#8220;in Bezug auf die Suche nach objektiver Wahrheit&#8221; durchgef\u00fchrt.<\/p>\n<p>Darauf hingewiesen, dass die Justiz bereits begonnene Zusammenarbeit mit der spanischen Agentur des Datenschutzes, die &#8220;m\u00f6glichst&#8221; ausgestrahlt wird einen technischen Bericht \u00fcber die rechtlichen M\u00f6glichkeiten des Zugriffs auf die Dateien f\u00fcr die Suche nach der &#8220;gestohlenen Kinder&#8221; lernen.<\/p>\n<p>Auch betont, dass die Arbeitsgruppe in das Ministerium f\u00fcr Gesundheit, soziale Dienste und Gleichheit &#8220;, eine weitere M\u00f6glichkeit der Zusammenarbeit gegeben, die Einbindung in Bezug auf Leistung in Kliniken und Krankenh\u00e4usern zu \u00f6ffnen&#8221; aufgenommen werden w\u00fcrde.<\/p>\n<p>Auf die allgemeine Staatsanwaltschaft angefordert eine Machbarkeitsanalyse \u00fcber die M\u00f6glichkeit zur Festlegung von Leitlinien des Handelns in allen F\u00e4llen allgemeine Anweisung an provinziellen Staatsanw\u00e4lte adressiert.<\/p>\n","protected":false},"excerpt":{"rendered":"<p>Madrid, 2 APR ( EFE)-die Minister f\u00fcr Inneres, Justiz und Gesundheit, Jorge Fern\u00e1ndez, Alberto Ruiz-Gallard\u00f3n und Ana Mato, beziehungsweise, sowie den Zustand Attorney General, Eduardo Torres-Dulce, Treffen am 12. April mit den Verb\u00e4nden der betroffenen die Ursache f\u00fcr die &#8220;gestohlenen Kinder&#8221;. So best\u00e4tigt es zu Efe Quellen der Gerechtigkeit, die haben darauf hingewiesen, dass dieses [&hellip;]<\/p>\n","protected":false},"author":1,"featured_media":0,"comment_status":"close","ping_status":"open","sticky":false,"template":"","format":"standard","meta":{"footnotes":""},"categories":[3],"tags":[28475],"class_list":["post-17239","post","type-post","status-publish","format-standard","hentry","category-allgemeine","tag-einflsse","et-doesnt-have-format-content","et_post_format-et-post-format-standard"],"_links":{"self":[{"href":"https:\/\/www.best-dentist-dentistry.com\/de\/wp-json\/wp\/v2\/posts\/17239","targetHints":{"allow":["GET"]}}],"collection":[{"href":"https:\/\/www.best-dentist-dentistry.com\/de\/wp-json\/wp\/v2\/posts"}],"about":[{"href":"https:\/\/www.best-dentist-dentistry.com\/de\/wp-json\/wp\/v2\/types\/post"}],"author":[{"embeddable":true,"href":"https:\/\/www.best-dentist-dentistry.com\/de\/wp-json\/wp\/v2\/users\/1"}],"replies":[{"embeddable":true,"href":"https:\/\/www.best-dentist-dentistry.com\/de\/wp-json\/wp\/v2\/comments?post=17239"}],"version-history":[{"count":0,"href":"https:\/\/www.best-dentist-dentistry.com\/de\/wp-json\/wp\/v2\/posts\/17239\/revisions"}],"wp:attachment":[{"href":"https:\/\/www.best-dentist-dentistry.com\/de\/wp-json\/wp\/v2\/media?parent=17239"}],"wp:term":[{"taxonomy":"category","embeddable":true,"href":"https:\/\/www.best-dentist-dentistry.com\/de\/wp-json\/wp\/v2\/categories?post=17239"},{"taxonomy":"post_tag","embeddable":true,"href":"https:\/\/www.best-dentist-dentistry.com\/de\/wp-json\/wp\/v2\/tags?post=17239"}],"curies":[{"name":"wp","href":"https:\/\/api.w.org\/{rel}","templated":true}]}}