{"id":17275,"date":"2012-09-24T02:28:31","date_gmt":"2012-09-24T02:28:31","guid":{"rendered":null},"modified":"-0001-11-30T00:00:00","modified_gmt":"-0001-11-30T00:00:00","slug":"bolivian-doctors-resumed-the-strike-and-opened-a-wave-of-protests-against-morales","status":"publish","type":"post","link":"https:\/\/www.best-dentist-dentistry.com\/de\/bolivian-doctors-resumed-the-strike-and-opened-a-wave-of-protests-against-morales\/17275","title":{"rendered":"Bolivianische \u00c4rzte wieder Streiks und er\u00f6ffnet eine Welle des Protests gegen Morales"},"content":{"rendered":"<p class=\"first\"> <span class=\"yshortcuts\" id=\"lw_1334094611_0\"> La Paz<\/span>, 10 <span class=\"yshortcuts\" id=\"lw_1334094611_1\"> APR<\/span> (<span class=\"yshortcuts\" id=\"lw_1334094611_2\"> EFE<\/span>).-Tausende <span class=\"yshortcuts\" id=\"lw_1334094611_3\"> \u00c4rzte<\/span> heute wieder aufgenommen, der Schlag gegen das Dekret des bolivianischen Pr\u00e4sidenten Evo Morales, der erh\u00f6ht seine 6 bis 8 Stunden-Arbeitstag, zu Beginn einer Welle von Gewerkschaften und soziale Konflikte, die die Regierung versucht, rechtliche Schritte zu stoppen, die sie gegen die Verfassung versto\u00dfen.<\/p>\n<p>\u00c4rzte ihren Protest wieder aufgenommen, sobald das Gesundheitsministerium gab bekannt, dass er behauptet das Dekret, trotz die Tatsache, dass letzte Woche hatte vereinbart, \u00fcber den Tag zu sprechen, die einen Waffenstillstand des Streiks gef\u00fchrt begann am 28. M\u00e4rz.<\/p>\n<p>, Dass der Streik wird fortgesetzt, sagte der Pr\u00e4sident der medizinischen Hochschule Bolivien, Alfonso Nachbarschaften, Journalisten &#8220;bis die Aufhebung des Dekrets, weil es illegal und nicht praktikabel&#8221;.<\/p>\n<p>In Frieden Kliniken, Krankenhaus, \u00c4rzte und Krankenschwestern stie\u00dfen mit Anh\u00e4nger der Regierung, die erforderlich, wieder um zu arbeiten und dass sie durch die Kraft des Ortes vertrieben wurden.<\/p>\n<p>Barrios verweigert, dass der Streik verst\u00f6\u00dft die Verfassung, als die Regierung behauptet gegen, und sein Recht verteidigt auf die arbeitsrechtliche Eroberung von 6 Stunden pro Tag arbeiten, pflegen bis 1970 zur\u00fcckreicht.<\/p>\n<p>Argumentiert, dass l\u00e4ngere Stunden der Arbeit nicht Gesundheitsversorgung, verbessern, die aus ihrer Sicht mehr und bessere Krankenh\u00e4user, erfordert, da Bolivien, die H\u00e4lfte des 20. Jahrhunderts, als das Land die H\u00e4lfte seiner aktuellen 10 Millionen besa\u00df sind.<\/p>\n<p>Der Pr\u00e4sident der \u00c4rztekammer zufolge und Bolivien f\u00fcr Gesundheit j\u00e4hrlich 87 Dollar pro Kopf, im benachbarten Chile die Figur zehnmal h\u00f6her ist.<\/p>\n<p>Nach Barrios, der Streik hat die Unterst\u00fctzung von 25.000 \u00c4rzte, die meisten anderen so viele Fachleute im Gesundheitswesen, die Rettungsdienste jedoch beibehalten.<\/p>\n<p>The Ministers f\u00fcr Arbeit, Daniel Santalla, den Streik als &#8220;Criminal&#8221; gebrandmarkt und bedroht, es illegal, wie es mit fr\u00fcheren Abschaltungen von \u00c4rzten in 24 bis 48 Stunden, w\u00e4hrend andere Beh\u00f6rden, dass das Eingreifen der Staatsanwaltschaft fordern zu deklarieren.<\/p>\n<p>Medizinische Protest vorangestellt ist einen Generalstreik aufgerufen f\u00fcr Mittwoch von Central Obrera Boliviana (COB), die gr\u00f6\u00dfte Organisation der Gewerkschaft des Landes, gegen die Lohnerh\u00f6hung von 7 % beschlossen von Morales f\u00fcr 2012, Qualifikation als unzureichend.<\/p>\n<p>La COB fordert die Regierung auf, ber\u00fccksichtigen die &#8220;Familie Grundkorb&#8221;, die Kosten von $ 1.192 pro Monat, gleich zehn Mal den Mindestlohn, laut Gewerkschaften.<\/p>\n<p>Der Mindestlohn in Bolivien ist $ 117 pro Monat und dem Gehalt Durchschnitt von 546, nach Zahlen 2011.<\/p>\n<p>Gibt es auch die Ank\u00fcndigungen der Proteste im S\u00fcden des Landes, durch einen regionalen Streit \u00fcber die Rechte eines Feldes von Erdgas, die die Spanische Repsol und Demonstrationen der Gewerkschaften-Treibern, Steigerung des Verkehrs, die verwaltet und Nachbarschaft-Verb\u00e4nde, die widersetzen.<\/p>\n<p>Aber der gr\u00f6\u00dfte Protest beginnt 25. April, mit dem neuen Marsch nach La Paz Amazonas indigener V\u00f6lker, die Verteidigung der indigenen Territorium und Parque Nacional Isiboro S\u00e9cure (Tipnis) den Bau einer Stra\u00dfe von Brasilien finanziert.<\/p>\n<p>Der einheimische F\u00fchrer Fernando Vargas heute ratifiziert M\u00e4rz dieses Jahres, w\u00e4hrend Morales den R\u00fccktritt vom Vertrag mit dem brasilianischen Unternehmen OAS, angek\u00fcndigt, mit der Begr\u00fcndung, das Unternehmen konnte nicht zur Einhaltung von Fristen f\u00fcr die Arbeit.<\/p>\n<p>Vargas sagte, dass &#8220;der Pr\u00e4sident liegt und Sie sind zu verlangsamen, die Mobilisierung ist auf der Suche nach&#8221; und &#8220;Menschen abzulenken&#8221;.<\/p>\n<p>Der Pr\u00e4sident des Bundes der V\u00f6lker Indigene V\u00f6lker aus dem Osten von Bolivien (Biografie), Adolfo Ch\u00e1vez, sagte Efe Morales-Ank\u00fcndigung &#8220;keine Garantie ist&#8221; weil Sie, einem anderen Unternehmen anstellen k\u00f6nnen, die Arbeiten fortzusetzen.<\/p>\n<p>Gewerkschaftsf\u00fchrer beschuldigen Morales, Pr\u00e4sident der Vereinigung der Kokabauern, Rohstoff f\u00fcr die Herstellung Kokain, &#8220;Versuch&#8221; Proteste, zu vergessen, dass er Blockaden und Streiks gegen fr\u00fcheren Regierungen gef\u00f6rdert.<\/p>\n<p>The Attorney General, Mario Uribe, sagte, dass die Verfassung legt fest, dass Gesundheitsdienste nicht unterbrochen werden k\u00f6nnen, und dass \u00c4rzte genauer untersucht werden sollen, wegen Verletzung ihrer Pflichten zu verlassen, ihre Beitr\u00e4ge und die kollektive Aufgabe der Arbeit Anstiftung.<\/p>\n<p>&#8220;Ist nicht bestrafen den Streik, was geht zu untersuchen ist wenn ein Gesundheitswesen, die bereits als Straftat im Strafgesetzbuch vorgesehen ist hat wurde unterbrochen&#8221; gerechtfertigt Uribe und versicherte, dass es nicht von Morales Bestellung auf eigene Initiative fungiert.<\/p>\n<p>Jedoch der F\u00fchrer der Abgeordneten der regierenden Bewegung zum Sozialismus (MAS), Gallen Bonifaz, er erz\u00e4hlte Efe, dass es das Eingreifen der Staatsanwaltschaft gegen den medizinischen Streik gefordert, weil es ein Akt der &#8220;Volksverhetzung&#8221;, und Minister und andere offizielle F\u00fchrer vor Tage behaupten.<\/p>\n<p>Bonifaz hinzugef\u00fcgt, dass \u00c4rzte sind, ihre Forderungen berechtigt, aber verlangte, dass zuerst &#8220;sie ersch\u00f6pfen den Dialog&#8221;, weil &#8220;Sie mit der Gesundheit der Bolivianer spielen k\u00f6nnen&#8221;.<\/p>\n","protected":false},"excerpt":{"rendered":"<p>La Paz, 10 APR ( EFE).-Tausende \u00c4rzte heute wieder aufgenommen, der Schlag gegen das Dekret des bolivianischen Pr\u00e4sidenten Evo Morales, der erh\u00f6ht seine 6 bis 8 Stunden-Arbeitstag, zu Beginn einer Welle von Gewerkschaften und soziale Konflikte, die die Regierung versucht, rechtliche Schritte zu stoppen, die sie gegen die Verfassung versto\u00dfen. \u00c4rzte ihren Protest wieder aufgenommen, [&hellip;]<\/p>\n","protected":false},"author":1,"featured_media":0,"comment_status":"close","ping_status":"open","sticky":false,"template":"","format":"standard","meta":{"footnotes":""},"categories":[3],"tags":[28489],"class_list":["post-17275","post","type-post","status-publish","format-standard","hentry","category-allgemeine","tag-materialisieren","et-doesnt-have-format-content","et_post_format-et-post-format-standard"],"_links":{"self":[{"href":"https:\/\/www.best-dentist-dentistry.com\/de\/wp-json\/wp\/v2\/posts\/17275","targetHints":{"allow":["GET"]}}],"collection":[{"href":"https:\/\/www.best-dentist-dentistry.com\/de\/wp-json\/wp\/v2\/posts"}],"about":[{"href":"https:\/\/www.best-dentist-dentistry.com\/de\/wp-json\/wp\/v2\/types\/post"}],"author":[{"embeddable":true,"href":"https:\/\/www.best-dentist-dentistry.com\/de\/wp-json\/wp\/v2\/users\/1"}],"replies":[{"embeddable":true,"href":"https:\/\/www.best-dentist-dentistry.com\/de\/wp-json\/wp\/v2\/comments?post=17275"}],"version-history":[{"count":0,"href":"https:\/\/www.best-dentist-dentistry.com\/de\/wp-json\/wp\/v2\/posts\/17275\/revisions"}],"wp:attachment":[{"href":"https:\/\/www.best-dentist-dentistry.com\/de\/wp-json\/wp\/v2\/media?parent=17275"}],"wp:term":[{"taxonomy":"category","embeddable":true,"href":"https:\/\/www.best-dentist-dentistry.com\/de\/wp-json\/wp\/v2\/categories?post=17275"},{"taxonomy":"post_tag","embeddable":true,"href":"https:\/\/www.best-dentist-dentistry.com\/de\/wp-json\/wp\/v2\/tags?post=17275"}],"curies":[{"name":"wp","href":"https:\/\/api.w.org\/{rel}","templated":true}]}}