{"id":17285,"date":"2012-09-24T02:29:39","date_gmt":"2012-09-24T02:29:39","guid":{"rendered":null},"modified":"-0001-11-30T00:00:00","modified_gmt":"-0001-11-30T00:00:00","slug":"teachers-and-bolivian-doctors-maintained-their-protests-against-the-government-of-morales","status":"publish","type":"post","link":"https:\/\/www.best-dentist-dentistry.com\/de\/teachers-and-bolivian-doctors-maintained-their-protests-against-the-government-of-morales\/17285","title":{"rendered":"Lehrer und bolivianischen \u00c4rzte verwaltet ihre Proteste gegen die Regierung Morales"},"content":{"rendered":"<p class=\"first\"> <span class=\"yshortcuts\" id=\"lw_1334359089_1\"> La Paz<\/span>, 13 Apr (<span class=\"yshortcuts\" id=\"lw_1334359089_5\"> EFE<\/span>).-die Gewerkschaften der Lehrer und bolivianischen \u00c4rzte verwaltet ihre Proteste heute von verschiedenen Lohn- und arbeitsrechtlichen Anspr\u00fcche gegen die <span class=\"yshortcuts\" id=\"lw_1334359089_0\"> Regierung von Evo Morales<\/span>, anh\u00e4ngig, die der Dialog ge\u00f6ffnet werden.<\/p>\n<p>Lehrer erwarten in den kommenden Stunden mit dem Minister f\u00fcr Bildung, <span class=\"yshortcuts\" id=\"lw_1334359089_4\"> Roberto Aguilar<\/span>, treffen best\u00e4tigt, dass Efe telefonisch der Anf\u00fchrer der Konf\u00f6deration von Lehrern urban, <span class=\"yshortcuts\" id=\"lw_1334359089_3\"> Federico Pinaya<\/span>, welche Sandwich steht und im Hungerstreik in einem Raum mit einem anderen F\u00fchrer der Sektor zentrale.<\/p>\n<p>Erkl\u00e4rte, dass sie ein Vorbereitungstreffen mit Aguilar hatten, aber es keine Verpflichtungen gab um die wichtigsten Nachfrage f\u00fcr Lehrer, die ist, die Nivellierung der L\u00f6hne mit dem ihrer Kollegen in den l\u00e4ndlichen Gebieten, die doppelt zu verdienen die.<\/p>\n<p><span class=\"yshortcuts\" id=\"lw_1334359089_8\"> Pinaya<\/span> und Adri\u00e1n Quellca F\u00fchrer bis Donnerstag gesperrt war, in einem Raum ohne Fenster und blockiert die T\u00fcr mit einer Ziegelmauer, lassen eine kleine \u00d6ffnung nur zu atmen.<\/p>\n<p>&#8220;Wir sind gekommen, um zu wissen, alle Risiken und sind nicht, hier zu lassen, bis etwas konkretes zu protestieren und Beton ist nicht wieder unterzeichnen eine Vereinbarung, die verletzt, aber ein Dekret&#8221; garantiert Lohn Nivellierung, sagte Pinaya.<\/p>\n<p>Der Protest auch unterst\u00fctzt die Mobilisierung des Central Obrera Boliviana (COB), die gr\u00f6\u00dfte Gewerkschaft-Einrichtung in dem Land, Mittwoch mit einem landesweiten Streik f\u00fcr die partielle \u00dcberwachung gestartet und marschiert in mehreren St\u00e4dten Morales f\u00fcr eine Lohnerh\u00f6hung mehr als 7 % von seiner Regierung angeboten bitten.<\/p>\n<p>Der Mindestlohn in <span class=\"yshortcuts\" id=\"lw_1334359089_7\"> Bolivien<\/span> ist $ 117 pro Monat und dem Gehalt Durchschnitt von 546 ab 2011.<\/p>\n<p>La COB fordert, dass die Regierung die &#8220;Familie Grundkorb&#8221;, ber\u00fccksichtigen diese Zahl bei $ 1.192 pro Monat, gleich zehn Mal den Mindestlohn, laut Gewerkschaften.<\/p>\n<p>Aber die Exekutive hat vorweggenommen kann es nicht bieten, eine Steigerung der Inflationsrate, das im letzten Jahr 6,9 %, war weil Sie in produktive Projekte investieren m\u00fcssen gr\u00f6\u00dfer.<\/p>\n<p>Andere latenter Konflikt ist, dass der <span class=\"yshortcuts\" id=\"lw_1334359089_6\"> \u00c4rzte<\/span>, deren F\u00fchrer heute den dritten Tag Hungerstreik in einem Krankenhaus in La Paz auf Nachfrage Aufhebung eines Erlasses, die Ihre Arbeitszeit erh\u00f6ht traf, sechs bis acht Stunden Morales Efe der Pr\u00e4sident der medizinischen Hochschule Bolivien, Alfonso Nachbarschaften gesagt.<\/p>\n<p>\u00c4rzte argumentieren, dass die M\u00e4ngel des Gesundheitssystems nicht aufgel\u00f6st werden, werden durch Hinzuf\u00fcgen von zwei Stunden auf die Arbeitszeit und sechs Stunden Arbeit sind eine soziale Eroberung aus 1970.<\/p>\n<p>\u00c4rzte der \u00f6stlichen Region von Santa Cruz gab bekannt, dass sie in den Hungerstreik seit Montag aufgenommen, w\u00e4hrend \u00c4rzte im Rest des Landes im unbefristeten Streik seit Dienstag bleiben und t\u00e4gliche Stra\u00dfenblockaden und M\u00e4rsche durchgef\u00fchrt werden.<\/p>\n<p>Tausende von Arbeitern in den Bereichen Gesundheit und Bildung geben die Mittwoch, 11. April 2012 nach La Paz (Bolivien) von El Alto. EFE<\/p>\n","protected":false},"excerpt":{"rendered":"<p>La Paz, 13 Apr ( EFE).-die Gewerkschaften der Lehrer und bolivianischen \u00c4rzte verwaltet ihre Proteste heute von verschiedenen Lohn- und arbeitsrechtlichen Anspr\u00fcche gegen die Regierung von Evo Morales, anh\u00e4ngig, die der Dialog ge\u00f6ffnet werden. Lehrer erwarten in den kommenden Stunden mit dem Minister f\u00fcr Bildung, Roberto Aguilar, treffen best\u00e4tigt, dass Efe telefonisch der Anf\u00fchrer der [&hellip;]<\/p>\n","protected":false},"author":1,"featured_media":0,"comment_status":"close","ping_status":"open","sticky":false,"template":"","format":"standard","meta":{"footnotes":""},"categories":[3],"tags":[28491],"class_list":["post-17285","post","type-post","status-publish","format-standard","hentry","category-allgemeine","tag-rekordtief","et-doesnt-have-format-content","et_post_format-et-post-format-standard"],"_links":{"self":[{"href":"https:\/\/www.best-dentist-dentistry.com\/de\/wp-json\/wp\/v2\/posts\/17285","targetHints":{"allow":["GET"]}}],"collection":[{"href":"https:\/\/www.best-dentist-dentistry.com\/de\/wp-json\/wp\/v2\/posts"}],"about":[{"href":"https:\/\/www.best-dentist-dentistry.com\/de\/wp-json\/wp\/v2\/types\/post"}],"author":[{"embeddable":true,"href":"https:\/\/www.best-dentist-dentistry.com\/de\/wp-json\/wp\/v2\/users\/1"}],"replies":[{"embeddable":true,"href":"https:\/\/www.best-dentist-dentistry.com\/de\/wp-json\/wp\/v2\/comments?post=17285"}],"version-history":[{"count":0,"href":"https:\/\/www.best-dentist-dentistry.com\/de\/wp-json\/wp\/v2\/posts\/17285\/revisions"}],"wp:attachment":[{"href":"https:\/\/www.best-dentist-dentistry.com\/de\/wp-json\/wp\/v2\/media?parent=17285"}],"wp:term":[{"taxonomy":"category","embeddable":true,"href":"https:\/\/www.best-dentist-dentistry.com\/de\/wp-json\/wp\/v2\/categories?post=17285"},{"taxonomy":"post_tag","embeddable":true,"href":"https:\/\/www.best-dentist-dentistry.com\/de\/wp-json\/wp\/v2\/tags?post=17285"}],"curies":[{"name":"wp","href":"https:\/\/api.w.org\/{rel}","templated":true}]}}