{"id":17297,"date":"2012-09-24T02:30:42","date_gmt":"2012-09-24T02:30:42","guid":{"rendered":null},"modified":"-0001-11-30T00:00:00","modified_gmt":"-0001-11-30T00:00:00","slug":"hundreds-of-people-expressed-their-indignation-by-cuts-in-health","status":"publish","type":"post","link":"https:\/\/www.best-dentist-dentistry.com\/de\/hundreds-of-people-expressed-their-indignation-by-cuts-in-health\/17297","title":{"rendered":"Hunderte von Menschen zum Ausdruck, ihre &#8220;Emp\u00f6rung&#8221; durch K\u00fcrzungen im Gesundheitswesen"},"content":{"rendered":"<p class=\"first\"> <span class=\"yshortcuts\" id=\"lw_1334490502_0\"> Zaragoza<\/span>, 15 Apr (EFE).-mehrere hundert Menschen demonstrierten in Zaragoza, seine &#8220;Emp\u00f6rung&#8221; f\u00fcr die Schnitte und die Privatisierung des <span class=\"yshortcuts\" id=\"lw_1334490502_3\"> Gesundheitswesens<\/span> und in der Verteidigung eines \u00f6ffentlichen, freien und universelles <span class=\"yshortcuts\" id=\"lw_1334490502_4\"> Gesundheitssystem<\/span> auszudr\u00fccken.<\/p>\n<p>Demonstranten, genannt von der <span class=\"yshortcuts\" id=\"lw_1334490502_5\"> Plattform<\/span> gegen die Privatisierung <span class=\"yshortcuts\" id=\"lw_1334490502_1\"> der Gesundheit von Aragon<\/span>, kam nach 12:00 Uhr von der Plaza San Miguel de Zaragoza zu gehen, durch das Zentrum der Stadt, das Plaza del Pilar, wo ein Manifest vor der Delegation der Regierung gelesen.<\/p>\n<p>Dieser Protest, das Motto war &#8220;nicht uns ber\u00fchren die Gesundheit&#8221;, laut Demetrio Calvo, ein Mitglied der Plattform, soll &#8220;Emp\u00f6rung&#8221; von was jetzt, auf eine Privatisierung des Gesundheitssystems geschieht.<\/p>\n<p>&#8220;sie werden lachen, bei uns mit sch\u00f6nen Worten, aber was sie allm\u00e4hlich in Arag\u00f3n langsamer wollen als an anderen Orten wie Madrid, Katalonien und Valencia, ist das System zu privatisieren&#8221; hinzugef\u00fcgt Calvo in Erkl\u00e4rungen f\u00fcr die Medien vor die Demonstration starten.<\/p>\n<p>Seiner Ansicht nach ist ein System &#8220;wirklich effizient&#8221;, &#8220;nachhaltige&#8221;, und einer der besten in Europa, w\u00e4hrend in Spanien f\u00fcr Gesundheitswesen zwischen einem 6,3 und 6,5 Prozent des nationalen Reichtums als der europ\u00e4ische Durchschnitt liegt bei 7,5 pro Cent ausgegeben<\/p>\n<p>Calvo hat berichtet, dass was passiert, wenn es scheint, &rsquo;perfekt nachhaltig ist Korruption und Steuerhinterziehung, &#8220;w\u00fcrden Sie in Spanien die zu diesem Zeitpunkt ist die H\u00e4lfte&#8221; w\u00fcrde jede Art von Anpassung nicht fehlen&rsquo;.<\/p>\n<p>In Beton, nur mit 10 Prozent von denen entgehen, die &#8220;sollte reichen und sehr reichen ausreichen, um die L\u00f6sung der wirtschaftlichen Probleme des Gesundheitssystems&#8221;, sagte.<\/p>\n<p>Auch betont, dass Gesundheit ein &#8220;gro\u00dfes Gesch\u00e4ft f\u00fcr gro\u00dfe Unternehmen im Bereich&#8221; sein kann, dass Sie &#8220;Ihre Z\u00e4hne zu versenken&#8221;, aber sie k\u00f6nnen nicht tun, w\u00e4hrend sie \u00f6ffentlich kontrolliert wird und wer, daher m\u00fcssen it. privatisieren<\/p>\n<p>Die Demonstration heute, wo Banner mit Parolen wurden &#8220;Wir verteidigen oder zerst\u00f6ren wir&#8221;, &#8220;Gesundheit und Bildung immer \u00f6ffentliche!&#8221;, laut Natalia Barrado, Mitglied der Hostplattform, ist einen Schritt weiter um K\u00fcrzungen zu denunzieren und Privatisierungen sind verpflichtet, in allen Zeiten und zur Verteidigung der Volksgesundheit.<\/p>\n<p>&#8220;Gegen v\u00f6llig den Schnitt von 10 Milliarden Euro in Bildung und Gesundheit, sowie die gesamte Privatisierungspolitik von der Regierung von Aragon durchgef\u00fchrt wird&#8221;, wurde hinzugef\u00fcgt.<\/p>\n<p>Die Demonstration, die wei\u00dfen gesehen haben, M\u00e4ntel waren, nahmen Vertreter der politischen Parteien, der PSOE, CHA und UI, Gewerkschaften und anderen Organisationen, wie die Plattform f\u00fcr Arbeitnehmer der Vertr\u00e4ge des Stadtrates, gr\u00fcn tide, Montage von Lehrern und den Parlamenten in der Nachbarschaft von 15 M.<\/p>\n","protected":false},"excerpt":{"rendered":"<p>Zaragoza, 15 Apr (EFE).-mehrere hundert Menschen demonstrierten in Zaragoza, seine &#8220;Emp\u00f6rung&#8221; f\u00fcr die Schnitte und die Privatisierung des Gesundheitswesens und in der Verteidigung eines \u00f6ffentlichen, freien und universelles Gesundheitssystem auszudr\u00fccken. Demonstranten, genannt von der Plattform gegen die Privatisierung der Gesundheit von Aragon, kam nach 12:00 Uhr von der Plaza San Miguel de Zaragoza zu gehen, [&hellip;]<\/p>\n","protected":false},"author":1,"featured_media":0,"comment_status":"close","ping_status":"open","sticky":false,"template":"","format":"standard","meta":{"footnotes":""},"categories":[3],"tags":[28495,28496],"class_list":["post-17297","post","type-post","status-publish","format-standard","hentry","category-allgemeine","tag-amerikas","tag-ausdruck","et-doesnt-have-format-content","et_post_format-et-post-format-standard"],"_links":{"self":[{"href":"https:\/\/www.best-dentist-dentistry.com\/de\/wp-json\/wp\/v2\/posts\/17297","targetHints":{"allow":["GET"]}}],"collection":[{"href":"https:\/\/www.best-dentist-dentistry.com\/de\/wp-json\/wp\/v2\/posts"}],"about":[{"href":"https:\/\/www.best-dentist-dentistry.com\/de\/wp-json\/wp\/v2\/types\/post"}],"author":[{"embeddable":true,"href":"https:\/\/www.best-dentist-dentistry.com\/de\/wp-json\/wp\/v2\/users\/1"}],"replies":[{"embeddable":true,"href":"https:\/\/www.best-dentist-dentistry.com\/de\/wp-json\/wp\/v2\/comments?post=17297"}],"version-history":[{"count":0,"href":"https:\/\/www.best-dentist-dentistry.com\/de\/wp-json\/wp\/v2\/posts\/17297\/revisions"}],"wp:attachment":[{"href":"https:\/\/www.best-dentist-dentistry.com\/de\/wp-json\/wp\/v2\/media?parent=17297"}],"wp:term":[{"taxonomy":"category","embeddable":true,"href":"https:\/\/www.best-dentist-dentistry.com\/de\/wp-json\/wp\/v2\/categories?post=17297"},{"taxonomy":"post_tag","embeddable":true,"href":"https:\/\/www.best-dentist-dentistry.com\/de\/wp-json\/wp\/v2\/tags?post=17297"}],"curies":[{"name":"wp","href":"https:\/\/api.w.org\/{rel}","templated":true}]}}