{"id":17331,"date":"2012-09-24T02:33:06","date_gmt":"2012-09-24T02:33:06","guid":{"rendered":null},"modified":"-0001-11-30T00:00:00","modified_gmt":"-0001-11-30T00:00:00","slug":"the-socialist-manuel-gracia-will-chair-the-andalusian-parliament","status":"publish","type":"post","link":"https:\/\/www.best-dentist-dentistry.com\/de\/the-socialist-manuel-gracia-will-chair-the-andalusian-parliament\/17331","title":{"rendered":"Den Vorsitz der sozialistischen Manuel Gracia dem andalusischen Parlament"},"content":{"rendered":"<p class=\"first\"> MADRID (Reuters) &#8211; die sozialistischen <span class=\"yshortcuts\" id=\"lw_1334837111_4\"> Manuel Gnade Vorsitz wird<\/span> das neue andalusischen Parlament, das gegr\u00fcndet wurde, am Donnerstag, weniger als einen Monat nach die Regionalwahlen vom M\u00e4rz 25, erhielt f\u00fcr die erste der Volkspartei Zeit, aber ohne die absolute Mehrheit.<\/p>\n<p>Die Ernennung der Gnade aufgetreten ist mit 57 Ja-Stimmen (der sozialistischen Mitglieder und Izquierda Unida), 50 leere Stimmen und eine null Stimme &#8211; von der stellvertretenden IU erwartet gegen das Abkommen mit den Sozialdemokraten Juan Manuel Sanchez Gordillo.<\/p>\n<p>&#8220;Wird eine schwierige Aufgabe, denn es ein Parlament in einem komplizierten Begriff, aber niemand besser als er zur L\u00f6sung der Probleme, die auftreten k\u00f6nnen ist,&#8221; sagte der Sozialistenf\u00fchrer und Kandidat f\u00fcr den Vorsitz des Vorstands, Jos\u00e9 Antonio Gri\u00f1\u00e1n, nach der Wahl der Gnade, der achte Pr\u00e4sident der andalusischen Haus.<\/p>\n<p>Diese Abstimmung ist das erste Ergebnis eines Bundes der Gesetzgeber, dass beendenden PSOE und Izquierda Unida, die n\u00e4chsten vier Jahre zu regieren.<\/p>\n<p>Dieser Vereinbarung &#8220;starke und koh\u00e4rente&#8221; Regierung der beiden Parteien der linken, die zusammen 59 Mitglieder in einer Baugruppe von 109 bis zu einem Referendum der Mitglieder der Vereinigten Linken am 24. April hinzugef\u00fcgt.<\/p>\n<p>Die PP andalusischen Javier Arenas blieb, mit 50 Pl\u00e4tzen, Weg vom die absolute Mehrheit erforderlich, um die Macht von den Sozialisten, gewesen, die mehr als 30 Jahren an der Spitze der Junta de Andaluc\u00eda, ein Ergebnis gegen die Quote, die als Reaktion gegen die Politik der K\u00fcrzungen und Sparma\u00dfnahmen der Regierung von Mariano Rajoy interpretiert wurde.<\/p>\n<p>Der andalusischen PSOE, die 47 Mitglieder &#8211; neun weniger im Jahr 2008 &#8211; es Vorsitz des andalusischen Executive mit Hilfe der IULV-CA, die stieg von sechs auf zw\u00f6lf Mitglieder gewann w\u00fcrde, in was eine Bremse f\u00fcr die Konservativen Welle nach umfassenden Siegen der PP allgemeine und kommunalen letztes Jahr galt.<\/p>\n<p>Sozialpolitik, die \u00c4nderung der Produktionsmodell und die Verteidigung der andalusischen Autonomie sowie der erforderlichen St\u00e4rkung &#8220;zivilen Ethik&#8221; &#8211; sehr besch\u00e4digt, nachdem die Korruptionsskandale, die in den letzten Jahren &#8211; aufgetaucht sind werden die Grundz\u00fcge der PSOE-IU-Bund, wie sie eine PSOE und IU Fortgeschrittene.<\/p>\n<p>Andalusien, wo die h\u00f6chste Arbeitslosenquote im Land hat, muss jedoch die Verteidigung der sozialen Leistungen mit einem Ausschnitt in den Haushalten von mindestens 2,6 Milliarden Euro (8,4 % weniger als im Vorjahr) abstimmen, um das Defizitziel von 1,5 % des BIP von Madrid und die Europ\u00e4ische Union verh\u00e4ngte erf\u00fcllen.<\/p>\n","protected":false},"excerpt":{"rendered":"<p>MADRID (Reuters) &#8211; die sozialistischen Manuel Gnade Vorsitz wird das neue andalusischen Parlament, das gegr\u00fcndet wurde, am Donnerstag, weniger als einen Monat nach die Regionalwahlen vom M\u00e4rz 25, erhielt f\u00fcr die erste der Volkspartei Zeit, aber ohne die absolute Mehrheit. Die Ernennung der Gnade aufgetreten ist mit 57 Ja-Stimmen (der sozialistischen Mitglieder und Izquierda Unida), [&hellip;]<\/p>\n","protected":false},"author":1,"featured_media":0,"comment_status":"close","ping_status":"open","sticky":false,"template":"","format":"standard","meta":{"footnotes":""},"categories":[3],"tags":[28511,28512],"class_list":["post-17331","post","type-post","status-publish","format-standard","hentry","category-allgemeine","tag-applaudieren","tag-gracia","et-doesnt-have-format-content","et_post_format-et-post-format-standard"],"_links":{"self":[{"href":"https:\/\/www.best-dentist-dentistry.com\/de\/wp-json\/wp\/v2\/posts\/17331","targetHints":{"allow":["GET"]}}],"collection":[{"href":"https:\/\/www.best-dentist-dentistry.com\/de\/wp-json\/wp\/v2\/posts"}],"about":[{"href":"https:\/\/www.best-dentist-dentistry.com\/de\/wp-json\/wp\/v2\/types\/post"}],"author":[{"embeddable":true,"href":"https:\/\/www.best-dentist-dentistry.com\/de\/wp-json\/wp\/v2\/users\/1"}],"replies":[{"embeddable":true,"href":"https:\/\/www.best-dentist-dentistry.com\/de\/wp-json\/wp\/v2\/comments?post=17331"}],"version-history":[{"count":0,"href":"https:\/\/www.best-dentist-dentistry.com\/de\/wp-json\/wp\/v2\/posts\/17331\/revisions"}],"wp:attachment":[{"href":"https:\/\/www.best-dentist-dentistry.com\/de\/wp-json\/wp\/v2\/media?parent=17331"}],"wp:term":[{"taxonomy":"category","embeddable":true,"href":"https:\/\/www.best-dentist-dentistry.com\/de\/wp-json\/wp\/v2\/categories?post=17331"},{"taxonomy":"post_tag","embeddable":true,"href":"https:\/\/www.best-dentist-dentistry.com\/de\/wp-json\/wp\/v2\/tags?post=17331"}],"curies":[{"name":"wp","href":"https:\/\/api.w.org\/{rel}","templated":true}]}}