{"id":17414,"date":"2012-09-24T02:59:46","date_gmt":"2012-09-24T02:59:46","guid":{"rendered":null},"modified":"-0001-11-30T00:00:00","modified_gmt":"-0001-11-30T00:00:00","slug":"murcia-health-residents-started-a-three-day-strike-by-the-reduction-of-guards","status":"publish","type":"post","link":"https:\/\/www.best-dentist-dentistry.com\/de\/murcia-health-residents-started-a-three-day-strike-by-the-reduction-of-guards\/17414","title":{"rendered":"murcia health residents started a three day strike by the reduction of guards"},"content":{"rendered":"<p class=\"first\"> MURCIA, 29 (EUROPA PRESS)<\/p>\n<p>Der Gesch\u00e4ftsf\u00fchrer des Dienstes Murciano der Gesundheit (SMS), Jos\u00e9 Antonio Alarc\u00f3n, hat daf\u00fcr gesorgt, dass der Bewohner-Streik angek\u00fcndigt am Sonntag, Montag und Dienstag, &#8220;nicht die medizinische Versorgung in der Region Murcia auswirkt&#8221;.<\/p>\n<p>Alarcon darauf hingewiesen, da\u00df Sie es Personalschulung in verschiedenen Spezialit\u00e4ten, sowohl medizinische und pflegerische, und dass Ihr Lehre-Programm die Realisierung der Wachen nachdenkt &#8220;Wenn der angeschlossenen Betriebsinhaber ist professionell, die ist, die Sie w\u00e4hrend Ihrer gesamten Trainingsprozesses f\u00fchrt&#8221;.<\/p>\n<p>Verantwortlich f\u00fcr die SMS ist der Auffassung, dass das Ausma\u00df der &#8220;Protest nicht gerechtfertigt&#8221;, erkl\u00e4rte dann, dass sie es vor einer &#8220;angeblichen&#8221; Verringerung der Zahl der Wachen, angenommen &#8220;Entscheidung, die heute heute nur eine von vielen Ma\u00dfnahmen, die der Servicio Murciano de Salud hat Studie und ist dass wir nicht einmal wissen, ob Sie anzunehmen &rsquo;.<\/p>\n<p>In diesem Sinne wurde auch berichtet, dass innerhalb der Prozess der Verbesserung und Optimierung der Gesundheit Ressourcen um die Zukunft der \u00f6ffentlichen System Tragf\u00e4higkeit zu gew\u00e4hrleisten und um die Zusammenarbeit aller in der Verfolgung dieses Ziels zu erreichen ist schickte einen Brief an alle Bereiche der Gesundheit Training Manager bitten um Informationen zu den Wachen, die Bewohner in der Ausbildung sind.<\/p>\n<p>Ebenso war mit denen verantwortlich gemacht f\u00fcr jeden Dienst und Spezialit\u00e4t, auf die Bed\u00fcrfnisse der Bewohner von ihren verschiedenen Abteilungen melden.<\/p>\n<p>Hat noch keine Entscheidung getroffen wurden<\/p>\n<p>Jos\u00e9 Antonio Alarc\u00f3n bemerkte, dass &#8220;diese Informationen noch nicht abgeschlossen&#8221; und dass &#8220;Es gibt keine Entscheidungen in dieser Hinsicht, weil wir nicht wissen, die n\u00f6tigen Informationen zur dieser Ma\u00dfnahme richtig zu bewerten&#8221;.<\/p>\n<p>Der SMS-Manager hat, die &#8220;bis September&#8221; nicht \u00fcber alle Informationen verf\u00fcgt, die zu den Bereichen Gesundheit und &#8220;nie werden, Ma\u00dfnahmen, die Auswirkungen auf die medizinische Grundversorgung,&#8221; angefordert wurde betont, Ausbildung f\u00fcr unsere Bewohner und insbesondere jede einzelne Fortbildungsprogramms.<\/p>\n<p>Hat auch darauf hingewiesen, dass in den verschiedenen Sitzungen mit Vertretern der Bewohner statt &#8220;Ich habe ihnen angeboten zusammen die erforderliche Informationen zu den Gesundheitszentren, analysieren, wenn es fertig ist&#8221;.<\/p>\n<p>Auch darauf hingewiesen, dass in der Region Murcia ist die Ausbildungsanforderungen gem\u00e4\u00df, in das K\u00f6nigliche Dekret, das die Ausbildung der Bewohner im allgemeinen regelt und in denen die Wachen durchzuf\u00fchrenden angegeben sind einzuhalten.<\/p>\n","protected":false},"excerpt":{"rendered":"<p>MURCIA, 29 (EUROPA PRESS) Der Gesch\u00e4ftsf\u00fchrer des Dienstes Murciano der Gesundheit (SMS), Jos\u00e9 Antonio Alarc\u00f3n, hat daf\u00fcr gesorgt, dass der Bewohner-Streik angek\u00fcndigt am Sonntag, Montag und Dienstag, &#8220;nicht die medizinische Versorgung in der Region Murcia auswirkt&#8221;. Alarcon darauf hingewiesen, da\u00df Sie es Personalschulung in verschiedenen Spezialit\u00e4ten, sowohl medizinische und pflegerische, und dass Ihr Lehre-Programm die [&hellip;]<\/p>\n","protected":false},"author":1,"featured_media":0,"comment_status":"close","ping_status":"open","sticky":false,"template":"","format":"standard","meta":{"footnotes":""},"categories":[3],"tags":[],"class_list":["post-17414","post","type-post","status-publish","format-standard","hentry","category-allgemeine","et-doesnt-have-format-content","et_post_format-et-post-format-standard"],"_links":{"self":[{"href":"https:\/\/www.best-dentist-dentistry.com\/de\/wp-json\/wp\/v2\/posts\/17414","targetHints":{"allow":["GET"]}}],"collection":[{"href":"https:\/\/www.best-dentist-dentistry.com\/de\/wp-json\/wp\/v2\/posts"}],"about":[{"href":"https:\/\/www.best-dentist-dentistry.com\/de\/wp-json\/wp\/v2\/types\/post"}],"author":[{"embeddable":true,"href":"https:\/\/www.best-dentist-dentistry.com\/de\/wp-json\/wp\/v2\/users\/1"}],"replies":[{"embeddable":true,"href":"https:\/\/www.best-dentist-dentistry.com\/de\/wp-json\/wp\/v2\/comments?post=17414"}],"version-history":[{"count":0,"href":"https:\/\/www.best-dentist-dentistry.com\/de\/wp-json\/wp\/v2\/posts\/17414\/revisions"}],"wp:attachment":[{"href":"https:\/\/www.best-dentist-dentistry.com\/de\/wp-json\/wp\/v2\/media?parent=17414"}],"wp:term":[{"taxonomy":"category","embeddable":true,"href":"https:\/\/www.best-dentist-dentistry.com\/de\/wp-json\/wp\/v2\/categories?post=17414"},{"taxonomy":"post_tag","embeddable":true,"href":"https:\/\/www.best-dentist-dentistry.com\/de\/wp-json\/wp\/v2\/tags?post=17414"}],"curies":[{"name":"wp","href":"https:\/\/api.w.org\/{rel}","templated":true}]}}