{"id":1743,"date":"2014-01-25T23:08:04","date_gmt":"2014-01-25T23:08:04","guid":{"rendered":null},"modified":"2014-01-25T23:08:04","modified_gmt":"2014-01-25T23:08:04","slug":"the-sefap-calls-for-legal-recognition-of-the-specialty-of-primary-care-pharmacy","status":"publish","type":"post","link":"https:\/\/www.best-dentist-dentistry.com\/de\/the-sefap-calls-for-legal-recognition-of-the-specialty-of-primary-care-pharmacy\/1743","title":{"rendered":"Die SEFAP fordert rechtliche Anerkennung von Specialty Grundversorgung Apotheke."},"content":{"rendered":"<p><strong>La SEFAP fordert rechtliche Anerkennung der Spezialit\u00e4t der Apotheke Pflege prim\u00e4re. <br \/><font size=\"2\"> <br \/>Die spanische Gesellschaft f\u00fcr Apotheker in der Grundversorgung (SEFAP) pr\u00e4sentiert Behauptungen auf den Text des Entwurfs der k\u00f6niglichen Erlass die Neuheiten der Spezialist. erstellt<\/strong><font size=\"2\"> <\/p>\n<p>-Die SEFAP begr\u00fc\u00dft die Initiative der regulatorische, denn es durch das Management der Gesundheitsberufe <\/p>\n<p>-gleichzeitig, betont die notwendige Aufnahme von Specialty Apotheke der Grundversorgung im gegliederten Text des Entwurfs der k\u00f6niglichen Erlass die Neuheiten der Spezialist erstellt, das ist das Ministerium f\u00fcr Gesundheit, Soziales und Chancengleichheit zu finalisieren <\/p>\n<p> <strong>Spanien, Oktober 2011 &#8211;<\/strong> die spanische Gesellschaft f\u00fcr Apotheker in der Prim\u00e4rversorgung unbedingt erforderlich, ein Programm von spezialisierte Ausbildung zu gew\u00e4hrleisten die ordnungsgem\u00e4\u00dfe Ausf\u00fchrung der Funktionen von einer professionellen Gruppe vorhanden in allen Gesundheit Dienste National. <\/p>\n<p>Laut Aussagen von Pr\u00e4sident von SEFAP, Arantxa Katalanisch  Ger\u00e4te der prim\u00e4ren Gesundheitsversorgung in unserem Land m\u00fcssen der Apotheker zur Analyse der \u00c4rzte verschreiben und Konsum von Drogen durch Patienten und B\u00fcrger, unabh\u00e4ngig von der Quelle der Verschreibung Krankenhaus oder Grundversorgung &#8221;. <\/p>\n<p>Ebenfalls bekr\u00e4ftigt, die  Straffung Medizinische Kriterien festzusetzen, und wenn man medizinische beeinflussen muss Profis ihre Verschreibung \u00e4ndern Gewohnheiten. All dies mu\u00df machte es Arzneimittel mit einer Spezialisierung in F\u00e4higkeiten, die manchmal erg\u00e4nzen ihre eigenen Krankenhaus-Apotheke und manchmal haben einen eigenen Besonderheit &#8221;. <\/p>\n<p>Die SEFAP wurde erkannt, dass die Autonome Gemeinschaften Regelungen, die die Funktionen der Dienste und Grundversorgung Apotheke Einheiten zu schaffen, aber seltsamerweise bisher nicht hat den Titel dieser Spezialit\u00e4t, oder gewesen reguliert die Anforderungen f\u00fcr den Zugriff auf diese Spezialit\u00e4t, noch das Programm der Ausbildung. <\/p>\n<p>Daher aktualisiert die spanische Gesellschaft f\u00fcr Apotheker in Grundversorgung fordert die Einbeziehung von Specialty Apotheke in der Prim\u00e4rversorgung, in den Text des K\u00f6niglichen Dekrets erstellt neue Spezialist Titel und das Trainingssystem bestimmte Spezialit\u00e4ten in Gesundheitswissenschaften. <\/p>\n<p><\/font><\/font><\/p>\n","protected":false},"excerpt":{"rendered":"<p>La SEFAP fordert rechtliche Anerkennung der Spezialit\u00e4t der Apotheke Pflege prim\u00e4re. Die spanische Gesellschaft f\u00fcr Apotheker in der Grundversorgung (SEFAP) pr\u00e4sentiert Behauptungen auf den Text des Entwurfs der k\u00f6niglichen Erlass die Neuheiten der Spezialist. erstellt -Die SEFAP begr\u00fc\u00dft die Initiative der regulatorische, denn es durch das Management der Gesundheitsberufe -gleichzeitig, betont die notwendige Aufnahme von [&hellip;]<\/p>\n","protected":false},"author":1,"featured_media":0,"comment_status":"close","ping_status":"open","sticky":false,"template":"","format":"standard","meta":{"footnotes":""},"categories":[3],"tags":[6736,6740,6741,6742,6744,6746,6743,6745,6739,6738,6737],"class_list":{"0":"post-1743","1":"post","2":"type-post","3":"status-publish","4":"format-standard","5":"hentry","6":"category-allgemeine","7":"tag-ibs-e","8":"tag-sefap","9":"tag-behauptungen","10":"tag-entwurfs","11":"tag-erlass","12":"tag-erstellt","13":"tag-kniglichen","14":"tag-neuheiten","15":"tag-primre","16":"tag-rechtliche","18":"et-doesnt-have-format-content","19":"et_post_format-et-post-format-standard"},"_links":{"self":[{"href":"https:\/\/www.best-dentist-dentistry.com\/de\/wp-json\/wp\/v2\/posts\/1743","targetHints":{"allow":["GET"]}}],"collection":[{"href":"https:\/\/www.best-dentist-dentistry.com\/de\/wp-json\/wp\/v2\/posts"}],"about":[{"href":"https:\/\/www.best-dentist-dentistry.com\/de\/wp-json\/wp\/v2\/types\/post"}],"author":[{"embeddable":true,"href":"https:\/\/www.best-dentist-dentistry.com\/de\/wp-json\/wp\/v2\/users\/1"}],"replies":[{"embeddable":true,"href":"https:\/\/www.best-dentist-dentistry.com\/de\/wp-json\/wp\/v2\/comments?post=1743"}],"version-history":[{"count":0,"href":"https:\/\/www.best-dentist-dentistry.com\/de\/wp-json\/wp\/v2\/posts\/1743\/revisions"}],"wp:attachment":[{"href":"https:\/\/www.best-dentist-dentistry.com\/de\/wp-json\/wp\/v2\/media?parent=1743"}],"wp:term":[{"taxonomy":"category","embeddable":true,"href":"https:\/\/www.best-dentist-dentistry.com\/de\/wp-json\/wp\/v2\/categories?post=1743"},{"taxonomy":"post_tag","embeddable":true,"href":"https:\/\/www.best-dentist-dentistry.com\/de\/wp-json\/wp\/v2\/tags?post=1743"}],"curies":[{"name":"wp","href":"https:\/\/api.w.org\/{rel}","templated":true}]}}