{"id":17440,"date":"2012-09-24T03:29:19","date_gmt":"2012-09-24T03:29:19","guid":{"rendered":null},"modified":"-0001-11-30T00:00:00","modified_gmt":"-0001-11-30T00:00:00","slug":"hospital-galdakao-usansolo-celebrates-the-european-mobility-week-with-a-photo-exhibition-of-alternative-transport","status":"publish","type":"post","link":"https:\/\/www.best-dentist-dentistry.com\/de\/hospital-galdakao-usansolo-celebrates-the-european-mobility-week-with-a-photo-exhibition-of-alternative-transport\/17440","title":{"rendered":"hospital galdakao usansolo celebrates the european mobility week with a photo exhibition of alternative transport"},"content":{"rendered":"<p><font size=\"2\"> <strong><font size=\"3\"> Krankenhaus Galdakao-Usansolo feiert die Europ\u00e4ische Mobilit\u00e4tswoche mit einer Ausstellung von alternativen Verkehrsmitteln<\/font> <\/p>\n<p> Europ\u00e4ischen Mobilit\u00e4tswoche. Tag ohne Auto <\/p>\n<p> in die richtige Richtung bewegen!<\/strong><\/p>\n<p>-zielt darauf ab, das Bewusstsein und geben Denkanst\u00f6\u00dfe f\u00fcr Patienten und Personal des Zentrums \u00fcber die Folgen des Autos in der Stadt. <\/p>\n<p>-Bilder \u00fcbertragen wurden uneigenn\u00fctzig von Menschen aus verschiedenen Berufen zusammen von den Fans auf die Fotografie. <\/p>\n<p>-Probe werden in den Einrichtungen des Gesundheitszentrums ausgesetzt werden, bis zum Ende des Monats. <\/p>\n<p><strong>Bilbao, September 2012.<\/strong> Krankenhaus Galdakao-Usansolo (HGU) feiert das zweite Jahr in Folge die Europ\u00e4ische Mobilit\u00e4tswoche, das von 16 bis 22 September gefeiert wird. Bei dieser Gelegenheit tut sie dies mit einer Fotoausstellung auf alternative Transportmittel der Welt, die insgesamt 27 Fotos sammelt. <\/p>\n<p>Auch unter dem Motto &#8220;in den Mobilit\u00e4tspl\u00e4nen in Ihrer Stadt teilnehmen: in die richtige Richtung bewegen! &#8221;, Krankenhaus Galdakao-Usansolo schlie\u00dft sich dieser Initiative, die von des Europarates, das darauf abzielt zu sensibilisieren und \u00fcber die Folgen des Autos in der Stadt, sowohl f\u00fcr die \u00f6ffentliche Gesundheit und die Umwelt zu denken. <\/p>\n<p>&#8220;Die Bilder zeigen nachhaltige Verkehrstr\u00e4ger wie Bahn, Meter, Stra\u00dfenbahnen, Busse, Fahrr\u00e4der, Ballons, Esel usw.. Alle von ihnen erscheint bis Ende dieses Monats von mehreren Panels in der Lobby der zentralen Zulassung, Zulassung von externen Abfragen, Notaufnahme warten und auch im Chorumgang der Durango gelegen. Die Zuordnung der gleichen wurde altruistischen von ihren Autoren, Menschen in verschiedenen Berufen Vereinigte durch die Liebe der Fotografie und der Zusammenarbeit mit dem Krankenhaus in der Feier der Woche der Mobilit\u00e4t wollte. <\/p>\n<p>Die Ausstellung wird auch in der Feier von diesem Samstag, 22. September, den Tag ohne Auto umrahmt. Ziel der Initiative, erkl\u00e4rt Pilar Uriarte, Koordinator der Kampagne und Direktor des dem Krankenhauspersonal ist  spiegeln sowohl Arbeitnehmern als Patienten auf individuelle Nutzung des Transportmittels, so dass sie gewissen haben, wenn nachhaltig zu tun &#8221;. <\/p>\n<p><\/font><\/p>\n","protected":false},"excerpt":{"rendered":"<p>Krankenhaus Galdakao-Usansolo feiert die Europ\u00e4ische Mobilit\u00e4tswoche mit einer Ausstellung von alternativen Verkehrsmitteln Europ\u00e4ischen Mobilit\u00e4tswoche. Tag ohne Auto in die richtige Richtung bewegen! -zielt darauf ab, das Bewusstsein und geben Denkanst\u00f6\u00dfe f\u00fcr Patienten und Personal des Zentrums \u00fcber die Folgen des Autos in der Stadt. -Bilder \u00fcbertragen wurden uneigenn\u00fctzig von Menschen aus verschiedenen Berufen zusammen von [&hellip;]<\/p>\n","protected":false},"author":1,"featured_media":0,"comment_status":"close","ping_status":"open","sticky":false,"template":"","format":"standard","meta":{"footnotes":""},"categories":[3],"tags":[],"class_list":["post-17440","post","type-post","status-publish","format-standard","hentry","category-allgemeine","et-doesnt-have-format-content","et_post_format-et-post-format-standard"],"_links":{"self":[{"href":"https:\/\/www.best-dentist-dentistry.com\/de\/wp-json\/wp\/v2\/posts\/17440","targetHints":{"allow":["GET"]}}],"collection":[{"href":"https:\/\/www.best-dentist-dentistry.com\/de\/wp-json\/wp\/v2\/posts"}],"about":[{"href":"https:\/\/www.best-dentist-dentistry.com\/de\/wp-json\/wp\/v2\/types\/post"}],"author":[{"embeddable":true,"href":"https:\/\/www.best-dentist-dentistry.com\/de\/wp-json\/wp\/v2\/users\/1"}],"replies":[{"embeddable":true,"href":"https:\/\/www.best-dentist-dentistry.com\/de\/wp-json\/wp\/v2\/comments?post=17440"}],"version-history":[{"count":0,"href":"https:\/\/www.best-dentist-dentistry.com\/de\/wp-json\/wp\/v2\/posts\/17440\/revisions"}],"wp:attachment":[{"href":"https:\/\/www.best-dentist-dentistry.com\/de\/wp-json\/wp\/v2\/media?parent=17440"}],"wp:term":[{"taxonomy":"category","embeddable":true,"href":"https:\/\/www.best-dentist-dentistry.com\/de\/wp-json\/wp\/v2\/categories?post=17440"},{"taxonomy":"post_tag","embeddable":true,"href":"https:\/\/www.best-dentist-dentistry.com\/de\/wp-json\/wp\/v2\/tags?post=17440"}],"curies":[{"name":"wp","href":"https:\/\/api.w.org\/{rel}","templated":true}]}}