{"id":17486,"date":"2012-09-25T02:33:34","date_gmt":"2012-09-25T02:33:34","guid":{"rendered":null},"modified":"-0001-11-30T00:00:00","modified_gmt":"-0001-11-30T00:00:00","slug":"bng-and-pp-star-in-a-hard-confrontation-in-the-galician-parliament","status":"publish","type":"post","link":"https:\/\/www.best-dentist-dentistry.com\/de\/bng-and-pp-star-in-a-hard-confrontation-in-the-galician-parliament\/17486","title":{"rendered":"BNG und PP Sterne in eine harte Konfrontation im galicischen Parlament"},"content":{"rendered":"<p class=\"first\"> <span class=\"yshortcuts\" id=\"lw_1335300400_5\"> Santiago De Compostela<\/span>, 24 APR (EFE).-Stellvertreter des <span class=\"yshortcuts\" id=\"lw_1335300400_1\"> BNG Carlos Aymerich<\/span> und Sprecherin der popul\u00e4ren Gruppe <span class=\"yshortcuts\" id=\"lw_1335300400_0\"> Pedro Puy<\/span>, haben heute eine harte Konfrontation im <span class=\"yshortcuts\" id=\"lw_1335300400_3\"> Galicischen Parlament<\/span> w\u00e4hrend der Debatte \u00fcber eine Initiative zur NCG Bank inszeniert.<\/p>\n<p>diesem sp\u00e4ten kein Vorschlag f\u00fcr einen Rechtsakt auf Aktionen, die die Regionalregierung in Bezug auf die Situation der Novagalicia Bank, beantragt die FROB durchf\u00fchren m\u00fcssen <span class=\"yshortcuts\" id=\"lw_1335300400_6\"> Aymerich verteidigt<\/span> verklagen die \u00dcbertragung der Beteiligung an der NCG und einen Plan der Umwandlung in ein \u00f6ffentlichen Kreditinstitut, neben anderen Ma\u00dfnahmen zu formulieren.<\/p>\n<p>Im Verlauf der Aussprache der Sprecher der PP, Pedro Puy, beschuldigt Aymerich &#8220;Populismus&#8221; vorschlug, seiner Meinung nach, dass die FROB &#8220;Galicien ihre Teilnahme an dieser Bank gab&#8221;.<\/p>\n<p>Diese Aussagen irritiert das nationalistische Mitglied, der sagte, dass der PP und der Xunta, jedoch nicht, keine Bedenken &#8220;geben die amerikanischen Mittel, andere Ausl\u00e4nder oder spanische Freunde der private-Banking-Entit\u00e4t&#8221;.<\/p>\n<p>Weiter &#8220;Populismus f\u00fcr PP ist wie Cholesterin, so gibt es gute und schlechte,&#8221;.<\/p>\n<p>Auch beschrieben als &#8220;Rechtsextremismus Fremdenfeindlichkeit&#8221; die Aussagen von einigen F\u00fchrern der PP das rechtfertigen die Ma\u00dfnahmen der Regierung im \u00f6ffentlichen Gesundheitswesen und nahm Bezug auf die Nutzung durch irregul\u00e4re Migranten in Spanien zur\u00fcck.<\/p>\n<p>&#8220;Sagte Alfonso Alonso, dass Spanien kann nicht sein ein Einrasten der Zuwanderer, aber die Galicier migrieren und eine Berater der PP in Kastilien-La Mancha sagt, es gibt, die in Mons die Vorteile kommt&#8230;&#8221; &#8220;Das ist das Schlimmste, die schlimmsten Fremdenfeindlichkeit Populismus ist Faschismus, Rechtsextremismus, sagte.<\/p>\n<p>Diese Aussagen f\u00fcr Aufsehen im Haus, vor allem in den B\u00e4nken der PP, die verstanden haben, dass Eymerich sie rief &#8220;Faschisten&#8221;.<\/p>\n<p>In der Mitte dieser Aufruhr Eymerich weiter: &#8220;Das bereits wird wie der Reichstag nicht Bundestag.&#8221; &#8220;Diese Deklarationen sind faschistische, wieder ich wiederhole&#8221;.<\/p>\n<p>Nach einer Intervention durch den Pr\u00e4sidenten des Parlaments, Pilar Rojo, die bedroht und rufen zur Ordnung zu Pedro Puy, das Mitglied der BNG vereinbart, das Wort &#8220;Faschismus&#8221; zu entfernen, obwohl er hinzugef\u00fcgt: &#8220;Lasst uns Rechtsextremismus Fremdenfeindlichkeit&#8221;.<\/p>\n<p>Nach der Debatte \u00fcber die Initiative, die schlie\u00dflich abgelehnt wurde, beantragte der Sprecher der PP R\u00fcckzug der W\u00f6rter von der nationalistischen Mitglied f\u00fcr Verst\u00e4ndnis, die faschistischen an der beliebten Gruppe, was der Pr\u00e4sident der regionalen Kammer, wurde, obwohl Aymerich, wer nicht die Redezeit erhalten, aus Mikrofon, das Sie fragte zu &#8220;kl\u00e4ren&#8221; seine Worte nicht mehr aufgerufen hat, denn er nicht genannt &#8220;faschistischen&#8221; zur Gruppe der PPdeG hatte.<\/p>\n","protected":false},"excerpt":{"rendered":"<p>Santiago De Compostela, 24 APR (EFE).-Stellvertreter des BNG Carlos Aymerich und Sprecherin der popul\u00e4ren Gruppe Pedro Puy, haben heute eine harte Konfrontation im Galicischen Parlament w\u00e4hrend der Debatte \u00fcber eine Initiative zur NCG Bank inszeniert. diesem sp\u00e4ten kein Vorschlag f\u00fcr einen Rechtsakt auf Aktionen, die die Regionalregierung in Bezug auf die Situation der Novagalicia Bank, [&hellip;]<\/p>\n","protected":false},"author":1,"featured_media":0,"comment_status":"close","ping_status":"open","sticky":false,"template":"","format":"standard","meta":{"footnotes":""},"categories":[3],"tags":[28647],"class_list":["post-17486","post","type-post","status-publish","format-standard","hentry","category-allgemeine","tag-hirntod","et-doesnt-have-format-content","et_post_format-et-post-format-standard"],"_links":{"self":[{"href":"https:\/\/www.best-dentist-dentistry.com\/de\/wp-json\/wp\/v2\/posts\/17486","targetHints":{"allow":["GET"]}}],"collection":[{"href":"https:\/\/www.best-dentist-dentistry.com\/de\/wp-json\/wp\/v2\/posts"}],"about":[{"href":"https:\/\/www.best-dentist-dentistry.com\/de\/wp-json\/wp\/v2\/types\/post"}],"author":[{"embeddable":true,"href":"https:\/\/www.best-dentist-dentistry.com\/de\/wp-json\/wp\/v2\/users\/1"}],"replies":[{"embeddable":true,"href":"https:\/\/www.best-dentist-dentistry.com\/de\/wp-json\/wp\/v2\/comments?post=17486"}],"version-history":[{"count":0,"href":"https:\/\/www.best-dentist-dentistry.com\/de\/wp-json\/wp\/v2\/posts\/17486\/revisions"}],"wp:attachment":[{"href":"https:\/\/www.best-dentist-dentistry.com\/de\/wp-json\/wp\/v2\/media?parent=17486"}],"wp:term":[{"taxonomy":"category","embeddable":true,"href":"https:\/\/www.best-dentist-dentistry.com\/de\/wp-json\/wp\/v2\/categories?post=17486"},{"taxonomy":"post_tag","embeddable":true,"href":"https:\/\/www.best-dentist-dentistry.com\/de\/wp-json\/wp\/v2\/tags?post=17486"}],"curies":[{"name":"wp","href":"https:\/\/api.w.org\/{rel}","templated":true}]}}