{"id":17517,"date":"2012-09-25T02:36:56","date_gmt":"2012-09-25T02:36:56","guid":{"rendered":null},"modified":"-0001-11-30T00:00:00","modified_gmt":"-0001-11-30T00:00:00","slug":"the-medical-union-of-the-comunitat-valenciana-studied-a-possible-strike-in-public-health","status":"publish","type":"post","link":"https:\/\/www.best-dentist-dentistry.com\/de\/the-medical-union-of-the-comunitat-valenciana-studied-a-possible-strike-in-public-health\/17517","title":{"rendered":"Die medizinische Vereinigung der Comunitat Valenciana studierte einen m\u00f6glichen Streik im \u00f6ffentlichen Gesundheitswesen"},"content":{"rendered":"<p class=\"first\"> VALENCIA, 28 (EUROPA PRESS)<\/p>\n<p>Die medizinische Vereinigung der Region Valencia (CESM-CV) gibt es ein Streik in der Gesundheit &#8220;in der Verteidigung der Rechte der \u00c4rzte, Arbeiter und B\u00fcrger zu einer allgemeinen Gesundheit&#8221; f\u00fcr alle ver\u00f6ffentlicht. Auch aufgefordert, eine solche Ma\u00dfnahme zu anderen Gesundheit Gewerkschaften.<\/p>\n<p>CESM-CV, wie er in einem Communiqu\u00e9 ausstehende &#8220;Verweigerung&#8221; des Ministeriums f\u00fcr Gesundheit \u00fcber die Aktionen des Rates und sein Vizepr\u00e4sident, Jos\u00e9 C\u00edscar, &#8220;verschiedene Entscheidungen&#8221; angedeutet hat.<\/p>\n<p>Medizinische Union trat Demonstrationen in der Verteidigung des Staates der Wohlfahrt und \u00d6ffentlichkeit Service: an diesem Sonntag stattfinden und hat alle \u00c4rzte aufgerufen, sodass sie auch hinzugef\u00fcgt werden k\u00f6nnte.<\/p>\n<p>&#8220;Nach den j\u00fcngsten Angriffen auf das nationale Gesundheitssystem (SNS), die Rechte der B\u00fcrger und der Angeh\u00f6rigen der Gesundheitsberufe&#8221;, CESM-CV h\u00e4lt &#8220;an alle Gesundheitswesen Gewerkschaften sind, zu verhindern, den Abbau der Gesundheit vereint \u00e4therische ver\u00f6ffentlicht&#8221;. &#8220;Das Dekret und die Beschl\u00fcsse des Rates in der gestrigen erfordern eine drastische Antwort, unterstrichen durch.<\/p>\n<p>&#8220;<\/p>\n<p>Auch als Teil des Cemsatse, hat die Demonstration forderte 10. Mai in allen Krankenh\u00e4usern gegen Trimmen Ma\u00dfnahmen verbunden.<\/p>\n<p>&#8220;Zur\u00fcck zu vor Jahrzehnten&#8221;<\/p>\n<p>Als Mitglied der F\u00f6deration der Gewerkschaften der Bildung und Gesundheit (FSES), CESM-CV prangerte &#8220;die R\u00fcckkehr zur Situationen bereits vor Jahrzehnten \u00fcberwunden betreffend die Garantie der Grundrechte der B\u00fcrger&#8221;. Er kritisierte auch &#8220;absolute Verachtung, die von den Beh\u00f6rden mit der Arbeitsrechte der \u00c4rzte und Beamte im allgemeinen angezeigt wird&#8221;. <\/p>\n<p>\u00c4nderung Zeitpl\u00e4ne und Verg\u00fctungssysteme, sind unterdr\u00fcckte Berufsgruppen von einem Tag zum anderen, all dies, ohne einen mit den Sozialpartnern Dialog Tarifverhandlungen &#8220;, hat zensiert.<\/p>\n<p>In dieser Zeile der Angeklagte versteht &#8220;Es ist nicht zul\u00e4ssig, unser Land wieder das aktuelle Sozialmodell im ersten Drittel des 20. Jahrhunderts durch die Unf\u00e4higkeit oder b\u00f6ser Absicht unser Herrscher&#8221;.<\/p>\n<p>F\u00fcr diese Entit\u00e4t &#8220;zerst\u00f6ren unsere nationalen Gesundheitssystems l\u00f6st nicht die Probleme der Finanzierung&#8221;. Zus\u00e4tzlich hinzugef\u00fcgt: &#8220;nicht ist imposant auf \u00c4rzte Verworfenheit Ablehnung des Gesundheitswesens f\u00fcr bestimmte Gruppen als auch f\u00fcr die Verschreibung von Medikamenten wie it&rsquo;s gonna get seine Verwicklung in jeder Art von reform&#8221;.<\/p>\n<p>&#8220;Ist nicht die Verantwortung der Gesundheitsberufe definieren Einwanderungspolitik oder, viel weniger, dass Unterlassung der Erleichterung einer Person Hilfe ben\u00f6tigt&#8221;. &#8220;Kann nicht die Geiseln oder die Mitt\u00e4ter der erratischen Politik in diesem Bereich&#8221;, betonte.<\/p>\n<p>CESM-CV \u00e4u\u00dferte seine Verteidigung &#8220;rechts von allen Spaniern&#8221;, durch die blo\u00dfe Tatsache, dass so, in einer hochwertigen Gesundheitsversorgung, finanziert aus dem Gesamthaushalt des Staates und ohne diskriminierende Standardisierung erhalten.<\/p>\n<p>In diesem Zusammenhang ist der Auffassung, die dazu beitragen, die Pharmaindustrie Bestimmung basierend auf das Einkommen &#8220;generiert eine Verschlechterung im Gesundheitswesen als ein Recht der Staatsangeh\u00f6rigkeit, da das System durch progressive Besteuerung in der diese finanziert wird, die bereits einen Beitrag mehr mit mehr&#8221;.<\/p>\n<p>Gut, versteht, dass zum Zeitpunkt der Teilnahme, &#8220;wirtschaftlichen Zugang zu Dienstleistungen der Geschlechter sollte herrschen, denn es eine Garantie des sozialen Zusammenhalts ist: gibt es keine reichen oder Armen Zugang zu medizinischer Versorgung, sondern frei und gleich B\u00fcrger&#8221;.  <\/p>\n<p>CESM-CV hat darauf bestanden, dass der Rat &#8220;ist einen schweren und irreversiblen Fehler machen, indem Sie sich weigern, eine L\u00f6sung auf das Dekret von K\u00fcrzungen zu verhandeln, dass es alle Besch\u00e4ftigten im \u00f6ffentlichen Dienst gegen oder &#8211; jetzt privatisiert hinzugef\u00fcgt hat Gesundheit mit Ausnahme der sektoralen Tabelle und Arbeitnehmer zu ignorieren&#8221;.<\/p>\n","protected":false},"excerpt":{"rendered":"<p>VALENCIA, 28 (EUROPA PRESS) Die medizinische Vereinigung der Region Valencia (CESM-CV) gibt es ein Streik in der Gesundheit &#8220;in der Verteidigung der Rechte der \u00c4rzte, Arbeiter und B\u00fcrger zu einer allgemeinen Gesundheit&#8221; f\u00fcr alle ver\u00f6ffentlicht. Auch aufgefordert, eine solche Ma\u00dfnahme zu anderen Gesundheit Gewerkschaften. CESM-CV, wie er in einem Communiqu\u00e9 ausstehende &#8220;Verweigerung&#8221; des Ministeriums f\u00fcr [&hellip;]<\/p>\n","protected":false},"author":1,"featured_media":0,"comment_status":"close","ping_status":"open","sticky":false,"template":"","format":"standard","meta":{"footnotes":""},"categories":[3],"tags":[],"class_list":["post-17517","post","type-post","status-publish","format-standard","hentry","category-allgemeine","et-doesnt-have-format-content","et_post_format-et-post-format-standard"],"_links":{"self":[{"href":"https:\/\/www.best-dentist-dentistry.com\/de\/wp-json\/wp\/v2\/posts\/17517","targetHints":{"allow":["GET"]}}],"collection":[{"href":"https:\/\/www.best-dentist-dentistry.com\/de\/wp-json\/wp\/v2\/posts"}],"about":[{"href":"https:\/\/www.best-dentist-dentistry.com\/de\/wp-json\/wp\/v2\/types\/post"}],"author":[{"embeddable":true,"href":"https:\/\/www.best-dentist-dentistry.com\/de\/wp-json\/wp\/v2\/users\/1"}],"replies":[{"embeddable":true,"href":"https:\/\/www.best-dentist-dentistry.com\/de\/wp-json\/wp\/v2\/comments?post=17517"}],"version-history":[{"count":0,"href":"https:\/\/www.best-dentist-dentistry.com\/de\/wp-json\/wp\/v2\/posts\/17517\/revisions"}],"wp:attachment":[{"href":"https:\/\/www.best-dentist-dentistry.com\/de\/wp-json\/wp\/v2\/media?parent=17517"}],"wp:term":[{"taxonomy":"category","embeddable":true,"href":"https:\/\/www.best-dentist-dentistry.com\/de\/wp-json\/wp\/v2\/categories?post=17517"},{"taxonomy":"post_tag","embeddable":true,"href":"https:\/\/www.best-dentist-dentistry.com\/de\/wp-json\/wp\/v2\/tags?post=17517"}],"curies":[{"name":"wp","href":"https:\/\/api.w.org\/{rel}","templated":true}]}}