{"id":17632,"date":"2012-09-26T02:30:29","date_gmt":"2012-09-26T02:30:29","guid":{"rendered":null},"modified":"-0001-11-30T00:00:00","modified_gmt":"-0001-11-30T00:00:00","slug":"cayo-lara-denounced-democratic-involution-involving-the-new-settings","status":"publish","type":"post","link":"https:\/\/www.best-dentist-dentistry.com\/de\/cayo-lara-denounced-democratic-involution-involving-the-new-settings\/17632","title":{"rendered":"Cayo Lara denunziert &#8220;demokratischen Involution&#8221; mit die neuen Einstellungen"},"content":{"rendered":"<p class=\"first\"> Madrid, 21 APR (EFE).-die Bundesrepublik Koordinator der United linken (IU), Cayo Lara, hat heute der Auffassung, dass die neuen Einstellungen, die gestern von der Regierung beschlossenen eine &#8220;demokratische Regression&#8221; mit dem &#8220;bestraft werden&#8221; Gesundheit und Bildung darstellen.<\/p>\n<p>In Erkl\u00e4rungen f\u00fcr die Medien vor dem Eingriff in die Kommission Executive der Partei der Europ\u00e4ischen Linken, Lara prangerte auch die Absicht der F\u00fchrungskraft &#8220;zur\u00fcck zur letzten Jahrhunderts&#8221; auf universit\u00e4rer Ebene mit dem Aufstieg in Raten und zu zwingen, B\u00fcrger &#8220;zweimal bezahlen&#8221; Volksgesundheit.<\/p>\n<p>IU F\u00fchrer hat kritisiert, dass diese Ma\u00dfnahmen parallel zur &#8220;Steuer-Amnestien f\u00fcr die gro\u00dfe Betr\u00fcger&#8221;.<\/p>\n<p>In diesem Sinne daran erinnert, dass laut einer Studie der spanischen Justiz Staatsanwalt internationale Organisation 10. Platz in Steuerbetrug in einer Liste von 145 L\u00e4nder liegt und 60000 Millionen Euro gesch\u00e4tzt, 73 Prozent des Betrugs begangen es gro\u00dfe Unternehmen, die mehr als 100 Millionen Euro pro Jahr in Rechnung gestellt.<\/p>\n<p>Cayo Lara prangerte Zugangsbeschr\u00e4nkungen Gesundheitsversorgung f\u00fcr MigrantInnen, die seiner Meinung nach &#8220;die Europ\u00e4ischen \u00dcbereinkommen, die allgemeine Erkl\u00e4rung der Menschenrechte und der spanischen Verfassung selbst verletzt&#8221;.<\/p>\n<p>Hat davor gewarnt, der stellte durch ein Land, ein B\u00fcrger, &#8220;ob ein Papier&#8221; leugnen &#8211; in Anspielung auf seine Regularisierung &#8211; Gesundheitswesen, schwere und &#8220;lassen Sie sterben&#8221; indem Sie nicht solche Sorge.<\/p>\n<p>&#8220;Glauben, dass dort ist kein Krankenhaus, viele Gesetze, die diese Regierung, machen die Pflege einer Person mit einer schweren Krankheit zu geben, die Aufmerksamkeit erfordert ablehnt&#8221;, wurde hinzugef\u00fcgt.<\/p>\n<p>Hat betont, &#8220;Volksgesundheit ist eine Eroberung der meisten zivilisierten Gesellschaft unserer Zeit&#8221; und kann nicht sein &#8220;Zustimmung es ist sichern&#8221;.<\/p>\n<p>Lara hinzugef\u00fcgt, dass Krankenversicherung einer menschlichen Handlung, sogar &#8220;christliche, f\u00fcr diejenigen, die manchmal im Namen dieses Christentum zu sprechen&#8221; und warum muss &#8220;stop diese Offensive&#8221; der Regierung, die &#8220;nicht im Sinne eines jeden Menschen, unabh\u00e4ngig ihrer Ideologie&#8221;.<\/p>\n<p>Auch verweigert hat, gibt es keine ausreichenden Ressourcen, um gesundheitliche Probleme zu beheben, und hat darauf hingewiesen, dass die Ausgaben f\u00fcr Gesundheit in Spanien, als Prozentsatz des BIP, sowohl pro Kopf unter dem EU-Durchschnitt ist.<\/p>\n<p>Obwohl seine Partei noch nicht entschieden, wenn es einen Appell der Verfassungswidrigkeit von dieser Ma\u00dfnahme vorlegen wird, Cayo Lara darauf bestanden hat, dass wenn alle B\u00fcrger gleich vor das Gesetz m\u00f6glicherweise nicht, dass ein von ihnen, die Teil &#8220;neben dieses Recht in der spanischen Verfassung verankert werden k\u00f6nnen&#8221;.<\/p>\n<p>IU F\u00fchrer bedauert, dass Freitag &#8211; wenn trifft der Rat der Minister &#8211; sind nun jetzt &#8220;Freitag schwarz dieses Marianischen Zeitalters&#8221;, in die sind &#8220;Ma\u00dfnahmen gegen die B\u00fcrger&#8221; genehmigt und mit einer Regierung, die &#8220;f\u00fcr die Menschen, sondern f\u00fcr den gro\u00dfen finanziellen Kr\u00e4ften und Markt Spekulanten machen zahlen die Krise regieren nicht&#8221;, die nicht daf\u00fcr verantwortlich sind.<\/p>\n","protected":false},"excerpt":{"rendered":"<p>Madrid, 21 APR (EFE).-die Bundesrepublik Koordinator der United linken (IU), Cayo Lara, hat heute der Auffassung, dass die neuen Einstellungen, die gestern von der Regierung beschlossenen eine &#8220;demokratische Regression&#8221; mit dem &#8220;bestraft werden&#8221; Gesundheit und Bildung darstellen. In Erkl\u00e4rungen f\u00fcr die Medien vor dem Eingriff in die Kommission Executive der Partei der Europ\u00e4ischen Linken, Lara [&hellip;]<\/p>\n","protected":false},"author":1,"featured_media":0,"comment_status":"close","ping_status":"open","sticky":false,"template":"","format":"standard","meta":{"footnotes":""},"categories":[3],"tags":[28789,28788],"class_list":["post-17632","post","type-post","status-publish","format-standard","hentry","category-allgemeine","tag-denunziert","tag-herzerkrankungen","et-doesnt-have-format-content","et_post_format-et-post-format-standard"],"_links":{"self":[{"href":"https:\/\/www.best-dentist-dentistry.com\/de\/wp-json\/wp\/v2\/posts\/17632","targetHints":{"allow":["GET"]}}],"collection":[{"href":"https:\/\/www.best-dentist-dentistry.com\/de\/wp-json\/wp\/v2\/posts"}],"about":[{"href":"https:\/\/www.best-dentist-dentistry.com\/de\/wp-json\/wp\/v2\/types\/post"}],"author":[{"embeddable":true,"href":"https:\/\/www.best-dentist-dentistry.com\/de\/wp-json\/wp\/v2\/users\/1"}],"replies":[{"embeddable":true,"href":"https:\/\/www.best-dentist-dentistry.com\/de\/wp-json\/wp\/v2\/comments?post=17632"}],"version-history":[{"count":0,"href":"https:\/\/www.best-dentist-dentistry.com\/de\/wp-json\/wp\/v2\/posts\/17632\/revisions"}],"wp:attachment":[{"href":"https:\/\/www.best-dentist-dentistry.com\/de\/wp-json\/wp\/v2\/media?parent=17632"}],"wp:term":[{"taxonomy":"category","embeddable":true,"href":"https:\/\/www.best-dentist-dentistry.com\/de\/wp-json\/wp\/v2\/categories?post=17632"},{"taxonomy":"post_tag","embeddable":true,"href":"https:\/\/www.best-dentist-dentistry.com\/de\/wp-json\/wp\/v2\/tags?post=17632"}],"curies":[{"name":"wp","href":"https:\/\/api.w.org\/{rel}","templated":true}]}}