{"id":1765,"date":"2014-02-06T23:08:25","date_gmt":"2014-02-06T23:08:25","guid":{"rendered":null},"modified":"2014-02-06T23:08:25","modified_gmt":"2014-02-06T23:08:25","slug":"the-spirometry-advisable-in-smokers-over-age-40-with-symptoms-of-respiratory-problems","status":"publish","type":"post","link":"https:\/\/www.best-dentist-dentistry.com\/de\/the-spirometry-advisable-in-smokers-over-age-40-with-symptoms-of-respiratory-problems\/1765","title":{"rendered":"Die Spirometrie, ratsam bei Rauchern \u00fcber 40 Jahren mit Symptomen von Erkrankungen der Atemwege."},"content":{"rendered":"<p><strong>Alter der Spirometrie, ratsam bei Rauchern \u00fcber 40 mit Symptomen der Probleme Atmung. <br \/><font size=\"2\"> <br \/>Santander Gastgeber die erste Nationalkonferenz der Atemwege der spanischen Gesellschaft der \u00c4rzte f\u00fcr Primary Care (SEMERGEN), dessen Einweihung durch den Pr\u00e4sidenten der Regierung Kantabrien, Diego Ignacio tr\u00e4gt.<\/strong><font size=\"2\"> <\/p>\n<p>-Zwischen 10 und 20 Prozent der Betreuung Beweislast Hausarzt hat zu tun mit diesen Krankheiten <\/p>\n<p>-die neue ist eine der entscheidenden Schlacht von Atemwegserkrankungen wie Asthma, COPD und Schlafapnoe <\/p>\n<p>-die tats\u00e4chlichen Auswirkungen des antitobacco Gesetzes werden nicht in ein paar Jahren auf <\/p>\n<p>-es gibt sch\u00e4tzungsweise in Spanien mehrs zwei Millionen Menschen mit Schlaf-Apnoe, aber kaum ist diagnostizierten 10 % <\/p>\n<p> &#8211; im Einklang mit den pr\u00e4ventiven Arbeit von the Primary Care Physician am Samstag 1 stattfinden wird im Plaza Santa Justa Station, von 10:00 bis 13:00, t\u00e4glich offen f\u00fcr die Gemeinschaft <\/p>\n<p> <strong>Santander, 2011-Oktober<\/strong> am vergangenen Freitag und Samstag fand in Santander 1 Nationalkonferenz der Atemwege der spanischen Gesellschaft der \u00c4rzte in der Grundversorgung (SEMERGEN), die  soll einen umfassenden \u00dcberblick \u00fcber die Erkrankung der Atemwege vor allem in den Hausarzt machen &#8221;, erkl\u00e4rt Dr. Jos\u00e9 Antonio Quintano, nationaler Koordinator der Fraktion der Atemwege SEMERGEN. Das Programm ist voll von Workshops, die  die F\u00e4higkeiten dieser Fachleute bei der Diagnose und Behandlung von Krankheiten, die so weit verbreitet wie COPD (obstruktive chronische Lungenerkrankung), Asthma oder Schlaf-Apnoe Verbesserung &#8221;. <\/p>\n<p>Im Einklang mit der pr\u00e4ventiven Arbeit the Primary Care Physician, 1. Oktober Samstag fand in Plaza Alfonso XIII, von 10:00 bis 13:00, t\u00e4glich zu \u00f6ffnen, in die Gemeinschaft, die eine Reihe von vorbeugende T\u00e4tigkeiten im Zusammenhang mit Erkrankungen der Atemwege unter der Bev\u00f6lkerung.  alle diejenigen, die einen Test m\u00f6glicherweise durchgef\u00fchrt \u00fcber Ihren Zustand zu lernen Diese Krankheiten-Gesundheit und erhalten Informationen und Beratung zu den Themen &#8221;, erkl\u00e4rt.  Rund 60 % der Atemwege allgemeine Pathologie in Grundversorgung Konsultationen zu sehen &#8221;, laut Experte. Laut SEMERGEN zwischen 10 und 20 Prozent der Betreuung hat Beweislast Hausarzt mit diesen Krankheiten zu tun. <\/p>\n<p>Ein weiteres Ziel der Zelte wurde die Identifizierung neuer F\u00e4lle von COPD und Asthma, weil  die neue stellt eines der entscheidenden Schlacht des beide Krankheiten Pferde &#8221;, betont Dr. Jos\u00e9 Hern\u00e1ndez \u00darculo, Pr\u00e4sident des Organisationskomitees.  Dies ist auf die Symptome beider Krankheiten, die sehr \u00e4hnlich sind (Husten, Husten, Atemnot &#8221;, f\u00fcgt hinzu.) Die Spirometrie ist die diagnostische Methode schlechthin.  Der Test ist einfach und von standard Raucher \u00e4lter als 40, und diejenigen, die Symptome durchgef\u00fchrt werden &#8221;, erkl\u00e4rt. <\/p>\n<p>COPD geh\u00f6rt genau die Erkrankungen der Atemwege vor allem in der derzeitigen Situation, da es wirkt sich auf mehr als 10 % der spanischen Bev\u00f6lkerung mehr als 40 Jahren, und geht weg die dritte h\u00e4ufigste Todesursache.  Obwohl in der Regel auftreten, um diesem Alter, Krankheit entwickelt und wird von schweren Etappen ab 60 Jahren &#8221;, sagt der Experte.  Ist eine chronische Erkrankung, die erreichen sogar l\u00e4hmenden &#8221;, hinzugef\u00fcgt. Tabak ist die wichtigste Ursache. In der Tat,  die Einbeziehung von Frauen in die Gewohnheit, CHD verursacht mehr Diagnose der COPD in Frauen, etwas, die vor ein paar Jahren es nicht war &#8221;. Das antitobacco Gesetz getan hat, zu rauchen, aber  ihre tats\u00e4chlichen Auswirkungen werden nicht in ein paar Jahren auf &#8221;. <\/p>\n<p><strong>Etwa 50 % der Asthmatiker ist nicht diagnostizierten<\/strong> <\/p>\n<p>Bei Asthma ist die Pr\u00e4valenz etwa 5 % der Bev\u00f6lkerung, obwohl bei Kindern die Abbildung um 10 % erh\u00f6ht.  Ist die H\u00e4lfte der Asthmatiker diagnostiziert, durch haupts\u00e4chlich zu jungen Menschen gehen Sie einfach zum Arzt &#8221;, sagt Dr. Antonio Hidalgo, Pr\u00e4sident des wissenschaftlichen Ausschusses. Die wichtigsten Risikofaktor f\u00fcr diese St\u00f6rung ist die Allergie.  Im Gegensatz zu COPD, derzeit verf\u00fcgbare Therapien k\u00f6nnen umkehren den Verlauf der Krankheit selbst, obwohl es nicht heilen wird, wie es auch eine chronische &#8221;, sagt.  Hier der Schl\u00fcssel ist, wenden Sie das Medikament seit der Kindheit, wenn in diesem Alter diagnostiziert &#8221;. Wie es mit anderen Krankheiten, muss sich der Verdacht auf der ersten Ebene der Versorgung beruhen. <\/p>\n<p>Es gibt eine Atemwegserkrankung, die f\u00fcr die allgemeine Bev\u00f6lkerung nahezu unbekannt ist: Schlaf-Apnoe-Syndrom. Sch\u00e4tzungsweise in Spanien mehr als zwei Millionen Menschen an dieser Krankheit, obwohl nur 10 Prozent diagnostiziert wird. &#8221; H\u00e4ufiger als es erscheinen mag, und zahlreiche Unf\u00e4lle verursachen &#8221;, erkl\u00e4rt. Sie werden auch einige Pathologien der infekti\u00f6sen Charakter richten, die es scheint, dass sie ein in den letzten Jahren Comeback. Sehr lokalisierten Ausbr\u00fcche der Gemeinschaft erworbenen Pneumonie und Tuberkulose unterzogen werden.  Beider Krankheiten weiterhin ein gro\u00dfes Problem wegen der H\u00e4ufigkeit und auch schwere &#8221;, schlie\u00dft. <\/p>\n<p><strong>Spanische Gesellschaft f\u00fcr \u00c4rzte in der Grundversorgung (SEMERGEN)<\/strong> <\/p>\n<p>SEMERGEN ist der Pionier der Grundversorgung in Spanien, mit 37 Jahren Erfahrung. Er wurde gegr\u00fcndet mit dem Ziel der F\u00f6rderung der Familienmedizin durch die Erhaltung und Verbesserung der fachlichen Eignung von \u00c4rzten, F\u00f6rderung der Forschung und Weiterbildung des Arztes zu erleichtern, um die Qualit\u00e4t in der Pflege der Gesundheit der B\u00fcrger zu erhalten. <\/p>\n<p>Derzeit SEMERGEN hat mehr als zehntausend Mitglieder, und alle professionellen Felder vorhanden ist, wird die wissenschaftliche Gesellschaft, die zusammen bringt die meisten \u00c4rzte in der Prim\u00e4rversorgung arbeiten. <\/p>\n<p>Es hat 17 regionale Delegationen und demokratische Wahlen alle 4 Jahre stattfinden. SEMERGEN-Stiftung wurde 1999 gegr\u00fcndet. Dieses Jahr wird es seine drei\u00dfig-dritten Kongress sowie Dutzende von Regionalkonferenzen halten. <\/p>\n<p><\/font><\/font><\/p>\n","protected":false},"excerpt":{"rendered":"<p>Alter der Spirometrie, ratsam bei Rauchern \u00fcber 40 mit Symptomen der Probleme Atmung. Santander Gastgeber die erste Nationalkonferenz der Atemwege der spanischen Gesellschaft der \u00c4rzte f\u00fcr Primary Care (SEMERGEN), dessen Einweihung durch den Pr\u00e4sidenten der Regierung Kantabrien, Diego Ignacio tr\u00e4gt. -Zwischen 10 und 20 Prozent der Betreuung Beweislast Hausarzt hat zu tun mit diesen Krankheiten [&hellip;]<\/p>\n","protected":false},"author":1,"featured_media":0,"comment_status":"close","ping_status":"open","sticky":false,"template":"","format":"standard","meta":{"footnotes":""},"categories":[3],"tags":[6822,6819,6823,6826,6824,6815,6828,6827,6825,6820,6821,6817,6816,6818],"class_list":["post-1765","post","type-post","status-publish","format-standard","hentry","category-allgemeine","tag-semergen","tag-atmung","tag-dessen","tag-diego","tag-einweihung","tag-gedenkt","tag-getragen","tag-ignacio","tag-kantabrien","tag-nationalkonferenz","tag-primary","tag-rauchern","tag-spirometrie","tag-symptomen","et-doesnt-have-format-content","et_post_format-et-post-format-standard"],"_links":{"self":[{"href":"https:\/\/www.best-dentist-dentistry.com\/de\/wp-json\/wp\/v2\/posts\/1765","targetHints":{"allow":["GET"]}}],"collection":[{"href":"https:\/\/www.best-dentist-dentistry.com\/de\/wp-json\/wp\/v2\/posts"}],"about":[{"href":"https:\/\/www.best-dentist-dentistry.com\/de\/wp-json\/wp\/v2\/types\/post"}],"author":[{"embeddable":true,"href":"https:\/\/www.best-dentist-dentistry.com\/de\/wp-json\/wp\/v2\/users\/1"}],"replies":[{"embeddable":true,"href":"https:\/\/www.best-dentist-dentistry.com\/de\/wp-json\/wp\/v2\/comments?post=1765"}],"version-history":[{"count":0,"href":"https:\/\/www.best-dentist-dentistry.com\/de\/wp-json\/wp\/v2\/posts\/1765\/revisions"}],"wp:attachment":[{"href":"https:\/\/www.best-dentist-dentistry.com\/de\/wp-json\/wp\/v2\/media?parent=1765"}],"wp:term":[{"taxonomy":"category","embeddable":true,"href":"https:\/\/www.best-dentist-dentistry.com\/de\/wp-json\/wp\/v2\/categories?post=1765"},{"taxonomy":"post_tag","embeddable":true,"href":"https:\/\/www.best-dentist-dentistry.com\/de\/wp-json\/wp\/v2\/tags?post=1765"}],"curies":[{"name":"wp","href":"https:\/\/api.w.org\/{rel}","templated":true}]}}