{"id":17686,"date":"2012-09-26T02:35:16","date_gmt":"2012-09-26T02:35:16","guid":{"rendered":null},"modified":"-0001-11-30T00:00:00","modified_gmt":"-0001-11-30T00:00:00","slug":"thousands-of-spaniards-reject-the-street-cuts","status":"publish","type":"post","link":"https:\/\/www.best-dentist-dentistry.com\/de\/thousands-of-spaniards-reject-the-street-cuts\/17686","title":{"rendered":"Tausende Spanier lehnen die Stra\u00dfe Schnitte"},"content":{"rendered":"<p class=\"first\"> MADRID (Reuters) &#8211; Tausende Spanier gingen auf die Stra\u00dfe Sonntag protestieren gegen die K\u00fcrzungen angek\u00fcndigt auf S\u00e4ulen des Wohlfahrtsstaates wie Gesundheit und Bildung, die von der Regierung als notwendig um ein hohes \u00f6ffentliches Defizit drastisch reduzieren verteidigt haben.<\/p>\n<p>Mit Spruchb\u00e4ndern wie &#8220;Bildung, Gesundheit und Arbeit nicht spielen&#8221;, Jugendliche und Rentner wurden gemischt mit Familien, die im M\u00e4rz in der Hauptstadt eine intermittierende Regen trotzen und trotz decken sich mit einer langen Br\u00fccke von zwei Feiertage in Madrid n\u00e4chste Woche besuchte.<\/p>\n<p>&#8220;Wir sind zunehmend schlechter, Menschen zu bewegen, weil es alle Sektoren betrifft beginnen.&#8221; &#8220;Wir m\u00fcssen alle,&#8221; sagte Charo, eine Frau mittleren Alters, die die Demonstration mit ihren T\u00f6chtern besucht.<\/p>\n<p>Spanien, nur in der zweiten Rezession seit drei Jahren und kehrte zum Epizentrum der Schuldenkrise der Euro-Zone.<\/p>\n<p>The Executive hat k\u00fcrzlich vorgeschlagen, 10 Milliarden Euro einzusparen, im Bildungs- und Gesundheitswesen in ihren Bem\u00fchungen um eine drastische nachzukommen Schneiden des \u00f6ffentlichen Defizits auf 8,5 % des BIP in 2011 auf 3,0 Prozent im Jahr 2013, von der EU auferlegten Ziele zu erreichen.<\/p>\n<p>M\u00e4rsche am Sonntag, gepr\u00e4gt von einem regnerischen Klima in fast allen Spanien schien weniger \u00fcberlaufen, dass diejenigen genau vor einem Monat, nachdem der erste General Streik gegen die Regierung von Mariano Rajoy hielt, nahm er auf die Stra\u00dfe um Hunderttausende B\u00fcrger gegen den letzten Arbeits-Reform.<\/p>\n<p>Am Sonntag, Rajoy verteidigte seine Reformagenda als wesentlich f\u00fcr das Land der tiefen wirtschaftlichen Krise zu bew\u00e4ltigen, und k\u00fcndigte an, dass es auch neue Ma\u00dfnahmen weiterhin, um das Land auf den Weg des Wachstums zur\u00fcckkehren.<\/p>\n<p>&#8220;Menschen nicht bewegen, ich wei\u00df nicht, was muss passieren, damit die Menschen verschoben werden,&#8221; sagte Julian, ein Rentner, die an die Demonstration in Madrid, wo h\u00f6rte Schreie gegen Banken, Washington oder Bundeskanzlerin Angela Merkel.<\/p>\n<p>&#8220;Keine weitere Generalstreiks sind.&#8221; &#8220;Die Entt\u00e4uschung ist so brutal, dass die Menschen nicht zu bewegen,&#8221; f\u00fcgte.<\/p>\n<p>Weitere Mobilisierungen sind geplant<\/p>\n<p>Jos\u00e9 Luis P\u00e9rez, 41 Jahre alt, Arbeiter, Comisiones Obreras, zur\u00fcckzuf\u00fchren ihrerseits die niedrigste Anwesenheit der Demonstranten in der Hauptstadt auf der Br\u00fccke und dem Regenwetter und ja wurde zu Gunsten einer anderen Generalstreik.<\/p>\n<p>&#8220;Werden bald ein weiterer Generalstreik, vielleicht im September brauchen&#8221;, sagte Reuters, warf die &#8220;Verbeugung den Interessen des Marktes&#8221;.<\/p>\n<p>Die F\u00fchrer der wichtigsten spanischen Gewerkschaften nicht auf die M\u00f6glichkeit der Einberufung einer anderen Generalstreik angespielt, aber ja weitere Mobilisierungen gegen was sie als eine ernsthafte Demontage des Modells der Gesellschaft versprochen.<\/p>\n<p>&#8220;Diese K\u00fcrzungen f\u00fchrt die Einf\u00fchrung von Privatisierung der Basisdienste und Opfer f\u00fcr Arbeiterfamilien und die H\u00e4lfte,&#8221; sagte der Vorsitzende der Vereinigung der Arbeiter (UGT), C\u00e1ndido M\u00e9ndez, am Ende des Marsches in Madrid.<\/p>\n<p>Hinzugef\u00fcgt, &#8220;Wir k\u00f6nnen nicht bleiben unt\u00e4tig&#8221;,.<\/p>\n<p>F\u00fcr seinen Teil, Generalsekret\u00e4r der Arbeitnehmer Kommissionen (CCOO), Ignacio Fern\u00e1ndez Toxo, verurteilte die Verarmung der Spanier durch die Ma\u00dfnahmen der Regierung und sprach von einem gro\u00dfen &#8220;Betrieb&#8221; Transfer Einkommen Arbeit Einkommen Kapital.<\/p>\n<p>&#8220;Hat Spanien dagegen rebellieren (&#8230;)&#8221; Wir sind zweifellos nicht zu folgen. Wohin? &#8220;So weit wie wo wir begleiten Menschen&#8221;, sagte.<\/p>\n<p>Der neue Tag der Proteste statt zwei Tage vor der traditionellen 1. Mai M\u00e4rsche, die die Ank\u00fcndigung der neuen Ma\u00dfnahmen der Kraft Szenario sein k\u00f6nnte.<\/p>\n<p>\/ Pro Carlos Ruano \/<\/p>\n","protected":false},"excerpt":{"rendered":"<p>MADRID (Reuters) &#8211; Tausende Spanier gingen auf die Stra\u00dfe Sonntag protestieren gegen die K\u00fcrzungen angek\u00fcndigt auf S\u00e4ulen des Wohlfahrtsstaates wie Gesundheit und Bildung, die von der Regierung als notwendig um ein hohes \u00f6ffentliches Defizit drastisch reduzieren verteidigt haben. Mit Spruchb\u00e4ndern wie &#8220;Bildung, Gesundheit und Arbeit nicht spielen&#8221;, Jugendliche und Rentner wurden gemischt mit Familien, die [&hellip;]<\/p>\n","protected":false},"author":1,"featured_media":0,"comment_status":"close","ping_status":"open","sticky":false,"template":"","format":"standard","meta":{"footnotes":""},"categories":[3],"tags":[28821],"class_list":["post-17686","post","type-post","status-publish","format-standard","hentry","category-allgemeine","tag-forderten","et-doesnt-have-format-content","et_post_format-et-post-format-standard"],"_links":{"self":[{"href":"https:\/\/www.best-dentist-dentistry.com\/de\/wp-json\/wp\/v2\/posts\/17686","targetHints":{"allow":["GET"]}}],"collection":[{"href":"https:\/\/www.best-dentist-dentistry.com\/de\/wp-json\/wp\/v2\/posts"}],"about":[{"href":"https:\/\/www.best-dentist-dentistry.com\/de\/wp-json\/wp\/v2\/types\/post"}],"author":[{"embeddable":true,"href":"https:\/\/www.best-dentist-dentistry.com\/de\/wp-json\/wp\/v2\/users\/1"}],"replies":[{"embeddable":true,"href":"https:\/\/www.best-dentist-dentistry.com\/de\/wp-json\/wp\/v2\/comments?post=17686"}],"version-history":[{"count":0,"href":"https:\/\/www.best-dentist-dentistry.com\/de\/wp-json\/wp\/v2\/posts\/17686\/revisions"}],"wp:attachment":[{"href":"https:\/\/www.best-dentist-dentistry.com\/de\/wp-json\/wp\/v2\/media?parent=17686"}],"wp:term":[{"taxonomy":"category","embeddable":true,"href":"https:\/\/www.best-dentist-dentistry.com\/de\/wp-json\/wp\/v2\/categories?post=17686"},{"taxonomy":"post_tag","embeddable":true,"href":"https:\/\/www.best-dentist-dentistry.com\/de\/wp-json\/wp\/v2\/tags?post=17686"}],"curies":[{"name":"wp","href":"https:\/\/api.w.org\/{rel}","templated":true}]}}