{"id":17816,"date":"2012-09-26T03:29:55","date_gmt":"2012-09-26T03:29:55","guid":{"rendered":null},"modified":"-0001-11-30T00:00:00","modified_gmt":"-0001-11-30T00:00:00","slug":"avifes-opened-a-day-centre-in-portugalete-that-will-serve-40-people","status":"publish","type":"post","link":"https:\/\/www.best-dentist-dentistry.com\/de\/avifes-opened-a-day-centre-in-portugalete-that-will-serve-40-people\/17816","title":{"rendered":"AVIFES er\u00f6ffnete ein Tageszentrum in Portugalete, die 40 Personen dienen."},"content":{"rendered":"<p><font size=\"2\"> <strong><font size=\"3\"> AVIFES er\u00f6ffnet ein Tageszentrum in Portugalete, die 40 Personen dienen wird.<\/font><\/strong><\/p>\n<p>-der Verein Biscayne Verwandte und Menschen mit psychischen Erkrankungen konsolidiert sein Netzwerk der Unterst\u00fctzung mit diesem neuen Sechsten Zentrum mit der Diputaci\u00f3n Foral de Bizkaia-Conveniado <\/p>\n<p> <strong>Spanien, September 2012.-<\/strong> AVIFES, Biscayne Verband der Familienmitglieder und Menschen mit psychischen Erkrankungen, ein Tageszentrum in Portugalete eingerichtet hat, mit einer Kapazit\u00e4t f\u00fcr 40 Benutzer \/ ich. Die neue Anlage, gelegen in einem Gebiet von der Diputaci\u00f3n Foral de Bizkaia, abgetreten werden Menschen integrieren, die bis jetzt in der Mitte der Tag des Ortuella, als auch neue Bewerber am linken Rand betreut wurden. <\/p>\n<p>Miguel Angel Nu\u00f1ez, Pr\u00e4sident der AVIFES ergab, dass der neue Tag-Zentrum Portugalete  stellt eine gro\u00dfe Errungenschaft bei der Konsolidierung unserer Support-Netzwerk f\u00fcr Menschen mit psychischen Erkrankungen am linken Rand, die 85 Menschen in zwei komplexe sowie in der Montage von Biskaya dient &#8221;. <\/p>\n<p>Derzeit gibt es mehr als 250 Personen Benutzer, die zu den Cen\u00actros des AVIFES in Bilbao, Amorebieta, Gernika, Santurtzi Portugalete und Zalla, wobei alle von ihnen subventioniert mit Abteilung Soziales Handeln der Diputaci\u00f3n Foral de Bizkaia kommen. <\/p>\n<p>  Die Er\u00f6ffnung des neuen Tages Center in Portugalete bekr\u00e4ftigt das Engagement der Diputaci\u00f3n Foral de Bizkaia mit AVIFES, Referenzobjekt in umfassende Betreuung f\u00fcr Personen mit psychischen Erkrankungen, und wir haben sechs Vereinbarungen der Zusammenarbeit. zusammenarbeiten, um diese Menschen etwas Unterst\u00fctzung benutzerdefinierter w\u00e4hrend der gesamten Lebensdauer zu erleichtern, so dass, die ihre Projekte Leben mit Lebensqualit\u00e4t, soziale Eingliederung, entwickeln k\u00f6nnen und pers\u00f6nliche Unabh\u00e4ngigkeit zu erreichen &#8221;, ergab das baskische Mitglied der Social Action, Pilar Ardanza. <\/p>\n<p>  Beginn des Tages Zentrum von Portugalete, Pr\u00e4sident des AVIFES, betont auch die Unterst\u00fctzung und Zusammenarbeit der Fundaci\u00f3n Carmen Gandarias und BBK Obra Social verpflichtet einige Entwicklungsarbeiten zum Generieren von R\u00e4umen, upgrade-Angebot und machen einen angenehmen und begr\u00fc\u00dfen lokalen als auch um sie den aktuellen Vorschriften anzupassen &#8221;. <\/p>\n<p align=\"center\"><img loading=\"lazy\" decoding=\"async\" title=\"\" height=\"338\" alt=\"\" src=\"http:\/\/www.best-dentist-dentistry.com\/best-dentist-images\/avifes-opened-a-day-centre-in-portugalete-that-will-serve-40-people.jpg\" width=\"450\" align=\"baseline\" border=\"0\"\/><\/p>\n<p><em>Miguel Angel Nu&ntilde;ez, presidente de AVIFES; Pilar Ardanza, Obra Social de Bizkaia foral Stellvertreter; Bego\u00f1a Ortuondo, verantwortlich f\u00fcr die soziale Arbeit des BBK und Carlos Abuin, Direktor von der Fundaci\u00f3n Carmen Gandarias.<\/em><\/p>\n<p>AVIFES, Entit\u00e4t mit \u00fcber 25 Jahre Erfahrung im spezialisierten Menschen mit psychischen Erkrankungen, Non-Profit erkannt, vor mehr als drei Jahren die Notwendigkeit, das Zentrum der Tag des Ortuella, seit dieser lokalen, transfer von Ihrem Stadtrat verliehenkeine M\u00f6glichkeiten f\u00fcr die Reform auf die wachsende Nachfrage zu befriedigen. <\/p>\n<p>Schlie\u00dflich dank die Zuordnung durch die Abteilung soziale Aktion der Diputaci\u00f3n Foral de Bizkaia gemacht, hat es gelungen, neue Einrichtungen haben, verteilt auf zwei Etagen, mit eine ungef\u00e4hre Fl\u00e4che von 250 m2 jedes davon. <\/p>\n<p>Der Tag von Portugalete, befindet sich in einem Bereich sehr Centri\u00acca, so dass f\u00fcr gr\u00f6\u00dfere N\u00e4he und Komfort f\u00fcr Menschen t\u00e4glich Access-Benutzer, sowie hinsichtlich kompatibel machen es mit der Entwicklung von zahlreichen Alternativpl\u00e4ne von Freizeit, Kultur, Sport, Ausbildung, Arbeit, etc. <\/p>\n<p>Tagespflege-Dienst bieten Menschen verschiedene User-Programme, dass sie die volle Entfaltung der ihre Kapazit\u00e4ten erm\u00f6glichen. Das Zentrum soll die Autonomie der Menschen Nutzer, eigenst\u00e4ndig handelnden F\u00e4higkeiten zu verbessern. Auch will anregen und erleichtern die Integration von Menschen mit psychischen Erkrankungen in der Gesellschaft. <\/p>\n<p>AVIFES in Portugalete Ausr\u00fcstung hat 40 Sitzpl\u00e4tze, in verschiedenen Modalit\u00e4ten (22 Vollzeit, 2 halbtags-Speisesaal, 16 Teilzeit ohne Speisesaal), die wir werden schrittweise im Laufe des Jahres 2012, vom ehemaligen Zentrum des Tages Ortuella integrieren (18 Personen) beide sind in der Warteliste. <\/p>\n<p>Die Siegerehrung des Tages der AVIFES in Portugalete Center hat mit der Teilnahme des provinziellen Mitglied Social Action, Pilar Ardanza gez\u00e4hlt; verantwortlich f\u00fcr Sozialarbeit BBK, Bego\u00f1a Ortuondo; der Direktor der Fundaci\u00f3n Carmen Gandarias, Carlos Abuin; der B\u00fcrgermeister von Portugalete, Mikel Torres; Carlos Pereira, Manager des Netzwerkes der psychischen Gesundheit von Osakidetza in Biskaya; Joachim Meissner, Manager des Eragintza, der Direktor der H\u00e4ngebr\u00fccke in Portugalete, Marta Uriarte unter den anderen G\u00e4sten. <\/p>\n<p>AVIFES, Entit\u00e4t deklariert, gemeinn\u00fctzige Organisation, die der Baubewilligung, entsteht als Verein 1986 durch die Initiative einer Gruppe von Familien von Menschen mit psychischen Erkrankungen, in Anbetracht der Knappheit der Ressourcen f\u00fcr die psychische Gesundheit, durchgef\u00fchrt von die Aufgabe der Gruppe und Anspruch die Generation der Ressourcen und die Beseitigung der sozialen Stigmatisierung von dieser Gruppe in Bizkaia konfrontiert. Es ist integriert in FEDEAFES (Federation of Baskenland Verb\u00e4nde der Familie und psychisch krank) und FEAFES (nationale Bund der Verb\u00e4nde der Familie und psychisch krank), beide geh\u00f6ren der EUFAMI (Europ\u00e4ische F\u00f6deration der Verb\u00e4nde der Angeh\u00f6rigen von psychisch Kranken) zuwenden. AVIFES Mission ist die Erleichterung der personalisierten lebenslange Unterst\u00fctzung f\u00fcr Menschen mit psychischen Erkrankungen von Bizkaia und ihren Familien, Selbstbestimmung, Lebensqualit\u00e4t und Aufnahme in die Gemeinschaft, die Sicherung von seinen Status als vollwertige B\u00fcrger zu erreichen. <\/p>\n<p><\/font><\/p>\n","protected":false},"excerpt":{"rendered":"<p>AVIFES er\u00f6ffnet ein Tageszentrum in Portugalete, die 40 Personen dienen wird. -der Verein Biscayne Verwandte und Menschen mit psychischen Erkrankungen konsolidiert sein Netzwerk der Unterst\u00fctzung mit diesem neuen Sechsten Zentrum mit der Diputaci\u00f3n Foral de Bizkaia-Conveniado Spanien, September 2012.- AVIFES, Biscayne Verband der Familienmitglieder und Menschen mit psychischen Erkrankungen, ein Tageszentrum in Portugalete eingerichtet hat, [&hellip;]<\/p>\n","protected":false},"author":1,"featured_media":0,"comment_status":"close","ping_status":"open","sticky":false,"template":"","format":"standard","meta":{"footnotes":""},"categories":[3],"tags":[28956,28959,28958,28957],"class_list":["post-17816","post","type-post","status-publish","format-standard","hentry","category-allgemeine","tag-avifes","tag-dienen","tag-portugalete","tag-tageszentrum","et-doesnt-have-format-content","et_post_format-et-post-format-standard"],"_links":{"self":[{"href":"https:\/\/www.best-dentist-dentistry.com\/de\/wp-json\/wp\/v2\/posts\/17816","targetHints":{"allow":["GET"]}}],"collection":[{"href":"https:\/\/www.best-dentist-dentistry.com\/de\/wp-json\/wp\/v2\/posts"}],"about":[{"href":"https:\/\/www.best-dentist-dentistry.com\/de\/wp-json\/wp\/v2\/types\/post"}],"author":[{"embeddable":true,"href":"https:\/\/www.best-dentist-dentistry.com\/de\/wp-json\/wp\/v2\/users\/1"}],"replies":[{"embeddable":true,"href":"https:\/\/www.best-dentist-dentistry.com\/de\/wp-json\/wp\/v2\/comments?post=17816"}],"version-history":[{"count":0,"href":"https:\/\/www.best-dentist-dentistry.com\/de\/wp-json\/wp\/v2\/posts\/17816\/revisions"}],"wp:attachment":[{"href":"https:\/\/www.best-dentist-dentistry.com\/de\/wp-json\/wp\/v2\/media?parent=17816"}],"wp:term":[{"taxonomy":"category","embeddable":true,"href":"https:\/\/www.best-dentist-dentistry.com\/de\/wp-json\/wp\/v2\/categories?post=17816"},{"taxonomy":"post_tag","embeddable":true,"href":"https:\/\/www.best-dentist-dentistry.com\/de\/wp-json\/wp\/v2\/tags?post=17816"}],"curies":[{"name":"wp","href":"https:\/\/api.w.org\/{rel}","templated":true}]}}