{"id":17818,"date":"2012-09-26T03:30:12","date_gmt":"2012-09-26T03:30:12","guid":{"rendered":null},"modified":"-0001-11-30T00:00:00","modified_gmt":"-0001-11-30T00:00:00","slug":"bial-organizes-the-iv-annual-meeting-of-the-nanoparticles-european-project-for-treatment-and-diagnosis-of-the-disease-of-alzheimers-nad","status":"publish","type":"post","link":"https:\/\/www.best-dentist-dentistry.com\/de\/bial-organizes-the-iv-annual-meeting-of-the-nanoparticles-european-project-for-treatment-and-diagnosis-of-the-disease-of-alzheimers-nad\/17818","title":{"rendered":"BIAL organisiert der IV Jahrestagung des europ\u00e4ischen Projekts Nanopartikel f\u00fcr Behandlung und Diagnose von Alzheimer (NAD)."},"content":{"rendered":"<p><strong>BIAL organisiert der IV-Jahrestagung des europ\u00e4ischen Projekts Nanopartikel f\u00fcr Behandlung und Diagnose von Alzheimer (NAD). <\/p>\n<p> <font size=\"2\"> 21. September &#8211; Tag Welt der Alzheimer-Krankheit. <\/p>\n<p><\/strong> <br \/><font size=\"2\">-internationale Forscher zu treffen, um die Entwicklung eines Forschungsprojekts \u00fcber die Faktoren, die zu Beginn der Alzheimer-Krankheit und seine Anwendung in Diagnose und Behandlung zu besprechen <\/p>\n<p>-Alle 7 Sekunden entsteht einen neuen Fall von Demenz in der Welt und ist eines der Ziele der Neurowissenschaftler ermitteln, welche Ursachen das Erscheinungsbild der Krankheit <\/p>\n<p>-Experten sind sich einig, dass eine komplexe Reihe von Degenerationen und neurochemische Ver\u00e4nderungen im Gehirn sind diejenigen, die Alzheimer-Krankheit zu verursachen <\/p>\n<p>-IV-Treffen des Projekts Europ\u00e4ische j\u00e4hrliche NAD von BIAL organisiert und findet in Bilbao25, 26 und 27 September <\/p>\n<p>-24 Mio. Menschen leiden an Alzheimer-Krankheit in der Welt, in Europa haben rund 5 Millionen Menschen mit Demenz, davon 3 EA sind <\/p>\n<p>-neue therapeutische Strategien sollen auf der amiloide Kaskade (\u00fcberm\u00e4\u00dfige Produktion des Peptids Ab) durch aktive Immunisierung intervenierenpassiv oder Modulation der Protein-Gammasecretasa <\/p>\n<p> <strong>Bilbao, September 2012.-<\/strong> welche Faktoren f\u00fcr das Auftreten der Krankheit der Alzheimer-Krankheit (n. Chr.) verantwortlich sind?, warum ist es im Laufe der Zeit schlimmer?, warum es nur in einigen Einzelpersonen auftritt? wie die Diagnose und Behandlung der Krankheit verbessern kann? Diese und andere Fragen werden Gegenstand der Reflexion von internationalen Experten bei der Umsetzung der IV-Jahrestagung des europ\u00e4ischen Projekts, die Nanopartikel f\u00fcr Behandlung und Diagnose der Alzheimer-Krankheit (Nanopartikel f\u00fcr Therapie und Diagnose der Alzheimer-Krankheit). <\/p>\n<p>Die Veranstaltung, organisiert von BIAL und gesponsert von des Siebten Rahmenprogramms erfolgt in Bilbao w\u00e4hrend der 25 Tage, 26 und 27 September und f\u00fchrt zu einer \u00dcberpr\u00fcfung der j\u00fcngsten Fortschritte in der Studie der Anfangsdiagnose AD sowie auf die Behandlung von Krankheiten, Hauptziele dieses Projekts. <\/p>\n<p>Der Universit\u00e4t Mailand f\u00fchrt dieses Projekt an der Spitze eines Konsortiums von 5 Unternehmen und 14 ersten Ebene Universit\u00e4ten in ganz Europa verstreut. Teilnehmer auch Firmen BIAL, Guerbet, Nanovector und Stab Leben und internationalen Experten aus dem Karolinska-Institut, Universit\u00e4t Lancaster, Brighton, Patras, Amsterdam und Paris., teilnehmenden nationalen Forscher in Zentren wie die Universit\u00e4t des Baskenlandes und der Autonomen Universit\u00e4t Madrid. <\/p>\n<p><strong>am 21. September der Welt-Alzheimer-Tag: neue Herausforderungen in der Behandlung<\/strong> <\/p>\n<p>Am 21. September fand wie in jedem Jahr am Welt-Alzheimer-Tag statt, der darauf abzielt, das Bewusstsein und die Bev\u00f6lkerung von der Zunahme der Zahl der Patienten mit der Diagnose EA zu informieren. <\/p>\n<p>24 Millionen Menschen leiden an Alzheimer-Krankheit in der Welt. Dar\u00fcber hinaus sind j\u00e4hrlich diagnostizierten 4,6 Millionen neue F\u00e4lle von Demenz. In Europa haben rund 5 Millionen Menschen mit Demenz, von denen 3 EA sind. Durch die allm\u00e4hliche \u00dcberalterung der Bev\u00f6lkerung, diese Zahl soll erh\u00f6hen und wird gesch\u00e4tzt, dass es in Westeuropa und auch Dreibettzimmer in Osteuropa f\u00fcr 2040 verdoppeln k\u00f6nnte. <\/p>\n<p>Experten zufolge sollen neue therapeutische Strategien \u00fcber den Wasserfall (\u00fcberm\u00e4\u00dfige Produktion des Peptids Ab)-Amyloid durch aktive, Passive Immunisierung oder Modulation des Gammasecretasa Proteins zu intervenieren. Im Moment hat kein Medikament Antiamiloide Wirksamkeit in der Behandlung der Ad in Phase-III-Studien bewiesen. Gibt es eine weitere neue Strategie-Studie ist die Hemmung der Aggregation von Amyloid Beta Molek\u00fcle kleiner Gr\u00f6\u00dfe dieses Gesetzes \u00fcber die Interaktion zwischen verschiedenen Proteine und die derzeit bei Tieren getestet wird. Dar\u00fcber hinaus wird gilt auch seine Wirkung auf das Protein Tau (mikrotubul\u00e4r Proteine, die reichlich in Neuronen sind). Er studierte auch die Verwendung von Hormonen (Testosteron) und Insulin, mit vorl\u00e4ufigen Ergebnissen, die best\u00e4tigt werden muss. <\/p>\n<p><strong>Europ\u00e4isches Projekt NAD<\/strong> <\/p>\n<p>Die IV-Jahrestagung bietet Weltklasse-Unternehmen und Fachleuten, um die Entwicklung des Projekts und seiner Ziele, die wichtigsten von ihnen, Suche f\u00fcr Nanopartikel geeignet f\u00fcr die Diagnose und Behandlung der Alzheimer-Krankheit auf der Grundlage der Plaque-Entfernung B-Amyloid-Peptide, deren Akkumulation in den Zellen des Gehirns scheint die Grundlage, zu l\u00f6sen Quelle der Pathologie. <\/p>\n<p>Alberto Mart\u00ednez, Director r &amp; d der Bial, betonte, dass durch dieses Treffen  Umsetzung im gemeinsamen experimentellen Ergebnisse bei der Entwicklung des Projekts w\u00e4hrend des letzten Jahres wollen und dadurch Ihre Arbeit f\u00fcr die letzten und f\u00fcnften j\u00e4hrlichen Pakete neu zu definierenNach der erzielten Ergebnisse und die technischen und wirtschaftlichen Prognosen, die von der Europ\u00e4ischen Union genehmigt wurde &#8221;. <\/p>\n<p>In diesem Teil des Europ\u00e4ischen Projekt NAD, Nanopartikel f\u00fcr Krankheit Diagnose und Behandlung von <br \/> der Alzheimer-Krankheit (Nanopartikel f\u00fcr Therapie und Diagnose der Alzheimer-Krankheit), versammelt Experten pr\u00e4sentieren und analysieren die Ursachen, die f\u00f6rdern die Entstehung von Alzheimer, die weiterhin gro\u00dfe Unbekannte, aber es wird vermutet, dass sowohl Umwelt-als auch genetische Faktoren das Erscheinungsbild beeinflussen. Experten sind sich einig, dass die Degenerationen und neurochemische Ver\u00e4nderungen im Gehirn als auch die Konzentration und die Wirkung von Neurotransmittern entscheidend sind. Heute gibt es keine Heilung f\u00fcr Alzheimer, obwohl es Medikamente, die helfen gibt, die Beschwerden lindern und das Fortschreiten der Krankheit bei einigen Patienten zu reduzieren. <\/p>\n<p><strong>Am BIAL<\/strong> <\/p>\n<p>BIAL, 1924 gegr\u00fcndet, ist ein internationaler Pharmakonzern mit eigener Forschung, die verschiedenen Produkte in rund 50 L\u00e4ndern auf vier Kontinenten verkauft. <\/p>\n<p>BIAL ist die gr\u00f6\u00dfte portugiesische Pharma-Gruppe und einer der wichtigsten pharmazeutischen Gruppen auf der Iberischen Halbinsel. Spanien BIAL zentralisiert die Produktion von Impfstoffen antiallergische und Mittel zur Diagnose von Allergien f\u00fcr verschiedene M\u00e4rkte, in denen es t\u00e4tig ist. <\/p>\n<p align=\"center\"><img loading=\"lazy\" decoding=\"async\" title=\"\" height=\"79\" alt=\"\" src=\"http:\/\/www.best-dentist-dentistry.com\/best-dentist-images\/bial-organizes-the-iv-annual-meeting-of-the-nanoparticles-european-project-for-treatment-and-diagnosis-of-the-disease-of-alzheimers-nad.JPG\" width=\"234\" align=\"baseline\" border=\"0\"\/><\/p>\n<p>BIAL est&aacute; fuertemente comprometido con la innovaci&oacute;n terap&eacute;utica, invirtiendo m&aacute;s del 20% de su facturaci&oacute;n anual en I+D. Die Hauptbereiche der Entwicklung von Forschung und Wirtschaft sind das zentrale Nervensystem, Herz-Kreislauf-System und Allergie immuntherapeutischen Behandlung. <\/p>\n<p>In den letzten Jahren hat BIAL neuer Medikamente patentiert unter denen eine antiepileptische, Acetat-Eslicarbazepina unter dem Markennamen Zebinix, ist bereits das Vorhandensein der BIAL-Gruppe, durch einen Gesch\u00e4ftspartner in verschiedenen europ\u00e4ischen L\u00e4ndern, wodurch unter dem gro\u00dfe Pharmazie-M\u00e4rkten sindFall von Deutschland, Frankreich und Gro\u00dfbritannien. <\/p>\n<p>Derzeit hat BIAL andere innovative Produkte in Entwicklung, die wahrscheinlich in den n\u00e4chsten Jahren festigen die Position des Unternehmens in Europa auf den Markt kommen wird. <\/p>\n<p><\/font><\/font><\/p>\n","protected":false},"excerpt":{"rendered":"<p>BIAL organisiert der IV-Jahrestagung des europ\u00e4ischen Projekts Nanopartikel f\u00fcr Behandlung und Diagnose von Alzheimer (NAD). 21. September &#8211; Tag Welt der Alzheimer-Krankheit. -internationale Forscher zu treffen, um die Entwicklung eines Forschungsprojekts \u00fcber die Faktoren, die zu Beginn der Alzheimer-Krankheit und seine Anwendung in Diagnose und Behandlung zu besprechen -Alle 7 Sekunden entsteht einen neuen Fall [&hellip;]<\/p>\n","protected":false},"author":1,"featured_media":0,"comment_status":"close","ping_status":"open","sticky":false,"template":"","format":"standard","meta":{"footnotes":""},"categories":[3],"tags":[28961,28959,28960],"class_list":["post-17818","post","type-post","status-publish","format-standard","hentry","category-allgemeine","tag-nad","tag-dienen","tag-iv-jahrestagung","et-doesnt-have-format-content","et_post_format-et-post-format-standard"],"_links":{"self":[{"href":"https:\/\/www.best-dentist-dentistry.com\/de\/wp-json\/wp\/v2\/posts\/17818","targetHints":{"allow":["GET"]}}],"collection":[{"href":"https:\/\/www.best-dentist-dentistry.com\/de\/wp-json\/wp\/v2\/posts"}],"about":[{"href":"https:\/\/www.best-dentist-dentistry.com\/de\/wp-json\/wp\/v2\/types\/post"}],"author":[{"embeddable":true,"href":"https:\/\/www.best-dentist-dentistry.com\/de\/wp-json\/wp\/v2\/users\/1"}],"replies":[{"embeddable":true,"href":"https:\/\/www.best-dentist-dentistry.com\/de\/wp-json\/wp\/v2\/comments?post=17818"}],"version-history":[{"count":0,"href":"https:\/\/www.best-dentist-dentistry.com\/de\/wp-json\/wp\/v2\/posts\/17818\/revisions"}],"wp:attachment":[{"href":"https:\/\/www.best-dentist-dentistry.com\/de\/wp-json\/wp\/v2\/media?parent=17818"}],"wp:term":[{"taxonomy":"category","embeddable":true,"href":"https:\/\/www.best-dentist-dentistry.com\/de\/wp-json\/wp\/v2\/categories?post=17818"},{"taxonomy":"post_tag","embeddable":true,"href":"https:\/\/www.best-dentist-dentistry.com\/de\/wp-json\/wp\/v2\/tags?post=17818"}],"curies":[{"name":"wp","href":"https:\/\/api.w.org\/{rel}","templated":true}]}}