{"id":1788,"date":"2014-02-19T11:08:31","date_gmt":"2014-02-19T11:08:31","guid":{"rendered":null},"modified":"2014-02-19T11:08:31","modified_gmt":"2014-02-19T11:08:31","slug":"the-sen-and-the-foundation-of-the-brain-being-tested-the-brain-of-barcelona","status":"publish","type":"post","link":"https:\/\/www.best-dentist-dentistry.com\/de\/the-sen-and-the-foundation-of-the-brain-being-tested-the-brain-of-barcelona\/1788","title":{"rendered":"Die SEN und die Grundlage f\u00fcr das Gehirn wird getestet das Gehirn von Barcelona."},"content":{"rendered":"<p><strong>La-SEN und die Grundlage f\u00fcr das Gehirn wird getestet das Gehirn von Barcelona <br \/><font size=\"2\"> <br \/>2011-Gehirn-Woche kommt nach Barcelona. <br \/><\/strong> <\/p>\n<p><font size=\"2\"> &#8211; gestern 4 Oktober eine Bus-Informationen und Diagnose Stand in der Plaza Universitat Gehirn Gesundheit in Barcelona zu \u00fcberpr\u00fcfen <\/p>\n<p>-Dr. Ricard Tresserras, stellvertretender Generaldirektor der Planificaci\u00f3 Universit\u00e4t von der Fakult\u00e4t f\u00fcr Gesundheit der Generalitat von Katalonien, war verantwortlich f\u00fcr die Er\u00f6ffnung des Bus um 23:00 <\/p>\n<p>-Experte Neurologen, wurden diagnostische Tests zur Messung der Gehirn-Kreislauf-Gesundheit und geistige Beweglichkeit testen sowohl Kinder als auch Erwachsene <\/p>\n<p>-Catalonia, neurologische Krankheiten betreffen mehr als 1,1 Millionen Menschen <\/p>\n<p> <strong>Spanien, Oktober 2011<\/strong> La Sociedad Espa\u00f1ola de Neurolog\u00eda (SEN) und die Stiftung des Gehirns hat, f\u00fcr das dritte Jahr in Folge, die  Gehirn Woche &#8221;, eine Schulungs- und Initiative, die, unter dem Motto  Ihr Gehirn ist Leben, k\u00fcmmern sich um es &#8221;, das Gehirn der Spanier testen wollte. So hat gestern am 4. Oktober, positioniert ein Bus-Informationen und Diagnose im Plaza Universitat de Barcelona und testen die Gehirne der Menschen in Barcelona, basic, beste technische Beratung f\u00fcr Bewegung und Diagnosetests. <\/p>\n<p><strong>\u00d6ffnen<\/strong> <\/p>\n<p>4. Oktober: Barcelona. Plaza Universitat. <br \/> Um 11:00. <\/p>\n<p>Der Dr. Ricard Tresserras, stellvertretender Generaldirektor der Planificaci\u00f3 Universit\u00e4t von der Fakult\u00e4t f\u00fcr Gesundheit der Generalitat von Katalonien, wurde die von der Datenwiederherstellungs-Agent empfangen. Esther moralische Torres, Gesang des Board of Directors die SEN und in Barcelona f\u00fcr die Woche des Gehirns, und von der DRA verantwortlich. Virginia verheiratet, Vorstandsmitglied der Stiftung des Gehirns. <\/p>\n<p><strong>Bus Lage<\/strong> <\/p>\n<p>4. Oktober: Barcelona. Plaza Universitat. <br \/> Kunden-\u00d6ffnungszeiten: von 10:00 bis 18:00 Stunden. <\/p>\n<p>Waren Sie in den Bus diagnostische Tests zur Messung der rechten Gehirnh\u00e4lfte-Kreislauf-Gesundheit, kognitive Spiele und Test (spezielle f\u00fcr Erwachsene und Kinder) der Wahrnehmung und der F\u00e4higkeit, die es ihnen erlaubten, an Ort und Stelle, seine geistige Beweglichkeit testen. Am Ende der Aktivit\u00e4t erhielten alle Teilnehmer eine Gehirn-gesunde Karte mit einzelnen Ergebnisse der einzelnen Tests. <\/p>\n<p>Nach dem passieren durch Madrid und Barcelona, wird die Woche der Gehirn-Bus vier St\u00e4dte tour: heute, 5. Oktober, Bilbao; 6. Oktober, Badajoz; 7. Oktober, M\u00e1laga; und 14 Oktober, Las Palmas de Gran Canaria. <\/p>\n<p>Die Woche der Gehirn-Grafen mit der Teilnahme von Patienten und Gesellschaften der Neurologie, Beh\u00f6rden und alle, die Interesse an einer Teilnahme an dieser Initiative sowie die Zusammenarbeit von Almirall, Toshiba, Metro de Madrid, group Krankenhaus Chiron und Gr\u00fcndung Chiron. <\/p>\n<p><\/font><\/font><\/p>\n","protected":false},"excerpt":{"rendered":"<p>La-SEN und die Grundlage f\u00fcr das Gehirn wird getestet das Gehirn von Barcelona 2011-Gehirn-Woche kommt nach Barcelona. &#8211; gestern 4 Oktober eine Bus-Informationen und Diagnose Stand in der Plaza Universitat Gehirn Gesundheit in Barcelona zu \u00fcberpr\u00fcfen -Dr. Ricard Tresserras, stellvertretender Generaldirektor der Planificaci\u00f3 Universit\u00e4t von der Fakult\u00e4t f\u00fcr Gesundheit der Generalitat von Katalonien, war verantwortlich [&hellip;]<\/p>\n","protected":false},"author":1,"featured_media":0,"comment_status":"close","ping_status":"open","sticky":false,"template":"","format":"standard","meta":{"footnotes":""},"categories":[3],"tags":[6923,6922],"class_list":["post-1788","post","type-post","status-publish","format-standard","hentry","category-allgemeine","tag-getestet","tag-isoft","et-doesnt-have-format-content","et_post_format-et-post-format-standard"],"_links":{"self":[{"href":"https:\/\/www.best-dentist-dentistry.com\/de\/wp-json\/wp\/v2\/posts\/1788","targetHints":{"allow":["GET"]}}],"collection":[{"href":"https:\/\/www.best-dentist-dentistry.com\/de\/wp-json\/wp\/v2\/posts"}],"about":[{"href":"https:\/\/www.best-dentist-dentistry.com\/de\/wp-json\/wp\/v2\/types\/post"}],"author":[{"embeddable":true,"href":"https:\/\/www.best-dentist-dentistry.com\/de\/wp-json\/wp\/v2\/users\/1"}],"replies":[{"embeddable":true,"href":"https:\/\/www.best-dentist-dentistry.com\/de\/wp-json\/wp\/v2\/comments?post=1788"}],"version-history":[{"count":0,"href":"https:\/\/www.best-dentist-dentistry.com\/de\/wp-json\/wp\/v2\/posts\/1788\/revisions"}],"wp:attachment":[{"href":"https:\/\/www.best-dentist-dentistry.com\/de\/wp-json\/wp\/v2\/media?parent=1788"}],"wp:term":[{"taxonomy":"category","embeddable":true,"href":"https:\/\/www.best-dentist-dentistry.com\/de\/wp-json\/wp\/v2\/categories?post=1788"},{"taxonomy":"post_tag","embeddable":true,"href":"https:\/\/www.best-dentist-dentistry.com\/de\/wp-json\/wp\/v2\/tags?post=1788"}],"curies":[{"name":"wp","href":"https:\/\/api.w.org\/{rel}","templated":true}]}}