{"id":1791,"date":"2014-02-20T23:08:37","date_gmt":"2014-02-20T23:08:37","guid":{"rendered":null},"modified":"2014-02-20T23:08:37","modified_gmt":"2014-02-20T23:08:37","slug":"the-medical-profession-forum-expresses-its-satisfaction-at-the-creation-of-the-national-register-of-health-professional","status":"publish","type":"post","link":"https:\/\/www.best-dentist-dentistry.com\/de\/the-medical-profession-forum-expresses-its-satisfaction-at-the-creation-of-the-national-register-of-health-professional\/1791","title":{"rendered":"Die \u00c4rzteschaft Forum begr\u00fc\u00dft die Schaffung des nationalen Registers der Gesundheit professionelle."},"content":{"rendered":"<p><strong>Das Forum der \u00c4rzteschaft begr\u00fc\u00dft die Schaffung des nationalen Registers der beruflichen Gesundheit. <br \/><\/strong> <br \/><font size=\"2\"> <strong>Madrid, Oktober 2011 &#8211;<\/strong> das Forum der \u00c4rzteschaft \u00e4u\u00dferte sich zufrieden \u00fcber die Entscheidung des Ministeriums f\u00fcr Gesundheit, Sozialpolitik und Gleichheit die nationalen starten registrieren der Gesundheit f\u00fcr die Verfahren f\u00fcr die Anh\u00f6rung des K\u00f6niglichen Dekrets Entwurf bereits, die die Grundlagen eingeleitet hat f\u00fcr die Verbesserung der Planung der Ressourcen von der Gesundheit. <\/p>\n<p>Diese Entscheidung des Ministeriums f\u00fcr Gesundheit, Soziales und Gleichstellung, ist Teil eines der eingegangenen Verpflichtungen im Juli mit dem Forum der \u00c4rzteschaft, die das College medizinische (WTO), der nationalen Konferenz der Dekane Fakult\u00e4ten der Medizin (CNDFM Organisation)der Staat-Konferenz von \u00c4rzten Gewerkschaften (CESM), dem Verband der wissenschaftlichen Gesellschaften (FACME) und des Staatsrates von Studenten der Medizin (CEEM). <\/p>\n<p>Die Schaffung des nationalen Registers der Angeh\u00f6rigen der Heilberufe ist eines der Abkommen von diesem \u00dcbereinkommen unterzeichnet Leire Pajin Minister mit Vertretern des Forums die \u00c4rzteschaft und dessen Ziel die Erhaltung und Verbesserung der spanischen Gesundheitssystems, die F\u00f6rderung und die Garantie f\u00fcr die Qualit\u00e4t der Pflege und der F\u00e4higkeit der Dienst f\u00fcr die B\u00fcrger. <\/p>\n<p>Das Ministerium f\u00fcr Gesundheit, Soziales und Gleichstellung leitete Sie letzte Woche die Anh\u00f6rung der k\u00f6niglichen Erlass-Projekts, das wird erstellt und das nationale Register der Gesundheit professionelle regelt, mit denen Sie die Grundlage f\u00fcr ein notwendiges Instrument f\u00fcr die Planung der Humanressourcen legen m\u00f6chtenBeitrag zur Verbesserung bei der Realisierung der Zukunftsforschung der Oferta-Demanda, und es wird in das Informationssystem des nationalen Systems der Gesundheit (SNS) integriert werden. Die Einf\u00fchrung der Registrierung wird innerhalb von sechs Monaten nach dem Inkrafttreten des K\u00f6niglichen Dekrets stattfinden. <\/p>\n<p>Z\u00e4hlen Sie die Funktionen zur\u00fcckzuf\u00fchren auf diese Registrierung enthalten Daten f\u00fcr Gesundheitsberufe, die in den Anwendungsbereich einbezogen; die zust\u00e4ndigen Stellen der Gesundheitsverwaltung bieten die Angaben im Register und die f\u00fcr die Planung und Verwaltung der Humanressourcen, direkt, oder vorherige statistischen Verarbeitung der Daten notwendig sind; (e) integrieren Sie in das System der Health Information national Health Systemdaten f\u00fcr Angeh\u00f6rige der Gesundheitsberufe. <\/p>\n<p>Aufzeichnungen der Berufsverb\u00e4nde und ihre allgemeine R\u00e4te, die Gesundheit\/Gesundheit-Dienste von den autonomen Gemeinschaften, sowie andere Gesundheitseinrichtungen und unterliegt der staatlichen Verwaltung Abteilungen in das nationale Register der Angeh\u00f6rigen der Heilberufe integriert werden werden. <\/p>\n<p>Das Ministerium f\u00fcr Gesundheit, Soziales und Gleichstellung hat versichert, dass es, dass die erforderlichen Ma\u00dfnahmen annimmt, um die Vertraulichkeit der Informationen in das Register der Angeh\u00f6rigen der Gesundheitsberufe sowie die Verwendung f\u00fcr ausschlie\u00dflich statistische, wissenschaftliche oder medizinische Zwecke. Jedoch, \u00f6ffentliche Daten \u00fcber name, Grad, Spezialisierung, \u00dcbung und gegebenenfalls Kategorie und Funktion von Professional. <\/p>\n<p>Das nationale Register der Angeh\u00f6rigen der Heilberufe geh\u00f6rt zu den Verpflichtungen der Vereinbarung zwischen dem Ministerium f\u00fcr Gesundheit, Soziales und Gleichstellung, und das Forum der \u00c4rzteschaft, die auch andere wie die verantwortliche Beteiligung des Arztes in der rationellen Nutzung der Ressourcen f\u00fcr die Nachhaltigkeit der Gesundheitssystemedie Garantie f\u00fcr die Qualit\u00e4t der Pflege, das Ma\u00df an Kompetenz von \u00c4rzten und die Verf\u00fcgbarkeit von Drogen und geeigneter Technik sicherstellen. <\/p>\n<p>Zusammenarbeit gekennzeichnete, die in dieser Vereinbarung diese Aktionen durchzuf\u00fchren sind, neben der Artikulation und Umsetzung des Registers, die Entwicklung des aktuellen Entwurfs des zentralen Themen in Fachausbildung, die Standardisierung der Weiterbildung im Umfeld der Europ\u00e4ischen Union, die Umsetzung der beruflichen Entwicklung, regelm\u00e4\u00dfige \u00dcberpr\u00fcfung der Lizenzierung und Studien \u00fcber den Status der Zulassung und Anerkennung ausl\u00e4ndischer Qualifikationen, und die Situation der Fach\u00e4rzte ohne offizielle Titel. <\/p>\n<p><\/font><\/p>\n","protected":false},"excerpt":{"rendered":"<p>Das Forum der \u00c4rzteschaft begr\u00fc\u00dft die Schaffung des nationalen Registers der beruflichen Gesundheit. Madrid, Oktober 2011 &#8211; das Forum der \u00c4rzteschaft \u00e4u\u00dferte sich zufrieden \u00fcber die Entscheidung des Ministeriums f\u00fcr Gesundheit, Sozialpolitik und Gleichheit die nationalen starten registrieren der Gesundheit f\u00fcr die Verfahren f\u00fcr die Anh\u00f6rung des K\u00f6niglichen Dekrets Entwurf bereits, die die Grundlagen eingeleitet [&hellip;]<\/p>\n","protected":false},"author":1,"featured_media":0,"comment_status":"close","ping_status":"open","sticky":false,"template":"","format":"standard","meta":{"footnotes":""},"categories":[3],"tags":[6929,6930,6932,6931],"class_list":["post-1791","post","type-post","status-publish","format-standard","hentry","category-allgemeine","tag-autonomie","tag-rzteschaft","tag-professionelle","tag-registers","et-doesnt-have-format-content","et_post_format-et-post-format-standard"],"_links":{"self":[{"href":"https:\/\/www.best-dentist-dentistry.com\/de\/wp-json\/wp\/v2\/posts\/1791","targetHints":{"allow":["GET"]}}],"collection":[{"href":"https:\/\/www.best-dentist-dentistry.com\/de\/wp-json\/wp\/v2\/posts"}],"about":[{"href":"https:\/\/www.best-dentist-dentistry.com\/de\/wp-json\/wp\/v2\/types\/post"}],"author":[{"embeddable":true,"href":"https:\/\/www.best-dentist-dentistry.com\/de\/wp-json\/wp\/v2\/users\/1"}],"replies":[{"embeddable":true,"href":"https:\/\/www.best-dentist-dentistry.com\/de\/wp-json\/wp\/v2\/comments?post=1791"}],"version-history":[{"count":0,"href":"https:\/\/www.best-dentist-dentistry.com\/de\/wp-json\/wp\/v2\/posts\/1791\/revisions"}],"wp:attachment":[{"href":"https:\/\/www.best-dentist-dentistry.com\/de\/wp-json\/wp\/v2\/media?parent=1791"}],"wp:term":[{"taxonomy":"category","embeddable":true,"href":"https:\/\/www.best-dentist-dentistry.com\/de\/wp-json\/wp\/v2\/categories?post=1791"},{"taxonomy":"post_tag","embeddable":true,"href":"https:\/\/www.best-dentist-dentistry.com\/de\/wp-json\/wp\/v2\/tags?post=1791"}],"curies":[{"name":"wp","href":"https:\/\/api.w.org\/{rel}","templated":true}]}}