{"id":18016,"date":"2012-09-28T02:31:38","date_gmt":"2012-09-28T02:31:38","guid":{"rendered":null},"modified":"-0001-11-30T00:00:00","modified_gmt":"-0001-11-30T00:00:00","slug":"joan-march-workers-were-encerraran-in-the-hospital-from-monday","status":"publish","type":"post","link":"https:\/\/www.best-dentist-dentistry.com\/de\/joan-march-workers-were-encerraran-in-the-hospital-from-monday\/18016","title":{"rendered":"joan march workers were encerraran in the hospital from monday"},"content":{"rendered":"<p class=\"first\"> PALMA DE Mallorca, 30 (EUROPA PRESS)<\/p>\n<p><span class=\"yshortcuts\" id=\"lw_1335814937_4\"> Arbeitnehmer<\/span> von der <span class=\"yshortcuts\" id=\"lw_1335814937_0\"> Krankenhaus-Joan March<\/span> &#8220;Encerrar\u00e1n&#8221; von diesem Montag um 10 Uhr auf dem Krankenhaus-Gel\u00e4nde als Protest gegen die Schlie\u00dfung gab am Montag die <span class=\"yshortcuts\" id=\"lw_1335814937_5\"> Regierung<\/span> innerhalb des Planes f\u00fcr <span class=\"yshortcuts\" id=\"lw_1335814937_3\"> Balancing Wirtschafts-<\/span> und die Tatsache, dass keine &#8220;keine Erkl\u00e4rung&#8221; in diesem Zusammenhang von der regionalen Verwaltung erhalten bekannt.<\/p>\n<p>Wie Europa Press Quellen des Abschnitts CAIB CCOO Union gemeldet, rund 200 Arbeiter dieses Zentrum haben beschlossen, einschlie\u00dfen &#8220;auf unbestimmte Zeit gegen die Schlie\u00dfung des Krankenhauses&#8221; und der &#8220;Mangel an Informationen&#8221; die rund 200 Mitarbeiter haben in dieser Hinsicht erhalten.<\/p>\n<p>Haben jedoch, war es klar, dass der Protest nicht alle Mitarbeiter beteiligt sind, da sie nicht wollen, dass diese Tat Folgen f\u00fcr die Benutzer des Krankenhauses hat, also die Unterst\u00fctzung h\u00e4ngt Verschiebungen von jedem Professional.<\/p>\n<p>In diesem Sinne haben sie kritisiert, die noch nicht wissen, was geschieht mit den Arbeitern, Joan March, beide im Allgemeinen Krankenhaus, und hatte am Mittwoch h\u00e4lt sie eine Assembly, die entscheiden wird, welche Anspr\u00fcche an die Regierung zur Verf\u00fcgung stellt.<\/p>\n<p>&#8220;Wir hoffen, dass nach der Versammlung am Mittwoch, die Verwaltung geben Antwort auf die Fragen wir tun, weil sie keine klare Antwort gegeben haben&#8221;. Zeitgleich mit der Schliessung, auch hing an der Fassade des Geh\u00e4uses eine schwarze Schleife als Symbol f\u00fcr die Verteidigung der \u00f6ffentlichen Dienstleistungen.<\/p>\n","protected":false},"excerpt":{"rendered":"<p>PALMA DE Mallorca, 30 (EUROPA PRESS) Arbeitnehmer von der Krankenhaus-Joan March &#8220;Encerrar\u00e1n&#8221; von diesem Montag um 10 Uhr auf dem Krankenhaus-Gel\u00e4nde als Protest gegen die Schlie\u00dfung gab am Montag die Regierung innerhalb des Planes f\u00fcr Balancing Wirtschafts- und die Tatsache, dass keine &#8220;keine Erkl\u00e4rung&#8221; in diesem Zusammenhang von der regionalen Verwaltung erhalten bekannt. Wie Europa [&hellip;]<\/p>\n","protected":false},"author":1,"featured_media":0,"comment_status":"close","ping_status":"open","sticky":false,"template":"","format":"standard","meta":{"footnotes":""},"categories":[3],"tags":[],"class_list":["post-18016","post","type-post","status-publish","format-standard","hentry","category-allgemeine","et-doesnt-have-format-content","et_post_format-et-post-format-standard"],"_links":{"self":[{"href":"https:\/\/www.best-dentist-dentistry.com\/de\/wp-json\/wp\/v2\/posts\/18016","targetHints":{"allow":["GET"]}}],"collection":[{"href":"https:\/\/www.best-dentist-dentistry.com\/de\/wp-json\/wp\/v2\/posts"}],"about":[{"href":"https:\/\/www.best-dentist-dentistry.com\/de\/wp-json\/wp\/v2\/types\/post"}],"author":[{"embeddable":true,"href":"https:\/\/www.best-dentist-dentistry.com\/de\/wp-json\/wp\/v2\/users\/1"}],"replies":[{"embeddable":true,"href":"https:\/\/www.best-dentist-dentistry.com\/de\/wp-json\/wp\/v2\/comments?post=18016"}],"version-history":[{"count":0,"href":"https:\/\/www.best-dentist-dentistry.com\/de\/wp-json\/wp\/v2\/posts\/18016\/revisions"}],"wp:attachment":[{"href":"https:\/\/www.best-dentist-dentistry.com\/de\/wp-json\/wp\/v2\/media?parent=18016"}],"wp:term":[{"taxonomy":"category","embeddable":true,"href":"https:\/\/www.best-dentist-dentistry.com\/de\/wp-json\/wp\/v2\/categories?post=18016"},{"taxonomy":"post_tag","embeddable":true,"href":"https:\/\/www.best-dentist-dentistry.com\/de\/wp-json\/wp\/v2\/tags?post=18016"}],"curies":[{"name":"wp","href":"https:\/\/api.w.org\/{rel}","templated":true}]}}