{"id":18035,"date":"2012-09-28T02:33:06","date_gmt":"2012-09-28T02:33:06","guid":{"rendered":null},"modified":"-0001-11-30T00:00:00","modified_gmt":"-0001-11-30T00:00:00","slug":"the-architect-oscar-niemeyer-hospitalized-for-a-respiratory-infection","status":"publish","type":"post","link":"https:\/\/www.best-dentist-dentistry.com\/de\/the-architect-oscar-niemeyer-hospitalized-for-a-respiratory-infection\/18035","title":{"rendered":"Der Architekt Oscar Niemeyer, im Krankenhaus f\u00fcr eine Infektion der Atemwege"},"content":{"rendered":"<p class=\"first\"> <span class=\"yshortcuts\" id=\"lw_1336066641_2\"> Rio De Janeiro<\/span>, 3. Mai (EFE).-der bekannte brasilianische Architekten Oscar Niemeyer, der 104 Jahre alt, ist daraufhin in Rio De Janeiro durch eine Infektion der Atemwege, berichtet heute das medizinische Zentrum, denen sie eingetragen wurde.<\/p>\n<p>Niemeyer wurde die Nacht vom Mittwoch ins Krankenhaus eingeliefert, am Hospital Samaritano in Rio De Janeiro mit der Diagnose einer Lungenentz\u00fcndung und Dehydrierung, nach einem heute ver\u00f6ffentlichten medizinischen Bericht.<\/p>\n<p>Die \u00c4rzte verordnet Antibiotika und Serum zu rehydrieren, dass Sie in das Krankenhaus Semi intraven\u00f6s versorgt werden Testorganisationseinheit Pflege<\/p>\n<p>Der Architekt ist lucid, nat\u00fcrlich atmen und sein Zustand ist stabil, obwohl Nachfrage Pflege, nach dem Dokument vom Arzt Fernando Gjorup unterzeichnet.<\/p>\n<p>Der Staat gegeben, der Gesundheit von Niemeyer, das medizinische Team Behandlung Pl\u00e4ne das n\u00e4chste medizinische Bulletin ver\u00f6ffentlichen Morgen, Freitag.<\/p>\n<p>Ana Luc\u00eda Niemeyer, Tochter des Architekten, lokale Medien sagte Mittwoch, die der Gesundheitszustand seines Vaters war nicht ernst, und das war wegen einer Grippe.<\/p>\n<p>Niemeyer ist international bekannt als Autor der Hauptgeb\u00e4ude in Brasilia, der Hauptstadt des Landes von Kratz- und er\u00f6ffnete 1960 entwickelt und Dutzende Werke in anderen St\u00e4dten der Welt.<\/p>\n<p>War die letzte, die im April 2010 hospitalisiert werden, wann er erlitt eine urinausscheidende Fl\u00e4che Infektion und 12 Tage im Krankenhaus verbracht hatte Niemeyer.<\/p>\n","protected":false},"excerpt":{"rendered":"<p>Rio De Janeiro, 3. Mai (EFE).-der bekannte brasilianische Architekten Oscar Niemeyer, der 104 Jahre alt, ist daraufhin in Rio De Janeiro durch eine Infektion der Atemwege, berichtet heute das medizinische Zentrum, denen sie eingetragen wurde. Niemeyer wurde die Nacht vom Mittwoch ins Krankenhaus eingeliefert, am Hospital Samaritano in Rio De Janeiro mit der Diagnose einer [&hellip;]<\/p>\n","protected":false},"author":1,"featured_media":0,"comment_status":"close","ping_status":"open","sticky":false,"template":"","format":"standard","meta":{"footnotes":""},"categories":[3],"tags":[],"class_list":["post-18035","post","type-post","status-publish","format-standard","hentry","category-allgemeine","et-doesnt-have-format-content","et_post_format-et-post-format-standard"],"_links":{"self":[{"href":"https:\/\/www.best-dentist-dentistry.com\/de\/wp-json\/wp\/v2\/posts\/18035","targetHints":{"allow":["GET"]}}],"collection":[{"href":"https:\/\/www.best-dentist-dentistry.com\/de\/wp-json\/wp\/v2\/posts"}],"about":[{"href":"https:\/\/www.best-dentist-dentistry.com\/de\/wp-json\/wp\/v2\/types\/post"}],"author":[{"embeddable":true,"href":"https:\/\/www.best-dentist-dentistry.com\/de\/wp-json\/wp\/v2\/users\/1"}],"replies":[{"embeddable":true,"href":"https:\/\/www.best-dentist-dentistry.com\/de\/wp-json\/wp\/v2\/comments?post=18035"}],"version-history":[{"count":0,"href":"https:\/\/www.best-dentist-dentistry.com\/de\/wp-json\/wp\/v2\/posts\/18035\/revisions"}],"wp:attachment":[{"href":"https:\/\/www.best-dentist-dentistry.com\/de\/wp-json\/wp\/v2\/media?parent=18035"}],"wp:term":[{"taxonomy":"category","embeddable":true,"href":"https:\/\/www.best-dentist-dentistry.com\/de\/wp-json\/wp\/v2\/categories?post=18035"},{"taxonomy":"post_tag","embeddable":true,"href":"https:\/\/www.best-dentist-dentistry.com\/de\/wp-json\/wp\/v2\/tags?post=18035"}],"curies":[{"name":"wp","href":"https:\/\/api.w.org\/{rel}","templated":true}]}}