{"id":18086,"date":"2012-09-28T02:36:40","date_gmt":"2012-09-28T02:36:40","guid":{"rendered":null},"modified":"-0001-11-30T00:00:00","modified_gmt":"-0001-11-30T00:00:00","slug":"the-psoe-accuses-mato-desecrate-the-sns-with-their-cuts-and-return-to-the-franco-era","status":"publish","type":"post","link":"https:\/\/www.best-dentist-dentistry.com\/de\/the-psoe-accuses-mato-desecrate-the-sns-with-their-cuts-and-return-to-the-franco-era\/18086","title":{"rendered":"the psoe accuses mato desecrate the sns with their cuts and return to the franco era"},"content":{"rendered":"<p class=\"first\"> MADRID, 8 (EUROPA PRESS)<\/p>\n<p>Sozialdemokratische Fraktion im Senat hat am Dienstag im Haus eine Reihe von Fragen an den Minister f\u00fcr Gesundheit, soziale Dienste und Geschlechter, Ana Mato, die Effekte, die K\u00fcrzungen der Gesundheit unter den B\u00fcrgern, beschuldigen sie, dass &#8220;entweiht&#8221; Volksgesundheit haben und zur\u00fcck zum &#8220;Francos Zeiten&#8221; ins Leben gerufen.<\/p>\n<p>So hat es der Senator Mar\u00eda Victoria Chivite, versichert hat, katalogisiert &#8220;Schritt zur\u00fcck Riesen&#8221; die \u00c4nderung eines Systems auf der Grundlage der Universalit\u00e4t zu einem System der Qualit\u00e4tssicherung, die sie glauben verlassen ohne Gesundheitsf\u00fcrsorge f\u00fcr einige spanische B\u00fcrger als junge Leute \u00fcber 26 Jahren, die nicht bereit erkl\u00e4rt, ihre erste Arbeitsstelle oder getrennt von Frauen, die nicht gearbeitet haben.<\/p>\n<p>Au\u00dferhalb Gesundheit Pflege diejenigen, die nicht zur sozialen Sicherheit beigetragen haben, nicht zu werden eindeutig beweisen, dass sie nicht haben Ressourcen, wenn es das Fleisch der Armen in Feierlichkeit in der Franco-\u00c4ra sein wird, als handele es sich um N\u00e4chstenliebe, sie angesprochen werden, hat zensiert.<\/p>\n<p>Auch hat auch beschuldigt Mato &#8220;nehmen eine sehr schmutzige-Debatte&#8221;, die &#8220;Schuld der Einwanderer aus das schlechte Funktionieren der \u00f6ffentlichen Dienste&#8221;, eingedenk dessen, dass universelle &#8220;beneidet&#8221; des nationalen Systems der Gesundheit (SNS), dass &#8220;wollen nun fertig stellen&#8221;.<\/p>\n<p>Dieser Senator sowie auch sozialistische Raquel Andrew, kritisierten, die K\u00fcrzungen im Gesundheitswesen und zur gleichen Zeit machen, verk\u00fcnden, dass Sie mit \u00f6ffentlichen Geldern zu einige Banken einl\u00f6sen k\u00f6nnen.<\/p>\n<p>Haben <\/p>\n<p>&#8220;Detra\u00eddo 7 Milliarden der Volksgesundheit, speichern?&#8221; &#8220;Nein, gib es Bankia wo hatte sie den Sprung von Finanzen Gestern kam mit Beinen platziert&#8221;, Andrew, dem Besitzer der Gesundheit gebeten hat, dass Sie Schnitte eingef\u00fchrt haben, &#8220;ohne Bewertung der wirtschaftlichen Auswirkungen, die machen kann&#8221; verboten hat.<\/p>\n<p>Au\u00dferdem hat dieser Senator gewarnt, Mato-Ma\u00dfnahmen sind &#8220;vorzeigbar f\u00fcr jeder Politiker mit einem Minimum an Berufung des \u00f6ffentlichen Dienstes und sogar so mehr f\u00fcr jeder katholischen Politiker, deren Aktionen mit christlichen Werten durchdrungen werden sollten&#8221;.<\/p>\n<p>&#8220;Erinnerst du dich der Hilfe die schwachen und die Kranken heilen.&#8221; &#8220;Heilung, keine Geb\u00fchren,&#8221; hat Espetado, warf die &#8220;entweihen das aktuelle Modell des Gesundheitssystems&#8221;.<\/p>\n<p>F\u00fcr seinen Teil, hat der Minister beschuldigt die Sozialisten der &#8220;gegenw\u00e4rtigen Wahrheit&#8221; und bestand darauf, da\u00df &#8220;alle Personen frei, \u00f6ffentlich, hochwertigen Gesundheitsversorgung&#8221;.<\/p>\n<p>In diesem Zusammenhang Mato hat darauf bestanden, dass diejenigen \u00fcber 26 Jahren nicht funktioniert es auch abgedeckt werden, &#8220;Was passiert ist, dass sie Nutznie\u00dfer der Eltern waren und jetzt ihr eigenes Recht auf Gesundheitsversorgung werden&#8221;.<\/p>\n<p>Hat auch die Pharmaindustrie Selbstbeteiligung verteidigt und es hat Fortschritte gemacht, dass 89 Prozent der \u00e4lteren Personen bezahlen eine maximal 8 Euro pro Monat, w\u00e4hrend nur 3 Prozent mehr als 18 Euro bezahlen wird.<\/p>\n","protected":false},"excerpt":{"rendered":"<p>MADRID, 8 (EUROPA PRESS) Sozialdemokratische Fraktion im Senat hat am Dienstag im Haus eine Reihe von Fragen an den Minister f\u00fcr Gesundheit, soziale Dienste und Geschlechter, Ana Mato, die Effekte, die K\u00fcrzungen der Gesundheit unter den B\u00fcrgern, beschuldigen sie, dass &#8220;entweiht&#8221; Volksgesundheit haben und zur\u00fcck zum &#8220;Francos Zeiten&#8221; ins Leben gerufen. So hat es der [&hellip;]<\/p>\n","protected":false},"author":1,"featured_media":0,"comment_status":"close","ping_status":"open","sticky":false,"template":"","format":"standard","meta":{"footnotes":""},"categories":[3],"tags":[],"class_list":["post-18086","post","type-post","status-publish","format-standard","hentry","category-allgemeine","et-doesnt-have-format-content","et_post_format-et-post-format-standard"],"_links":{"self":[{"href":"https:\/\/www.best-dentist-dentistry.com\/de\/wp-json\/wp\/v2\/posts\/18086","targetHints":{"allow":["GET"]}}],"collection":[{"href":"https:\/\/www.best-dentist-dentistry.com\/de\/wp-json\/wp\/v2\/posts"}],"about":[{"href":"https:\/\/www.best-dentist-dentistry.com\/de\/wp-json\/wp\/v2\/types\/post"}],"author":[{"embeddable":true,"href":"https:\/\/www.best-dentist-dentistry.com\/de\/wp-json\/wp\/v2\/users\/1"}],"replies":[{"embeddable":true,"href":"https:\/\/www.best-dentist-dentistry.com\/de\/wp-json\/wp\/v2\/comments?post=18086"}],"version-history":[{"count":0,"href":"https:\/\/www.best-dentist-dentistry.com\/de\/wp-json\/wp\/v2\/posts\/18086\/revisions"}],"wp:attachment":[{"href":"https:\/\/www.best-dentist-dentistry.com\/de\/wp-json\/wp\/v2\/media?parent=18086"}],"wp:term":[{"taxonomy":"category","embeddable":true,"href":"https:\/\/www.best-dentist-dentistry.com\/de\/wp-json\/wp\/v2\/categories?post=18086"},{"taxonomy":"post_tag","embeddable":true,"href":"https:\/\/www.best-dentist-dentistry.com\/de\/wp-json\/wp\/v2\/tags?post=18086"}],"curies":[{"name":"wp","href":"https:\/\/api.w.org\/{rel}","templated":true}]}}