{"id":18181,"date":"2012-09-28T00:00:00","date_gmt":"2012-09-28T00:00:00","guid":{"rendered":null},"modified":"-0001-11-30T00:00:00","modified_gmt":"-0001-11-30T00:00:00","slug":"interview-with-juan-rumeu-president-of-the-scientific-committee-of-the-international-dental-forum","status":"publish","type":"post","link":"https:\/\/www.best-dentist-dentistry.com\/de\/interview-with-juan-rumeu-president-of-the-scientific-committee-of-the-international-dental-forum\/18181","title":{"rendered":"Wywiad z Juan Rumeu, przewodnicz\u0105cy Komitetu Naukowego Mi\u0119dzynarodowe Forum stomatologiczne."},"content":{"rendered":"<p><strong>Wywiad z Juan Rumeu, przewodnicz\u0105cy Komitetu Naukowego Mi\u0119dzynarodowe Forum stomatologiczne.<\/strong> <\/p>\n<p><font size=\"2\">-Mi\u0119dzynarodowe Forum stomatologiczne, FDM, kt\u00f3ry odb\u0119dzie si\u0119 od 11 do 13 kwietnia 2013 r. na terenie kampusu Gran Via w Barcelonie jest jedynym wydarzeniem tego obszaru w Hiszpanii, kt\u00f3ry obejmuje handlu wystawa i konferencja naukowa. <\/p>\n<p><\/font><\/p>\n<p><font size=\"2\"> <strong>w Barcelonie, wrzesie\u0144 2012.-<\/strong> jeden z cel\u00f3w Kolejna edycja jest promowanie wymiany wiedzy poprzez w\u0142a\u015bnie jej Kongres naukowy. W tym celu utworzono Komitet pod przewodnictwem Dr Juan Rumeu Mil\u00e0, kt\u00f3ry zaliczek rozwoju i cel\u00f3w kolejna ods\u0142ona. <\/p>\n<p><strong>Pytanie: jak masz warto\u015b\u0107 Fira Barcelona zorganizowanie kolejnej edycji Mi\u0119dzynarodowego Forum stomatologiczne?<\/strong> <\/p>\n<p><\/font><font size=\"2\"> warto\u015bci w bardzo pozytywny spos\u00f3b, a my maj\u0105 struktur\u0119 i profesjonalizm to wielkie Targi instytucji, kt\u00f3ra przyczyni si\u0119 do umocnienia na kongresie w naszym kraju, a tak\u017ce zwi\u0119kszy\u0107 jego internacjonalizacji dzi\u0119ki rozleg\u0142e sieci przedstawicielstw za granic\u0105, z reprezentacj\u0105 w 36 krajach. <\/p>\n<p>Tak\u017ce, mamy kolejny bardzo wa\u017cny atut, kt\u00f3ry jest \u017cyciem Barcelony, bardzo atrakcyjny dla cz\u0142onk\u00f3w Kongresu i specjalist\u00f3w naszego sektora do swojej oferty turystyczne, kulturalne i kulinarne. <\/p>\n<p><\/font><font size=\"2\"> <strong>czy jak to wp\u0142ynie na kryzys na udzia\u0142 domy handlowe w wystawie? <br \/><\/strong> <br \/>W tej chwili g\u0142\u00f3wne marki sektor potwierdzi\u0142y ich obecno\u015bci. Mamy to szcz\u0119\u015bcie by\u0107 w obszar, kt\u00f3ry mimo, \u017ce to nie jest obcy do kryzysu, nie wp\u0142ywa szczeg\u00f3lnie. Przyk\u0142adem tego jest, \u017ce poziom sprzeda\u017cy w Europejskiej w 2011 registaron wzrost o 1,5%, wed\u0142ug europejskiej bran\u017cy stomatologicznej. <\/p>\n<p><\/font><font size=\"2\"> <strong>Tematy zostan\u0105 om\u00f3wione w Kongresie? <br \/><\/strong> <br \/>Konferencja b\u0119dzie zorganizowane wok\u00f3\u0142 trzech temat\u00f3w przekrojowe stosowane praktyki stomatologicznej. B\u0119dzie blok w systemach CAD\/CAM, kt\u00f3re umo\u017cliwiaj\u0105 podj\u0119cie dzia\u0142a\u0144 za po\u015brednictwem komputera za pomoc\u0105 skanera. Kolejny o\u015b jest powi\u0119kszenie, kt\u00f3ry sk\u0142ada si\u0119 za pomoc\u0105 lupy maj\u0105 wi\u0119cej wizji pola i dzia\u0142a\u0107 pod mikroskopem. Wreszcie trzeci blok b\u0119dzie koncentrowa\u0107 si\u0119 na implanty umieszczone w nawigacji, czyli b\u0119d\u0105 dyskutowa\u0107 programy komputerowe, kt\u00f3re u\u0142atwiaj\u0105 rozmieszczenie implant\u00f3w w jamie ustnej. <\/p>\n<p><img loading=\"lazy\" decoding=\"async\" title=\"\" height=\"0\" alt=\"\" src=\"http:\/\/best-dentist-dentistry.com\/best-dentist-images\/interview-with-juan-rumeu-president-of-the-scientific-committee-of-the-international-dental-forum.JPG\" width=\"0\" align=\"baseline\" border=\"0\"\/><br \/><\/font><\/p>\n<p align=\"center\"><font   size=\"2\"><img loading=\"lazy\" decoding=\"async\" title=\"\" height=\"116\" alt=\"\" src=\"http:\/\/best-dentist-dentistry.com\/best-dentist-images\/interview-with-juan-rumeu-president-of-the-scientific-committee-of-the-international-dental-forum.JPG\" width=\"195\" align=\"baseline\" border=\"0\"\/><\/font><\/p>\n<p><font size=\"2\"> Kongresu b\u0119dzie r\u00f3wnie\u017c motyw gwiazdy, kt\u00f3ra opracuje hiszpa\u0144skiego towarzystwa przyz\u0119bia i Osseointegracji, wiesz: peri angielski. Jak r\u00f3wnie\u017c z\u0119by mog\u0105 cierpie\u0107 z przyz\u0119bia, zosta\u0142o, \u017ce implanty r\u00f3wnie\u017c mo\u017ce zosta\u0107 zaatakowany przez bakterie i utrat\u0119 wsparcia ko\u015bci, zmiana nazwy w tym przypadku periimplantitis. W ostatnich latach wiele post\u0119p w zrozumieniu przyczyn tego produktu i jego leczenie. Kwestie, kt\u00f3re s\u0105 aktualne i kt\u00f3re zostan\u0105 om\u00f3wione w Kongresie. <\/p>\n<p>Z drugiej strony b\u0119dzie rozwija\u0107 sesje higienistki stomatologiczne i protetyczne i logoped\u00f3w, kilka zawod\u00f3w, kt\u00f3re Wielka i koordynowane postaci dentystyczny zesp\u00f3\u0142. W skr\u00f3cie, b\u0119dzie to bardzo obszerny program naukowy, kt\u00f3ry b\u0119dzie obejmowa\u0142 wsp\u00f3lnej znany jako &#8220;Europejskie Forum stomatologiczne&#8221; parasol. <\/p>\n<p><\/font><font size=\"2\"> <strong>ilu uczestnik\u00f3w oczekuje si\u0119 do udzia\u0142u w Kongresie? <br \/><\/strong> <br \/>Jest jeszcze wcze\u015bnie, aby u\u015bwiadomi\u0107 sobie, ale mamy nadziej\u0119, \u017ce do osi\u0105gni\u0119cia posta\u0107 3000 specjalist\u00f3w z r\u00f3\u017cnych kraj\u00f3w i spo\u0142ecze\u0144stw, jak wiecie lub hiszpa\u0144skiego spo\u0142ecze\u0144stwa z ortodoncji (SEDO), w\u015br\u00f3d wielu innych. <\/p>\n<p><\/font><font size=\"2\"> <strong>dlaczego musia\u0142 uczestniczy\u0107 FDM stomatolog\u00f3w? <br \/><\/strong> <br \/>Przede wszystkim pozna\u0107 najnowsze wiadomo\u015bci i gor\u0105ce tematy w tym sektorze od traktowane wi\u0119cej najnowszych temat\u00f3w na leczenie zdrowia jamy ustnej. B\u0119dzie r\u00f3wnie\u017c wspiera\u0107 uczenia si\u0119 i interakcji pomi\u0119dzy profesjonalistami z r\u00f3\u017cnych kraj\u00f3w, za pomoc\u0105 narz\u0119dzi, takich jak &#8220;Dopasowanie biznesu&#8221;, kt\u00f3ry u\u0142atwia tworzenie kontakt\u00f3w i spotka\u0144. B\u0119dzie r\u00f3wnie\u017c &#8220;Obszar innowacji&#8221; i &#8220;Speaker Corner&#8221;, gdzie wystawcy mog\u0105 zaprezentowa\u0107 swoje produkty i innowacje w p\u00f3\u0142 godziny sesji. <\/p>\n<p><\/font><\/p>\n<p align=\"center\"><font   size=\"2\"><img loading=\"lazy\" decoding=\"async\" title=\"\" height=\"140\" alt=\"\" src=\"http:\/\/best-dentist-dentistry.com\/best-dentist-images\/interview-with-juan-rumeu-president-of-the-scientific-committee-of-the-international-dental-forum.JPG\" width=\"251\" align=\"baseline\" border=\"0\"\/><\/font><\/p>\n<p><font size=\"2\"> <\/p>\n<p><\/font><\/p>\n","protected":false},"excerpt":{"rendered":"<p>Wywiad z Juan Rumeu, przewodnicz\u0105cy Komitetu Naukowego Mi\u0119dzynarodowe Forum stomatologiczne. -Mi\u0119dzynarodowe Forum stomatologiczne, FDM, kt\u00f3ry odb\u0119dzie si\u0119 od 11 do 13 kwietnia 2013 r. na terenie kampusu Gran Via w Barcelonie jest jedynym wydarzeniem tego obszaru w Hiszpanii, kt\u00f3ry obejmuje handlu wystawa i konferencja naukowa. w Barcelonie, wrzesie\u0144 2012.- jeden z cel\u00f3w Kolejna edycja jest [&hellip;]<\/p>\n","protected":false},"author":1,"featured_media":0,"comment_status":"open","ping_status":"open","sticky":false,"template":"","format":"standard","meta":{"footnotes":""},"categories":[1],"tags":[29293,29295,29294,29292,29291,29296,29290],"class_list":["post-18181","post","type-post","status-publish","format-standard","hentry","category-zahnmedizin-news","tag-komitetu","tag-midzynarodowe","tag-naukowego","tag-przewodniczcy","tag-rumeu","tag-stomatologiczne","tag-wywiad","et-doesnt-have-format-content","et_post_format-et-post-format-standard"],"_links":{"self":[{"href":"https:\/\/www.best-dentist-dentistry.com\/de\/wp-json\/wp\/v2\/posts\/18181","targetHints":{"allow":["GET"]}}],"collection":[{"href":"https:\/\/www.best-dentist-dentistry.com\/de\/wp-json\/wp\/v2\/posts"}],"about":[{"href":"https:\/\/www.best-dentist-dentistry.com\/de\/wp-json\/wp\/v2\/types\/post"}],"author":[{"embeddable":true,"href":"https:\/\/www.best-dentist-dentistry.com\/de\/wp-json\/wp\/v2\/users\/1"}],"replies":[{"embeddable":true,"href":"https:\/\/www.best-dentist-dentistry.com\/de\/wp-json\/wp\/v2\/comments?post=18181"}],"version-history":[{"count":0,"href":"https:\/\/www.best-dentist-dentistry.com\/de\/wp-json\/wp\/v2\/posts\/18181\/revisions"}],"wp:attachment":[{"href":"https:\/\/www.best-dentist-dentistry.com\/de\/wp-json\/wp\/v2\/media?parent=18181"}],"wp:term":[{"taxonomy":"category","embeddable":true,"href":"https:\/\/www.best-dentist-dentistry.com\/de\/wp-json\/wp\/v2\/categories?post=18181"},{"taxonomy":"post_tag","embeddable":true,"href":"https:\/\/www.best-dentist-dentistry.com\/de\/wp-json\/wp\/v2\/tags?post=18181"}],"curies":[{"name":"wp","href":"https:\/\/api.w.org\/{rel}","templated":true}]}}