{"id":18293,"date":"2012-09-29T03:29:28","date_gmt":"2012-09-29T03:29:28","guid":{"rendered":null},"modified":"-0001-11-30T00:00:00","modified_gmt":"-0001-11-30T00:00:00","slug":"the-imo-foundation-closed-the-week-of-prevention-of-eye-diseases-associated-with-age-with-340-reviews-to-over-60-years-of-age","status":"publish","type":"post","link":"https:\/\/www.best-dentist-dentistry.com\/de\/the-imo-foundation-closed-the-week-of-prevention-of-eye-diseases-associated-with-age-with-340-reviews-to-over-60-years-of-age\/18293","title":{"rendered":"Die IMO Stiftung Schloss die Woche der Vorbeugung von Augenkrankheiten zugeordnete Alter mit 340 Bewertungen zu \u00fcber 60 Jahre alt."},"content":{"rendered":"<p><strong>La Fundaci\u00f3n IMO Schloss die Woche der Vorbeugung von Augenkrankheiten mit 340 Bewertungen zu mehr als 60 Jahren zugeordnet. <br \/><\/strong> <\/p>\n<p><font size=\"2\">-der B\u00fcrgermeister von Barcelona, Xavier Trias, betont die Wichtigkeit der Vorbeugung w\u00e4hrend der Schlie\u00dfung der Senior Woche, bei der okul\u00e4ren Mikrochirurgie Institut stattfand <\/p>\n<p>-A pr\u00e4ventiver Ansatz w\u00fcrde ein Gro\u00dfteil der F\u00e4lle von schweren Verlust des Sehens und Blindheit von AMD und Glaukom, laut Experten vermeiden <\/p>\n<p> <strong>Barcelona, September 2012.-<\/strong> La Fundaci\u00f3n IMO geschlossen am vergangenen Freitag der Senior Woche, f\u00fcnf Tage der Aktivit\u00e4ten zur F\u00f6rderung der Gesundheit des Auges und der Lebensqualit\u00e4t in mehr als 60auch bei der Tee-Kampagne gibt es viel zu sehen! Insgesamt werden die freie Auge Pr\u00fcfungen angeboten von der Einheit der Fr\u00fcherkennung von dem Institut von Okular Mikrochirurgie, der B\u00fcrgermeister von Barcelona, Xavier Trias, gestern vor den Vorsitz der Schlie\u00dfung der Senior Woche besucht 340 Personen in dieser Altersgruppe vorgelegt. W\u00e4hrend seiner Rede B\u00fcrgermeister betonte die Bedeutung der Pr\u00e4vention, insbesondere im Erwachsenenalter, eine wachsende Altersgruppe und da\u00df die Stadt Barcelona, angeschlossen an das Europ\u00e4ische Jahr f\u00fcr aktives Altern und Solidarit\u00e4t zwischen den Generationen, hat eine besondere Verpflichtung. Vor seiner Rede war Xavier Tr\u00edas auch das Auge Checkup angeboten von der IMO-Stiftung die ganze Woche \u00fcber 60, die sein gutes Auge Zustand best\u00e4tigt. <\/p>\n<p align=\"center\"><img loading=\"lazy\" decoding=\"async\" title=\"\" height=\"300\" alt=\"\" src=\"http:\/\/www.best-dentist-dentistry.com\/best-dentist-images\/translateapiexception-ip-is-over-the-quota-id3631v2jsontranslate4b00809f.jpg\" width=\"450\" align=\"baseline\" border=\"0\"\/><\/p>\n<p>En el acto de clausura tambi&eacute;n estuvieron presentes la Delegada de Salut del Ayuntamiento, Cristina Iniesta y la Comissionada de la Gent Gran, Assumpci&oacute; Rosset, as&iacute; como Alfons Bielsa, presidente del Col&middot;legi Oficial d&#8217;&Ograve;ptics Optometristes de Catalunya (COOOC) y Mario Cugat, presidente de FATEC (Federaci&oacute; d&#8217;Associacions de la Tercera Edat de Catalunya). Augen\u00e4rzte von verschiedenen Fachbereichen angeboten, ein runder Tisch in dem Schluss, dass  eine vorbeugende Haltung, mit Bewertungen alle zwei Jahre im Alter von 40 Jahren beginnen oder j\u00e4hrliche aus den 60er Jahren oder wenn Sie Risikofaktoren, begleitet von gesunden Gewohnheiten, w\u00fcrde ein Gro\u00dfteil der schweren Sehverlust infolge von AMD oder Glaukom vermeidenzwei der wichtigsten Augenerkrankungen zugeordnete Alter &#8221;. Laut Dr. Borja Corc\u00f3stegui, Spezialist f\u00fcr Netzhaut und \u00e4rztlicher Leiter der IMO,  beide Krankheiten k\u00f6nnen verheerend f\u00fcr die Vision und, im allgemeinen Fortschritt ohne Symptome bis des Schadens bereits bieten ist sehr wichtig und nicht wiedergutzumachenden Schaden, so dass die Diagnose und fr\u00fchzeitige Behandlung ist die wichtigste Strategie den Verlust des Sehverm\u00f6gens zu stoppen oder verlangsamen &#8221;. <\/p>\n<p align=\"center\"><img loading=\"lazy\" decoding=\"async\" title=\"\" height=\"68\" alt=\"\" src=\"http:\/\/www.best-dentist-dentistry.com\/best-dentist-images\/translateapiexception-ip-is-over-the-quota-id3631v2jsontranslate4b00809f.jpg\" width=\"260\" align=\"baseline\" border=\"0\"\/><\/p>\n<p>En este sentido, los oftalm&oacute;logos alertaron de la importancia de desarrollar de forma urgente programas de prevenci&oacute;n para las personas de m&aacute;s edad, y recordaron que perder visi&oacute;n en edades avanzadas es especialmente limitante, dado que la capacidad de adaptaci&oacute;n a esta situaci&oacute;n es menor que en edades m&aacute;s tempranas y que el problema visual se suma a otras condicionantes f&iacute;sicos y psIquicos im Zusammenhang mit Alter. Eine schlechte Sicht in Reife ist Ursache f\u00fcr fallende, Furcht vor dem gehen Au\u00dfen und mangelnde Beziehungen zur Umwelt, das erzeugt eines Gef\u00fchl der Isolation und beg\u00fcnstigt das Erscheinungsbild der Depression &#8221;. <\/p>\n<p>W\u00e4hrend der Roundtable genannten Experten auch eine Umfrage, die von der IMO-Stiftung anl\u00e4sslich dieser Pr\u00e4vention-Kampagne, die unterstreicht die hohe Inzidenz von Augenkrankheiten im mittleren Alter. Laut der Umfrage 78 % der Menschen \u00fcber 60 Jahren hat Sehst\u00f6rungen und in 66 % der F\u00e4lle, im Alter ist der bestimmende Faktor gewesen, da 53 % angegeben, dass die Pathologie erschienen ist Sie im mittleren Alter, w\u00e4hrend 13 % ihn unterst\u00fctzten im Laufe der Jahre verschlechtert hat. <\/p>\n<p align=\"center\"><img loading=\"lazy\" decoding=\"async\" title=\"\" height=\"300\" alt=\"\" src=\"http:\/\/www.best-dentist-dentistry.com\/best-dentist-images\/translateapiexception-ip-is-over-the-quota-id3631v2jsontranslate4b00809f.jpg\" width=\"450\" align=\"baseline\" border=\"0\"\/><\/p>\n<p>Junto a los defectos refractivos (35%) y a la presbicia o vista cansada (17%), los principales problemas de visi&oacute;n que afectan a los mayores son la catarata (27%), el glaucoma (8%), las patolog&iacute;as de retina (6%) y la DMAE (3%). In einigen F\u00e4llen (7 %) werden Augenkrankheiten andere gesundheitliche Probleme, die meisten mit Diabetes (44 %) und, in geringerem Umfang, mit hohem Blutdruck (31 %) oder Herzerkrankungen (13 %) zugeordnet. Es bezieht sich auf die Lebensqualit\u00e4t, mehr als 23 % der betroffenen erkl\u00e4rt durch Ihr Auge Problem eingeschr\u00e4nkt werden (17 % ziemlich begrenzt, um 4 %, Menge und 2 %, komplett). Die Hauptschwierigkeiten, die Erwachsene mit Sehst\u00f6rungen sind beziehen sich auf Su Capacidad Lectora (31 %), die zur gleichen Zeit, ist das Hobby, die bevorzugt die Mehrheit (21 %). <\/p>\n<p align=\"center\"><img loading=\"lazy\" decoding=\"async\" title=\"\" height=\"300\" alt=\"\" src=\"http:\/\/www.best-dentist-dentistry.com\/best-dentist-images\/translateapiexception-ip-is-over-the-quota-id3631v2jsontranslate4b00809f.jpg\" width=\"450\" align=\"baseline\" border=\"0\"\/><\/p>\n<p>La Semana S&eacute;nior se inaugur&oacute; el pasado lunes con un coloquio sobre el envejecimiento activo en el que participaron la creadora de Les 3 Bessones, Roser Capdevila; la periodista y ensayista, Margarita Rivi&egrave;re; el director cient&iacute;fico de la Fundaci&oacute;n La Caixa, Jorge Wagensberg; el notario Juan Jos&eacute; L&oacute;pez Burniol y el director del IMODr. Borja Corc\u00f3stegui. <\/p>\n<p><\/font><\/p>\n","protected":false},"excerpt":{"rendered":"<p>La Fundaci\u00f3n IMO Schloss die Woche der Vorbeugung von Augenkrankheiten mit 340 Bewertungen zu mehr als 60 Jahren zugeordnet. -der B\u00fcrgermeister von Barcelona, Xavier Trias, betont die Wichtigkeit der Vorbeugung w\u00e4hrend der Schlie\u00dfung der Senior Woche, bei der okul\u00e4ren Mikrochirurgie Institut stattfand -A pr\u00e4ventiver Ansatz w\u00fcrde ein Gro\u00dfteil der F\u00e4lle von schweren Verlust des Sehens [&hellip;]<\/p>\n","protected":false},"author":1,"featured_media":0,"comment_status":"close","ping_status":"open","sticky":false,"template":"","format":"standard","meta":{"footnotes":""},"categories":[3],"tags":[29402,29401],"class_list":["post-18293","post","type-post","status-publish","format-standard","hentry","category-allgemeine","tag-augenkrankheiten","tag-sieger","et-doesnt-have-format-content","et_post_format-et-post-format-standard"],"_links":{"self":[{"href":"https:\/\/www.best-dentist-dentistry.com\/de\/wp-json\/wp\/v2\/posts\/18293","targetHints":{"allow":["GET"]}}],"collection":[{"href":"https:\/\/www.best-dentist-dentistry.com\/de\/wp-json\/wp\/v2\/posts"}],"about":[{"href":"https:\/\/www.best-dentist-dentistry.com\/de\/wp-json\/wp\/v2\/types\/post"}],"author":[{"embeddable":true,"href":"https:\/\/www.best-dentist-dentistry.com\/de\/wp-json\/wp\/v2\/users\/1"}],"replies":[{"embeddable":true,"href":"https:\/\/www.best-dentist-dentistry.com\/de\/wp-json\/wp\/v2\/comments?post=18293"}],"version-history":[{"count":0,"href":"https:\/\/www.best-dentist-dentistry.com\/de\/wp-json\/wp\/v2\/posts\/18293\/revisions"}],"wp:attachment":[{"href":"https:\/\/www.best-dentist-dentistry.com\/de\/wp-json\/wp\/v2\/media?parent=18293"}],"wp:term":[{"taxonomy":"category","embeddable":true,"href":"https:\/\/www.best-dentist-dentistry.com\/de\/wp-json\/wp\/v2\/categories?post=18293"},{"taxonomy":"post_tag","embeddable":true,"href":"https:\/\/www.best-dentist-dentistry.com\/de\/wp-json\/wp\/v2\/tags?post=18293"}],"curies":[{"name":"wp","href":"https:\/\/api.w.org\/{rel}","templated":true}]}}