{"id":18441,"date":"2012-09-30T02:59:21","date_gmt":"2012-09-30T02:59:21","guid":{"rendered":null},"modified":"-0001-11-30T00:00:00","modified_gmt":"-0001-11-30T00:00:00","slug":"palacios-bet-for-raising-exceptions-for-chronic-in-the-text-that-regulates-assistance-to-uninsured","status":"publish","type":"post","link":"https:\/\/www.best-dentist-dentistry.com\/de\/palacios-bet-for-raising-exceptions-for-chronic-in-the-text-that-regulates-assistance-to-uninsured\/18441","title":{"rendered":"palacios bet for raising exceptions for chronic in the text that regulates assistance to uninsured"},"content":{"rendered":"<p class=\"first\"> MURCIA, 8 (EUROPA PRESS)<\/p>\n<p>Der Minister f\u00fcr Gesundheit und Sozialpolitik, Murcia, Mar\u00eda \u00c1ngeles Palacios, entschied sich Dienstag f\u00fcr die Anhebung der Zentralregierung &rsquo;Ausnahmen&rsquo;, chronisch Kranke, so dass sie nicht aus den Entwurf der Tagesordnung, das versucht sind, Zugang zu medizinischer Versorgung f\u00fcr Menschen zu regulieren, die nicht den Status des Versicherten oder Beg\u00fcnstigten im nationalen Gesundheitssystem haben.<\/p>\n<p>Z. B. Palacios zitiert F\u00e4lle von chronischer Niereninsuffizienz, Krebs oder AIDS-Patienten, wenn man bedenkt, dass &#8220;ist jeder Logik lassen nicht mitten in einem Prozess, wenn sie eine Behandlung dieser Art ist&#8221;, sagte er. &#8220;Kann nicht in der Mitte Links werden weil Gesetzgebung herauskommt, auch wird weiterhin und haben zu t\u00f6ten&#8221;, hat behauptet.<\/p>\n<p>Und das Ministerium f\u00fcr Gesundheit, soziale Dienste und Gleichheit und den autonomen Gemeinschaften, eine M\u00f6glichkeit zu studieren, so dass Immigranten ohne Papiere, die vom n\u00e4chsten September 1. ohne Krankenversicherung gelassen werden, zum Empfang in die \u00f6ffentliche Gesundheit durch Vereinbarungen bezahlen.<\/p>\n<p>Nach Gesundheit, ist die Entwicklung des K\u00f6niglichen Dekrets zur Regelung des Status der Versicherten und beg\u00fcnstigten Zwecken der Gesundheitsversorgung in Spanien, ver\u00f6ffentlicht im Amtsblatt am 4. August. Dieser Standard legt fest, dass Personen, die nicht den Zustand des Versicherten oder Beg\u00fcnstigten des Systems erf\u00fcllen spezielle Gesundheitswesen Konventionen formalisieren k\u00f6nnen.<\/p>\n<p>Palacios sagte, der Vorschlag geschickt durch die Zentralregierung ist ein &#8220;erster Entwurf&#8221;, und dass die autonomen Gemeinschaften haben den Rest des Monats August, \u00c4nderungen an den Standard zu betrachten.<\/p>\n<p>Berater darauf hingewiesen, dass der &#8220;am meisten umstrittene&#8221; Punkt, dass scheint &#8220;konzentriert sich auf diese Art von speziellen Konventionen entwickelt werden sollte und, nat\u00fcrlich, denken, dass sie f\u00fcr Ihr eigenes Hoheitsgebiet gemeinsame sein m\u00fcssen&#8221;.<\/p>\n<p>Das Interesse der Landesregierung ist, dass jede Gemeinschaft &#8220;machen das besondere Umst\u00e4nde haben k\u00f6nnen, aber viele von ihnen werden in anderen wiederholt&#8221;.<\/p>\n<p>&#8220;<\/p>\n<p>Ziel nach Palacios, ist, dass diese Besonderheiten spiegeln sich in der Entwicklung des Dekrets und dass, also diese besonderen Konventionen sind die selben f\u00fcr alle Spanien und wir sind Arbeit&#8221;.<\/p>\n<p>Berater hingewiesen, dass dieses Problem &#8220;musste in dem Dekret \u00fcber Ma\u00dfnahmen, die vom Ministerium nach allen Gemeinschaften entwickelt werden, und sie waren fehlende bestimmte Punkte an die Zusicherung zu entwickeln&#8221;.<\/p>\n<p>Jetzt, Palacios hat best\u00e4tigt, dass &#8220;es ein Entwurf, in dem Sie arbeiten im Ministerium und beziehen sich auf die Gemeinden, ihre Vorschl\u00e4ge, um es in k\u00fcrzester Zeit zu der diese Zusicherung zu machen&#8221;.<\/p>\n","protected":false},"excerpt":{"rendered":"<p>MURCIA, 8 (EUROPA PRESS) Der Minister f\u00fcr Gesundheit und Sozialpolitik, Murcia, Mar\u00eda \u00c1ngeles Palacios, entschied sich Dienstag f\u00fcr die Anhebung der Zentralregierung &rsquo;Ausnahmen&rsquo;, chronisch Kranke, so dass sie nicht aus den Entwurf der Tagesordnung, das versucht sind, Zugang zu medizinischer Versorgung f\u00fcr Menschen zu regulieren, die nicht den Status des Versicherten oder Beg\u00fcnstigten im nationalen [&hellip;]<\/p>\n","protected":false},"author":1,"featured_media":0,"comment_status":"close","ping_status":"open","sticky":false,"template":"","format":"standard","meta":{"footnotes":""},"categories":[3],"tags":[],"class_list":["post-18441","post","type-post","status-publish","format-standard","hentry","category-allgemeine","et-doesnt-have-format-content","et_post_format-et-post-format-standard"],"_links":{"self":[{"href":"https:\/\/www.best-dentist-dentistry.com\/de\/wp-json\/wp\/v2\/posts\/18441","targetHints":{"allow":["GET"]}}],"collection":[{"href":"https:\/\/www.best-dentist-dentistry.com\/de\/wp-json\/wp\/v2\/posts"}],"about":[{"href":"https:\/\/www.best-dentist-dentistry.com\/de\/wp-json\/wp\/v2\/types\/post"}],"author":[{"embeddable":true,"href":"https:\/\/www.best-dentist-dentistry.com\/de\/wp-json\/wp\/v2\/users\/1"}],"replies":[{"embeddable":true,"href":"https:\/\/www.best-dentist-dentistry.com\/de\/wp-json\/wp\/v2\/comments?post=18441"}],"version-history":[{"count":0,"href":"https:\/\/www.best-dentist-dentistry.com\/de\/wp-json\/wp\/v2\/posts\/18441\/revisions"}],"wp:attachment":[{"href":"https:\/\/www.best-dentist-dentistry.com\/de\/wp-json\/wp\/v2\/media?parent=18441"}],"wp:term":[{"taxonomy":"category","embeddable":true,"href":"https:\/\/www.best-dentist-dentistry.com\/de\/wp-json\/wp\/v2\/categories?post=18441"},{"taxonomy":"post_tag","embeddable":true,"href":"https:\/\/www.best-dentist-dentistry.com\/de\/wp-json\/wp\/v2\/tags?post=18441"}],"curies":[{"name":"wp","href":"https:\/\/api.w.org\/{rel}","templated":true}]}}