{"id":18454,"date":"2012-10-01T02:31:42","date_gmt":"2012-10-01T02:31:42","guid":{"rendered":null},"modified":"-0001-11-30T00:00:00","modified_gmt":"-0001-11-30T00:00:00","slug":"extremadura-ui-calls-to-raise-taxes-to-ensure-public-health","status":"publish","type":"post","link":"https:\/\/www.best-dentist-dentistry.com\/de\/extremadura-ui-calls-to-raise-taxes-to-ensure-public-health\/18454","title":{"rendered":"Extremadura UI Aufrufe an Steuern daf\u00fcr \u00f6ffentliche Gesundheit erh\u00f6hen"},"content":{"rendered":"<p class=\"first\"> Merida, 6. Mai (EFE).-der general-Koordinator der IU Extremadura, Pedro Escobar, sagte heute, dass sollte Steuern erh\u00f6hen, vor allem der ein Einkommen f\u00fcr nat\u00fcrliche Personen (Einkommensteuer), um das \u00dcberleben des Gesundheitswesens der Autonomen Gemeinschaft voranzubringen.<\/p>\n<p>In einer Stellungnahme Artikel in &#8220;El Peri\u00f3dico Extremadura&#8221;, Escobar erkl\u00e4rt UI bef\u00fcrwortet &#8220;zweigleisig zur Verbesserung der Verwaltung und Finanzierung zu erh\u00f6hen&#8221;, und, dar\u00fcber hinaus der R\u00fcckgang f\u00fcr die Erbringung von Dienstleistungen und die Erh\u00f6hung der Mittel durch ablehnen &#8220;Selbstbeteiligung \/ R\u00fcckzahlung&#8221;.<\/p>\n<p>&#8220;Verteidigung des Gesundheitswesens&#8221; durch &#8220;die \u00c4nderung auf den Beitrag \u00fcber steigende Steuern und, vor allem die pers\u00f6nliche Einkommensteuer&#8221;, fordert die f\u00fcgt hinzu, dass &#8220;es das UI-Programm ist&#8221;.<\/p>\n<p>Auch betont, dass das derzeitige Gesundheitssystem &#8220;durch ernsthafte Schwierigkeiten&#8221; und dass &#8220;niemand will, und seitdem IU nicht, das System schwach ist, schlie\u00dft oder verliert seine Zeichen der Identit\u00e4t &rsquo;.<\/p>\n<p>F\u00fcgt hinzu, dass die &#8220;PSOE, jetzt in der Opposition lehnt K\u00fcrzungen&#8221; zwar &#8220;Die PP, unter dem Vorwand des Zusammenbruchs des Systems, beharrt auf Messers Schneide&#8221;.<\/p>\n","protected":false},"excerpt":{"rendered":"<p>Merida, 6. Mai (EFE).-der general-Koordinator der IU Extremadura, Pedro Escobar, sagte heute, dass sollte Steuern erh\u00f6hen, vor allem der ein Einkommen f\u00fcr nat\u00fcrliche Personen (Einkommensteuer), um das \u00dcberleben des Gesundheitswesens der Autonomen Gemeinschaft voranzubringen. In einer Stellungnahme Artikel in &#8220;El Peri\u00f3dico Extremadura&#8221;, Escobar erkl\u00e4rt UI bef\u00fcrwortet &#8220;zweigleisig zur Verbesserung der Verwaltung und Finanzierung zu erh\u00f6hen&#8221;, [&hellip;]<\/p>\n","protected":false},"author":1,"featured_media":0,"comment_status":"close","ping_status":"open","sticky":false,"template":"","format":"standard","meta":{"footnotes":""},"categories":[3],"tags":[29543],"class_list":["post-18454","post","type-post","status-publish","format-standard","hentry","category-allgemeine","tag-prez-gaditana","et-doesnt-have-format-content","et_post_format-et-post-format-standard"],"_links":{"self":[{"href":"https:\/\/www.best-dentist-dentistry.com\/de\/wp-json\/wp\/v2\/posts\/18454","targetHints":{"allow":["GET"]}}],"collection":[{"href":"https:\/\/www.best-dentist-dentistry.com\/de\/wp-json\/wp\/v2\/posts"}],"about":[{"href":"https:\/\/www.best-dentist-dentistry.com\/de\/wp-json\/wp\/v2\/types\/post"}],"author":[{"embeddable":true,"href":"https:\/\/www.best-dentist-dentistry.com\/de\/wp-json\/wp\/v2\/users\/1"}],"replies":[{"embeddable":true,"href":"https:\/\/www.best-dentist-dentistry.com\/de\/wp-json\/wp\/v2\/comments?post=18454"}],"version-history":[{"count":0,"href":"https:\/\/www.best-dentist-dentistry.com\/de\/wp-json\/wp\/v2\/posts\/18454\/revisions"}],"wp:attachment":[{"href":"https:\/\/www.best-dentist-dentistry.com\/de\/wp-json\/wp\/v2\/media?parent=18454"}],"wp:term":[{"taxonomy":"category","embeddable":true,"href":"https:\/\/www.best-dentist-dentistry.com\/de\/wp-json\/wp\/v2\/categories?post=18454"},{"taxonomy":"post_tag","embeddable":true,"href":"https:\/\/www.best-dentist-dentistry.com\/de\/wp-json\/wp\/v2\/tags?post=18454"}],"curies":[{"name":"wp","href":"https:\/\/api.w.org\/{rel}","templated":true}]}}