{"id":18519,"date":"2012-10-01T02:37:18","date_gmt":"2012-10-01T02:37:18","guid":{"rendered":null},"modified":"-0001-11-30T00:00:00","modified_gmt":"-0001-11-30T00:00:00","slug":"the-basque-health-will-keep-the-full-health-insurance-card-immigrants","status":"publish","type":"post","link":"https:\/\/www.best-dentist-dentistry.com\/de\/the-basque-health-will-keep-the-full-health-insurance-card-immigrants\/18519","title":{"rendered":"Die Baskisch Gesundheit halten die volle Krankenversicherung Karte Einwanderer"},"content":{"rendered":"<p class=\"first\"> <span class=\"yshortcuts\" id=\"lw_1337281288_7\"> Bilbao<\/span>, 17 kann (EFE).-Baskisch <span class=\"yshortcuts\" id=\"lw_1337281288_5\"> Abteilung<\/span> <span class=\"yshortcuts\" id=\"lw_1337281288_6\"> Gesundheit halten, wird<\/span> die Krankenversicherungskarte mit &#8220;ganze Leistungsportfolio&#8221; irregul\u00e4ren Migranten und andere Gruppen durch den k\u00f6niglichen Erlass von der Zentralregierung am 20. April genehmigt und \u00fcberpr\u00fcft im Kongress heute betroffen.<\/p>\n<p>Das Dekret zielt darauf ab, mehr als 7 Milliarden Euro in das nationale Gesundheitssystem sparen umfasst Aktionen wie die pharmazeutischen Selbstbeteiligung f\u00fcr das erste Mal haben wird, die Rentner zu \u00fcbernehmen und Ma\u00dfnahmen zur Steuerung von &#8220;Gesundheitstourismus&#8221; und die R\u00fccknahme der Karte f\u00fcr illegale Einwanderer.<\/p>\n<p>In einer Pressekonferenz heute in Bilbao, die baskische stellvertretender Minister f\u00fcr Gesundheit, Jes\u00fas Mar\u00eda Fern\u00e1ndez, engagiert sich f\u00fcr &#8220;geben das gesamte Portfolio von Dienstleistungen&#8221; der Gesundheit-Osakidetza Baskisch Gruppen, die ihr Recht auf die Krankenversicherung verlieren Card<\/p>\n<p>Im Baskenland, die Zahl der betroffenen Menschen w\u00e4re etwa 40.000, nach Angaben von Fernandez: 22.000 registrierte Immigranten ohne Aufenthalt erlaubt, 13.500 Jugendliche \u00e4lter als 26 Jahre, die ihren ersten Job, 800 geschiedenen Nachfrage nach ihren ersten Arbeitsplatz nicht zugestimmt haben und 3.500 behinderte Menschen, die nicht einmal zum ersten Mal gearbeitet haben.<\/p>\n<p>The Deputy Minister erkl\u00e4rte, dass die baskische Regierung &#8220;Gesetzgebung&#8221; unterst\u00fctzen wird f\u00fcr die Anwendung nicht das K\u00f6nigliche Dekret und er beschworen hat das spanische Gesetz September 2011 und die Baskisch-Erlass vom 1988, zwei Regeln &#8220;b\u00fcrgenden Gesundheit Universalit\u00e4t&#8221;.<\/p>\n<p>&#8220;Das ist der bestehende Rahmen und wir behaupten wird, sowie Selbstverwaltung,&#8221; hat betont Fernandez, wer sich f\u00fcr Gruppen, die au\u00dferhalb der Abdeckung durch k\u00f6nigliches Dekret best\u00e4tigt heute eine Karte mit &#8220;die gleiche Reichweite wie die \u00fcbrigen&#8221; in Osakidetza, sind, engagiert obwohl es nicht au\u00dferhalb des baskischen \u00f6ffentlichen Gesundheitswesens g\u00fcltig.<\/p>\n<p>Fernandez gew\u00e4hrleistet der Umsetzung der k\u00f6niglichen Erlass, die Rettungsdiensten zu s\u00e4ttigen, da k\u00fcmmert sie sich nur auf die oben genannten kollektive bereitgestellt werden, der Notstand, werden au\u00dferdem, dass wird es Krankheiten versch\u00e4rfen und Chroniken von &#8220;mangelnde Aufmerksamkeit&#8221; gemacht werden und h\u00f6here Kosten f\u00fcr das System Folge wird.<\/p>\n<p>Hat auch sichergestellt, dass Daten verweigern, dass Einwanderer &#8220;Missbrauch&#8221; des Systems und ein Beispiel hat darauf hingewiesen, dass Einwanderer jedes Jahr zum Arzt 6,4 mal pro 11.1 der Spanier und dass Drogenkonsums kommen ist 96.5 Euro gegen\u00fcber dem 446 der Angeh\u00f6rigen. Der einzige Abschnitt, der erkl\u00e4rt, mit verst\u00e4rkten Einsatz von Ausl\u00e4ndern ist ER (16 %).<\/p>\n","protected":false},"excerpt":{"rendered":"<p>Bilbao, 17 kann (EFE).-Baskisch Abteilung Gesundheit halten, wird die Krankenversicherungskarte mit &#8220;ganze Leistungsportfolio&#8221; irregul\u00e4ren Migranten und andere Gruppen durch den k\u00f6niglichen Erlass von der Zentralregierung am 20. April genehmigt und \u00fcberpr\u00fcft im Kongress heute betroffen. Das Dekret zielt darauf ab, mehr als 7 Milliarden Euro in das nationale Gesundheitssystem sparen umfasst Aktionen wie die pharmazeutischen [&hellip;]<\/p>\n","protected":false},"author":1,"featured_media":0,"comment_status":"close","ping_status":"open","sticky":false,"template":"","format":"standard","meta":{"footnotes":""},"categories":[3],"tags":[],"class_list":["post-18519","post","type-post","status-publish","format-standard","hentry","category-allgemeine","et-doesnt-have-format-content","et_post_format-et-post-format-standard"],"_links":{"self":[{"href":"https:\/\/www.best-dentist-dentistry.com\/de\/wp-json\/wp\/v2\/posts\/18519","targetHints":{"allow":["GET"]}}],"collection":[{"href":"https:\/\/www.best-dentist-dentistry.com\/de\/wp-json\/wp\/v2\/posts"}],"about":[{"href":"https:\/\/www.best-dentist-dentistry.com\/de\/wp-json\/wp\/v2\/types\/post"}],"author":[{"embeddable":true,"href":"https:\/\/www.best-dentist-dentistry.com\/de\/wp-json\/wp\/v2\/users\/1"}],"replies":[{"embeddable":true,"href":"https:\/\/www.best-dentist-dentistry.com\/de\/wp-json\/wp\/v2\/comments?post=18519"}],"version-history":[{"count":0,"href":"https:\/\/www.best-dentist-dentistry.com\/de\/wp-json\/wp\/v2\/posts\/18519\/revisions"}],"wp:attachment":[{"href":"https:\/\/www.best-dentist-dentistry.com\/de\/wp-json\/wp\/v2\/media?parent=18519"}],"wp:term":[{"taxonomy":"category","embeddable":true,"href":"https:\/\/www.best-dentist-dentistry.com\/de\/wp-json\/wp\/v2\/categories?post=18519"},{"taxonomy":"post_tag","embeddable":true,"href":"https:\/\/www.best-dentist-dentistry.com\/de\/wp-json\/wp\/v2\/tags?post=18519"}],"curies":[{"name":"wp","href":"https:\/\/api.w.org\/{rel}","templated":true}]}}