{"id":18530,"date":"2012-10-01T02:38:12","date_gmt":"2012-10-01T02:38:12","guid":{"rendered":null},"modified":"-0001-11-30T00:00:00","modified_gmt":"-0001-11-30T00:00:00","slug":"the-centennial-architect-oscar-niemeyer-is-the-high","status":"publish","type":"post","link":"https:\/\/www.best-dentist-dentistry.com\/de\/the-centennial-architect-oscar-niemeyer-is-the-high\/18530","title":{"rendered":"Der Centennial Architekt Oscar Niemeyer ist die hohe"},"content":{"rendered":"<p class=\"first\"> <span class=\"yshortcuts\" id=\"lw_1337376147_1\"> Rio De Janeiro<\/span>, 18 kann (EFE).-der brasilianische Architekt Oscar Niemeyer, der 104 Jahre, heute wurde entlassen, nachdem er 16 Tage ins Krankenhaus eingeliefert f\u00fcr Pneumonie, sagte ein Sprecher f\u00fcr das Krankenhaus Samaritano in Rio De Janeiro.<\/p>\n<p>Niemeyer wurde am 2. Mai in der Samariter-Krankenhaus-Intensivstation aufgenommen und wurde am Samstag zur Verbesserung der ihren Gesundheitszustand Pflanzen \u00fcbertragen.<\/p>\n<p>Des ber\u00fchmte Architekten ist der Autor von den Hauptgeb\u00e4uden in Brasilia, der Hauptstadt von Grund auf neu entworfen und \u00f6ffnete im Jahre 1960 in der Mitte der Savanne in der Mitte des Landes.<\/p>\n<p>Letzte Woche Niemeyer erkl\u00e4rte seinen Wunsch, das Krankenhaus so schnell wie m\u00f6glich wieder f\u00fcr ihre Projekte zu lassen, die weiterhin trotz seines fortgeschrittenen Alters.<\/p>\n","protected":false},"excerpt":{"rendered":"<p>Rio De Janeiro, 18 kann (EFE).-der brasilianische Architekt Oscar Niemeyer, der 104 Jahre, heute wurde entlassen, nachdem er 16 Tage ins Krankenhaus eingeliefert f\u00fcr Pneumonie, sagte ein Sprecher f\u00fcr das Krankenhaus Samaritano in Rio De Janeiro. Niemeyer wurde am 2. Mai in der Samariter-Krankenhaus-Intensivstation aufgenommen und wurde am Samstag zur Verbesserung der ihren Gesundheitszustand Pflanzen [&hellip;]<\/p>\n","protected":false},"author":1,"featured_media":0,"comment_status":"close","ping_status":"open","sticky":false,"template":"","format":"standard","meta":{"footnotes":""},"categories":[3],"tags":[29577],"class_list":["post-18530","post","type-post","status-publish","format-standard","hentry","category-allgemeine","tag-erkrankt","et-doesnt-have-format-content","et_post_format-et-post-format-standard"],"_links":{"self":[{"href":"https:\/\/www.best-dentist-dentistry.com\/de\/wp-json\/wp\/v2\/posts\/18530","targetHints":{"allow":["GET"]}}],"collection":[{"href":"https:\/\/www.best-dentist-dentistry.com\/de\/wp-json\/wp\/v2\/posts"}],"about":[{"href":"https:\/\/www.best-dentist-dentistry.com\/de\/wp-json\/wp\/v2\/types\/post"}],"author":[{"embeddable":true,"href":"https:\/\/www.best-dentist-dentistry.com\/de\/wp-json\/wp\/v2\/users\/1"}],"replies":[{"embeddable":true,"href":"https:\/\/www.best-dentist-dentistry.com\/de\/wp-json\/wp\/v2\/comments?post=18530"}],"version-history":[{"count":0,"href":"https:\/\/www.best-dentist-dentistry.com\/de\/wp-json\/wp\/v2\/posts\/18530\/revisions"}],"wp:attachment":[{"href":"https:\/\/www.best-dentist-dentistry.com\/de\/wp-json\/wp\/v2\/media?parent=18530"}],"wp:term":[{"taxonomy":"category","embeddable":true,"href":"https:\/\/www.best-dentist-dentistry.com\/de\/wp-json\/wp\/v2\/categories?post=18530"},{"taxonomy":"post_tag","embeddable":true,"href":"https:\/\/www.best-dentist-dentistry.com\/de\/wp-json\/wp\/v2\/tags?post=18530"}],"curies":[{"name":"wp","href":"https:\/\/api.w.org\/{rel}","templated":true}]}}