{"id":18551,"date":"2012-10-01T02:39:42","date_gmt":"2012-10-01T02:39:42","guid":{"rendered":null},"modified":"-0001-11-30T00:00:00","modified_gmt":"-0001-11-30T00:00:00","slug":"the-medical-union-cesm-of-castilla-la-mancha-called-optional-strike-on-30-may","status":"publish","type":"post","link":"https:\/\/www.best-dentist-dentistry.com\/de\/the-medical-union-cesm-of-castilla-la-mancha-called-optional-strike-on-30-may\/18551","title":{"rendered":"Die medizinische Union CESM von Castilla   La Mancha genannt optional Streik am 30. Mai"},"content":{"rendered":"<p class=\"first\"> TOLEDO, 20 (EUROPA PRESS)<\/p>\n<p>Medizinische Union CESM von Castilla &#8211; La Mancha hat einen \u00c4rzte-Streik am 30. Mai, nachdem Sie sichergestellt haben, dass das endg\u00fcltige Dokument verfasst vom <span class=\"yshortcuts\" id=\"lw_1337518042_1\"> Gesundheitsdienst von Castilla &#8211; La Mancha<\/span> (<span class=\"yshortcuts\" id=\"lw_1337518042_0\"> SESCAM<\/span>) einberufen &#8220;erf\u00fcllt nicht die Erwartungen der Union.<\/p>\n<p>&#8220;<\/p>\n<p>Seinem Verst\u00e4ndnis, dieser Vorschlag &#8220;bleibt eine Erkl\u00e4rung der Absicht, das l\u00e4sst die Umsetzung der Punkte, die die Arbeitnehmerrechte der <span class=\"yshortcuts\"id=\"lw_1337518042_5\"> \u00c4rzte<\/span> betroffen von so genannten Ma\u00dfnahmen der Anpassung an den Willen der Verwaltung verringern k\u00f6nnte&#8221;.<\/p>\n<p>So es der Union Pressemitteilung, versichert hat, in dem sie erkl\u00e4ren, dass in der Montage von vor ein paar Wochen beschlossen wurde, die Verhandlungen fortsetzen und Stoppen des Streiks geplant f\u00fcr 24 nach neue Kontakte mit SESCAM.<\/p>\n<p>Nach es sagt der Union, das Dokument pr\u00e4sentiert von der SESCAM &#8220;adressiert nicht den Anspruch, wie der Rest der Besch\u00e4ftigten im \u00f6ffentlichen Dienst in der Zunahme der Tag; behandelt zu werden&#8221; Geben Sie den Prozentsatz der Ersatz lie\u00df ihn eine sinnvolle Budget-Verf\u00fcgbarkeit nicht; &#8220;und ist keine akzeptable L\u00f6sung f\u00fcr den Genuss der Verordnung-Libranzas und die Vereinbarkeit von Familienleben&#8221;.<\/p>\n<p>Dar\u00fcber hinaus der Text &#8220;nicht so klar die Rechte der \u00c4rzte hinsichtlich Pausen nach Wache dieses Statut Rahmens; entspricht&#8221; Es gibt keine Garantie der Stabilit\u00e4t in Besch\u00e4ftigung an \u00c4rzte, die durch die Privatisierung von Krankenh\u00e4usern und medizinischen Bereichen betroffen; &#8220;und es gibt keine klare Entscheidung, die erworbenen Rechte der medizinischen Offiziere sch\u00fctzen &rsquo;.<\/p>\n<p>Unter andere Kritiken des Dokuments von SESCAM angeboten, hat die CESM bekr\u00e4ftigt, dass &#8220;es nicht erkennt den gro\u00dfen Verlust der Kaufkraft von bis zu 25 Prozent der einige optionale, tritt nicht auf, um zu erreichen, dass \u00c4rzte eine \u00e4hnliche Behandlung f\u00fcr den Rest der Beamten haben und&#8221;nicht Verg\u00fctung Verluste des Personals in der Ausbildung besuchen&#8221;&#8221;&#8221;, mit Geh\u00e4lter Mileuristas gelegentlich&#8221;<\/p>\n<p>bedenkt, dass diese Ma\u00dfnahmen auf &#8220;eine merkliche Abnahme in der Qualit\u00e4t der Pflege, die bereits Patienten beeinflussen ist&#8221; auswirken, die Gewerkschaft forderte schlie\u00dflich dieser Streik f\u00fcr Mittwoch, 30. Mai, ein Tag vor dem Tag der Region, sicherzustellen, dass &#8220;ausgesch\u00f6pft haben alle M\u00f6glichkeiten der Verhandlung&#8221;. &#8220;Wir glauben, dass die professionelle w\u00fcrde der \u00c4rzte zwingt uns zu dieser Ma\u00dfnahme zu ergreifen&#8221;, versichert worden.<\/p>\n<p>&#8220;Wir haben genug zu sagen&#8221;<\/p>\n<p>Versichert den Sekret\u00e4r der Mitteilung der Union, erkl\u00e4rte Miguel M\u00e9ndez, Europa Press, die die \u00c4rzte in der Region &#8220;musste einfach sagen&#8221; die Ma\u00dfnahmen der Landesregierung, sicherzustellen, dass sie &#8220;nicht schuldig&#8221; sind der Krise.<\/p>\n<p>Wie oben beschrieben, das entschieden wurde, sobald ein Verhandlungsmandat Komitee von sieben Personen, die von der Union versucht, eine Einigung mit SESCAM, aber empfangene Gebot zu erreichen, &#8220;sprach sehr wenig spezifische und wenig konkrete Dinge und hatte keine Substanz&#8221;.<\/p>\n<p>Mendez hat betroffen wo die Gewerkschaft &#8220;wurde geparkten Verg\u00fctung Fragen und mehr Wert auf dem Arbeitsmarkt gegeben&#8221;, aber keine Einigung &#8220;verpflichtet zu reagieren,&#8221; hatte, weil dies nat\u00fcrlich sogar verschlechtern.<\/p>\n<p>Gewerkschaftsf\u00fchrer hat auch behauptet, dass &#8220;kann sehen&#8221; wie Sie in den allgemeinen Haushalten der Region &#8220;gibt es Anzeichen, die sie wollen mehr zu \u00c4rzten zu versch\u00e4rfen&#8221;, so sie wollen &#8220;einen Hauch von Aufmerksamkeit zur Verwaltung geben&#8221;.<\/p>\n<p>Hat auf der anderen Seite gibt es &#8220;klare Schilder die Privatisierung-Reise&#8221;, wie einer von denen Signale &#8220;, die wollen die medizinischen Beamten damit werden zu erpressen&#8221;, da Beamte &#8220;Hindernisse f\u00fcr die Privatisierung sind&#8221;.<\/p>\n<p>In Bezug auf die Mindestleistungen, Mendez hofft, dass &#8220;sind immer die Entsprechung des Feiertages&#8221;, da &#8220;es emp\u00f6rend w\u00e4re&#8221;, die ein h\u00f6herer minimaler Service wurde vom Vorstand beschlossen.<\/p>\n","protected":false},"excerpt":{"rendered":"<p>TOLEDO, 20 (EUROPA PRESS) Medizinische Union CESM von Castilla &#8211; La Mancha hat einen \u00c4rzte-Streik am 30. Mai, nachdem Sie sichergestellt haben, dass das endg\u00fcltige Dokument verfasst vom Gesundheitsdienst von Castilla &#8211; La Mancha ( SESCAM) einberufen &#8220;erf\u00fcllt nicht die Erwartungen der Union. &#8220; Seinem Verst\u00e4ndnis, dieser Vorschlag &#8220;bleibt eine Erkl\u00e4rung der Absicht, das l\u00e4sst [&hellip;]<\/p>\n","protected":false},"author":1,"featured_media":0,"comment_status":"close","ping_status":"open","sticky":false,"template":"","format":"standard","meta":{"footnotes":""},"categories":[3],"tags":[29587],"class_list":["post-18551","post","type-post","status-publish","format-standard","hentry","category-allgemeine","tag-ernster","et-doesnt-have-format-content","et_post_format-et-post-format-standard"],"_links":{"self":[{"href":"https:\/\/www.best-dentist-dentistry.com\/de\/wp-json\/wp\/v2\/posts\/18551","targetHints":{"allow":["GET"]}}],"collection":[{"href":"https:\/\/www.best-dentist-dentistry.com\/de\/wp-json\/wp\/v2\/posts"}],"about":[{"href":"https:\/\/www.best-dentist-dentistry.com\/de\/wp-json\/wp\/v2\/types\/post"}],"author":[{"embeddable":true,"href":"https:\/\/www.best-dentist-dentistry.com\/de\/wp-json\/wp\/v2\/users\/1"}],"replies":[{"embeddable":true,"href":"https:\/\/www.best-dentist-dentistry.com\/de\/wp-json\/wp\/v2\/comments?post=18551"}],"version-history":[{"count":0,"href":"https:\/\/www.best-dentist-dentistry.com\/de\/wp-json\/wp\/v2\/posts\/18551\/revisions"}],"wp:attachment":[{"href":"https:\/\/www.best-dentist-dentistry.com\/de\/wp-json\/wp\/v2\/media?parent=18551"}],"wp:term":[{"taxonomy":"category","embeddable":true,"href":"https:\/\/www.best-dentist-dentistry.com\/de\/wp-json\/wp\/v2\/categories?post=18551"},{"taxonomy":"post_tag","embeddable":true,"href":"https:\/\/www.best-dentist-dentistry.com\/de\/wp-json\/wp\/v2\/tags?post=18551"}],"curies":[{"name":"wp","href":"https:\/\/api.w.org\/{rel}","templated":true}]}}