{"id":18566,"date":"2012-10-01T02:40:50","date_gmt":"2012-10-01T02:40:50","guid":{"rendered":null},"modified":"-0001-11-30T00:00:00","modified_gmt":"-0001-11-30T00:00:00","slug":"vera-says-that-you-working-with-professionals-to-close-organizational-aspects-of-the-new-health-care-model","status":"publish","type":"post","link":"https:\/\/www.best-dentist-dentistry.com\/de\/vera-says-that-you-working-with-professionals-to-close-organizational-aspects-of-the-new-health-care-model\/18566","title":{"rendered":"vera says that you working with professionals to close organizational aspects of the new health care model"},"content":{"rendered":"<p class=\"first\"> Gruppen, &#8220;das Argument des Obskurantismus verlassen&#8221; auf das <span class=\"yshortcuts\" id=\"lw_1337707596_1\"> neue Modell<\/span> gebeten, weil &#8220;es f\u00fcr den Zusammenhalt sah hat&#8221;<\/p>\n<p>PAMPLONA, 22 (EUROPA PRESS)<\/p>\n<p>Der Minister der <span class=\"yshortcuts\" id=\"lw_1337707596_3\"> Gesundheit der Regierung von Navarra<\/span>, <span class=\"yshortcuts\" id=\"lw_1337707596_7\"> Marta Vera<\/span>, hat betont, dass die &#8220;Essenz&#8221; des neuen Gesundheitswesen &#8220;die Beteiligung der Fachkreise&#8221; und daf\u00fcr gesorgt hat, dass seine Abteilung arbeitet, um &#8220;versuchen, mit ihnen allen im Hinblick auf die technische und organisatorische Aspekte zu schlie\u00dfen&#8221;.<\/p>\n<p>Und Vera hat zur Kenntnis genommen, im parlamentarischen Ausschuss, auf seinen eigenen Wunsch und Bildu, die auf das neue Pflege-Modell, entwickelt von der <span class=\"yshortcuts\" id=\"lw_1337707596_0\"> Abteilung der Gesundheit<\/span>, auf der Grundlage &#8220;auf zwei Grundprinzipien: pflegen unser Gesundheitssystem und seine <span class=\"yshortcuts\"id=\"lw_1337707596_6\"> Nachhaltigkeit<\/span> f\u00fcr k\u00fcnftige Generationen zu gew\u00e4hrleisten&#8221;.<\/p>\n<p>Der <span class=\"yshortcuts\" id=\"lw_1337707596_4\"> Berater<\/span> erkl\u00e4rte, dass, da das neue Pflege-Modell auf einer Pressekonferenz vorgestellt wurde, er hat sich mit Vertretern der Hochschule der \u00c4rzte von Navarra, der Hochschule der Krankenpflege, sowie mit einer Gruppe von B\u00fcrgermeistern aus der Gegend von Pamplona und Region f\u00fcr die L\u00f6sung dieses Problems getroffen und &#8220;h\u00f6ren ihre Beitr\u00e4ge&#8221;.<\/p>\n<p>Auch Treffen mit B\u00fcrgermeister von anderen Bereichen, wie auch die Mitglieder des Kollegiums der Pharmazie, Verb\u00e4nde von Patienten und Zentren und Unternehmen in der Region unter anderem plant.<\/p>\n<p>&#8220;Dies ist keine marketing-Kampagne, sondern eine \u00dcbung der Transparenz und Rechenschaftspflicht gegen\u00fcber dem B\u00fcrger und eine Voraussetzung f\u00fcr den Erfolg das Ziel des neuen Assistencial eine Realit\u00e4t, haben&#8221;, hat der Berater, herausgearbeitet, die vor seiner \u00f6ffentlichen Pr\u00e4sentation &#8220;bereits bei zahlreichen Gelegenheiten mit vielf\u00e4ltigen Gruppen getroffen hatte&#8221; hervorgehoben.<\/p>\n<p>Sowie und nach erkl\u00e4rt im Detail die Begegnungen von Mitgliedern seiner Abteilung mit verschiedenen Agenten, hat Vera gebeten, die neue Pflege model, weil &#8220;wir den Zusammenhalt und die Beitr\u00e4ge unserer Fachleute gesucht haben&#8221; <span class=\"yshortcuts\" id=\"lw_1337707596_2\"> Fraktionen<\/span> &#8220;belassen&#8221; definitiv das Argument des Obskurantismus Umgebung.<\/p>\n<p>In diesem Sinne &#8220;unpassend&#8221; gefunden einige Fraktionen, ihn zu beschuldigen &#8220;Obskurantismus und des Habens des Plans ohne Dialog und Debatte \u00fcber es, und uns f\u00fcr kritisieren geschlossen nicht in der Lage, bestimmte Informationen \u00fcber zu geben wie Computer endg\u00fcltig geschlossen werden oder wie es funktionieren die verschiedenen Punkte des Aktion&#8221;.<\/p>\n<p>Einer Situation &#8220;Sehr kompliziert&#8221;<\/p>\n<p>Der Gesundheitsminister hat betont, dass &#8220;wir in einer extrem schwierigen Situation Leben&#8221; und dass es &#8220;keinen Zweifel&#8221;, dass ist das \u00f6ffentliche <span class=\"yshortcuts\" id=\"lw_1337707596_5\"> Gesundheitssystem<\/span> &#8220;ernstlich bedroht&#8221;, dass seiner Meinung nach &#8220;besser, nicht zu sagen, die einzige Wette in einer Weise, die durch das System bestimmt ist seine Nachhaltigkeit und seine Schutzma\u00dfnahmen sicherzustellen misst&#8221;.<\/p>\n<p>Ansicht von Vera, &#8220;Wir sollten versuchen, um einen Prozess des Wandels ohne die Dringlichkeit oder das Ertrinken zu drastischeren Ma\u00dfnahmen bewirken k\u00f6nnen und, die sie betreffen nur kurzfristig&#8221; und hat argumentiert, dass &#8220;der beste Weg, um dringende oder willk\u00fcrliche Ma\u00dfnahmen zu vermeiden ist eine \u00dcberpr\u00fcfung des Modells der Aufmerksamkeit gehen wir wurden die Zahlung&#8221;.<\/p>\n<p>&#8220;Die L\u00f6sung f\u00fcr das Problem der Nachhaltigkeit des Gesundheitswesens muss eine ordnungsgem\u00e4\u00dfe Verwendung der Ressourcen aller Beteiligten, eine Tiefe und strukturelle \u00c4nderung, die das gesamte Modell und eine neue Orientierung, mutig und entschlossen, beeinflu\u00dft enthalten reagieren, die auf die aktuellen Bed\u00fcrfnisse der Bev\u00f6lkerung und der Gesellschaft&#8221;, sagte.<\/p>\n<p>, Hat sich entschieden &#8220;\u00fcberwinden das paternalistische Modell der vorherrschende Versorgung in den letzten Jahren hat ein hohes Ma\u00df an Medikalisierung und Gesundheit Konsum erzeugt&#8221;, die &#8220;die Gesundheit System B\u00fcrger \u00fcberm\u00e4\u00dfig abh\u00e4ngig gemacht hat&#8221;.<\/p>\n<p>Wie der Minister erkl\u00e4rte, es wird erwartet, dass am Ende des Jahres &#8220;in der Reihenfolge besser erkl\u00e4ren die \u00c4nderungen im neuen Modell&#8221;, die Abteilung durchgef\u00fchrt, eine Information f\u00fcr alle B\u00fcrgerinnen und B\u00fcrger Kampagne, damit &#8220;sie nicht den geringsten Zweifel haben, welche Zeit Ihr Gesundheitszentrum wird oder was im Notfall zu tun&#8221;.<\/p>\n<p>BILDU, BASKISCHE und -E kritisieren das neue Modell<\/p>\n<p>An der Wende der Fraktionen, Bakartxo Ruiz, Bildu, hat beklagt, dass das Gesundheitsministerium &#8220;ist die \u00f6ffentliche und offene Debatte \u00fcber das neue Pflege-Modell verhindern&#8221;, und dies sagte, es ist &#8220;mangelnde Transparenz&#8221;. Seiner Ansicht nach die Abteilung &#8220;sind mit Hilfe der Strategie der Teile und herrsche&#8221; und kritisiert das neue Modell &#8220;nicht nur der Reorganisation, sondern auch K\u00fcrzungen reden&#8221;.<\/p>\n<p>Von UPN, Antonio P\u00e9rez Wiesen wollte &#8220;die gr\u00f6\u00dfte und am besten Erfolg f\u00fcr das neue Modell der Tierschutz sehr ehrgeizig und notwendig f\u00fcr die Nachhaltigkeit des Systems&#8221; und betonte, dass &#8220;jede Anklage auf Obskurantismus und mangelnde Transparenz unter seinem eigenen Gewicht nach den Anweisungen des Ministers f\u00e4llt&#8221;.<\/p>\n<p>Aus den Reihen der PSN, Mari Carmen Ochoa fragte Ratgeber &#8220;welche Meinungen auf diesem neuen Modell an den Sitzungen erhalten habe&#8221;, da &#8220;das Ende aller Fachleute sehen ihre Arbeit ge\u00e4ndert&#8221;. Dar\u00fcber hinaus galt es &#8220;Grundrechte&#8221;, die eine Kampagne &#8220;klar&#8221; wird, so dass Staatsb\u00fcrgerschaft &#8220;ohne Zweifel hat&#8221; \u00fcber dieses neue Modell.<\/p>\n<p>Im Namen Nafarroa Bai, Asun Fern\u00e1ndez de Garaialde sagte zu f\u00fchlen &#8220;\u00fcberw\u00e4ltigt&#8221; von den Angaben der Berater da &#8220;seit einiger Zeit schon wir gelesen was heute uns hier gesagt hat haben&#8221;. Er bemerkte, dass der Berater &#8220;anderes Konzept welche Beteiligung&#8221; und hat das neue Pflege-Modell als &#8220;eine Absichtserkl\u00e4rung&#8221; definiert.<\/p>\n<p>Auch durch die PPN Marcos de Enrique Mart\u00edn hat erkl\u00e4rt, dass &#8220;\u00dcberraschungen&#8221;, die Gruppen, die von der Kommission bestanden haben &#8220;haben Sie \u00fcber mangelnde Information, nach den Sitzungen, die mit der Abteilung veranstaltet wurden beklagt&#8221;. Hat auch betont, dass seine Fraktion begr\u00fc\u00dft &#8220;&#8221; das neue Modell der Pflege, &#8220;sehr ehrgeizig und darauf ausgerichtet, die Nachhaltigkeit des Systems&#8221;.<\/p>\n<p>Schlie\u00dflich, Marisa de Sim\u00f3n, Links-Ezkerra, entschied sich f\u00fcr ein &#8220;universal, gerechtere, zug\u00e4nglich und unterst\u00fctzende&#8221; Gesundheitswesen und hat als &#8220;Nachhaltigkeit \u00fcber Steuern gew\u00e4hrleistet werden sollte&#8221;. Haben Sie sich \u00fcberlegt, dass diese Reorganisation, &#8220;ohne ausreichende vorherige Studie durchgef\u00fchrt, wird die Qualit\u00e4t der Pflege verringert&#8221;.<\/p>\n<p>(EUROPA PRESS von Navarra)<\/p>\n<p>NA SAN 20120522191157 GUR<\/p>\n","protected":false},"excerpt":{"rendered":"<p>Gruppen, &#8220;das Argument des Obskurantismus verlassen&#8221; auf das neue Modell gebeten, weil &#8220;es f\u00fcr den Zusammenhalt sah hat&#8221; PAMPLONA, 22 (EUROPA PRESS) Der Minister der Gesundheit der Regierung von Navarra, Marta Vera, hat betont, dass die &#8220;Essenz&#8221; des neuen Gesundheitswesen &#8220;die Beteiligung der Fachkreise&#8221; und daf\u00fcr gesorgt hat, dass seine Abteilung arbeitet, um &#8220;versuchen, mit [&hellip;]<\/p>\n","protected":false},"author":1,"featured_media":0,"comment_status":"close","ping_status":"open","sticky":false,"template":"","format":"standard","meta":{"footnotes":""},"categories":[3],"tags":[],"class_list":["post-18566","post","type-post","status-publish","format-standard","hentry","category-allgemeine","et-doesnt-have-format-content","et_post_format-et-post-format-standard"],"_links":{"self":[{"href":"https:\/\/www.best-dentist-dentistry.com\/de\/wp-json\/wp\/v2\/posts\/18566","targetHints":{"allow":["GET"]}}],"collection":[{"href":"https:\/\/www.best-dentist-dentistry.com\/de\/wp-json\/wp\/v2\/posts"}],"about":[{"href":"https:\/\/www.best-dentist-dentistry.com\/de\/wp-json\/wp\/v2\/types\/post"}],"author":[{"embeddable":true,"href":"https:\/\/www.best-dentist-dentistry.com\/de\/wp-json\/wp\/v2\/users\/1"}],"replies":[{"embeddable":true,"href":"https:\/\/www.best-dentist-dentistry.com\/de\/wp-json\/wp\/v2\/comments?post=18566"}],"version-history":[{"count":0,"href":"https:\/\/www.best-dentist-dentistry.com\/de\/wp-json\/wp\/v2\/posts\/18566\/revisions"}],"wp:attachment":[{"href":"https:\/\/www.best-dentist-dentistry.com\/de\/wp-json\/wp\/v2\/media?parent=18566"}],"wp:term":[{"taxonomy":"category","embeddable":true,"href":"https:\/\/www.best-dentist-dentistry.com\/de\/wp-json\/wp\/v2\/categories?post=18566"},{"taxonomy":"post_tag","embeddable":true,"href":"https:\/\/www.best-dentist-dentistry.com\/de\/wp-json\/wp\/v2\/tags?post=18566"}],"curies":[{"name":"wp","href":"https:\/\/api.w.org\/{rel}","templated":true}]}}