{"id":18619,"date":"2012-10-02T02:34:08","date_gmt":"2012-10-02T02:34:08","guid":{"rendered":null},"modified":"-0001-11-30T00:00:00","modified_gmt":"-0001-11-30T00:00:00","slug":"basque-government-will-guarantee-access-to-health-care-to-groups-that-are-excluded-by-the-cuts","status":"publish","type":"post","link":"https:\/\/www.best-dentist-dentistry.com\/de\/basque-government-will-guarantee-access-to-health-care-to-groups-that-are-excluded-by-the-cuts\/18619","title":{"rendered":"Baskische Regierung garantieren Zugang zu medizinischer Versorgung zu Gruppen, die von den K\u00fcrzungen ausgenommen sind"},"content":{"rendered":"<p class=\"first\"> Osalde, die Gesellschaft f\u00fcr das Recht auf Gesundheit, l\u00f6st &#8220;ethische Abfragen Einwand&#8221; auf das <span class=\"yshortcuts\" id=\"lw_1337275726_5\"> K\u00f6nigliche Dekret<\/span> von <span class=\"yshortcuts\" id=\"lw_1337275726_2\"> Gesundheit<\/span><\/p>\n<p>BILBAO, 17 (EUROPA PRESS)<\/p>\n<p>Der <span class=\"yshortcuts\" id=\"lw_1337275726_7\"> Baskischen Regierung<\/span> gew\u00e4hrleistet im Rahmen der <span class=\"yshortcuts\" id=\"lw_1337275726_3\"> Satzung der Autonomie<\/span>, die medizinische Qualit\u00e4t in gleicher Bedingungen f\u00fcr den Zugang zu diesen Gruppen, die nach der Annahme des Legislativdekretes Royal 16\/2012 durch das Abgeordnetenhaus, die Abdeckung der Gesundheitsversorgung, ausgeschlossen ist, wie der stellvertretende Minister f\u00fcr Gesundheit, Jes\u00fas Mar\u00eda Fern\u00e1ndez sagte.<\/p>\n<p>Fernandez traf Donnerstag in Bilbao mit Vertretern der verschiedenen Gruppen (Migranten, Menschen mit Behinderungen, Jugendliche, Frauen und chronisch kranke) die abgeschnittenen sehen konnte ihre Rechte durch Bestimmungen des k\u00f6niglichen Dekret des Ministeriums f\u00fcr Gesundheit, die enth\u00e4lt schneidet in Gesundheit, nach denen auf einer Pressekonferenz, zusammen mit dem Direktor des Emakunde erschienen istMar\u00eda Silvestre, zu allen Personen im Baskenland &#8220;universal&#8221; Gesundheitsversorgung Abdeckung anvertrauen.<\/p>\n<p>Fernandez hat eine institutionelle Erkl\u00e4rung, die behauptet, dass unter dem Deckmantel der &#8220;Sicherung der Tragf\u00e4higkeit des nationalen Gesundheitssystems&#8221;, das K\u00f6nigliche Dekret Donnerstag angenommen &#8220;beschr\u00e4nkt Gesundheitsversorgung f\u00fcr eine Vielzahl von Gruppen, wie junge Menschen im Alter von weniger als 65 Prozent, Immigrant in irregul\u00e4rer Situation oder Exconyuges, die keinem Versicherten sind 26, Behinderten&#8221; gelesen.<\/p>\n<p>Dieser Gruppen erinnert sich den Text, tr\u00e4gt durch die Zahlung der entsprechenden Leistungen, wenn sie Zugang zum Gesundheitsschutz wollen.<\/p>\n<p>El Gobierno Vasco, setzte die Anweisung, &#8220;ist sich der Bedeutung der Haushaltskonsolidierung Durchf\u00fchrungsma\u00dfnahmen, aber akzeptiert nicht, dass dies auf Kosten der Zugang zu wesentlichen \u00f6ffentlichen Dienstleistungen, die zum sozialen Zusammenhalt und Achtung der Rechte und der w\u00fcrde von Menschen beitragen zu untergraben&#8221;.<\/p>\n<p>Darum, f\u00fcgt hinzu: &#8220;Wir garantieren, dass wir keinen Schritt r\u00fcckw\u00e4rts in die Garantie dieser Rechte im Rahmen, der uns das Autonomiestatut gibt&#8221; und &#8220;alle Leute im Baskenland werden wir weiterhin haben eine Qualit\u00e4t in der Pflege zu gleichen Bedingungen in Ihren Zugang&#8221;.<\/p>\n<p>Hat der stellvertretende Minister betonte das Engagement der baskischen Regierung f\u00fcr &#8220;health care Berichterstattung \u00fcber das gesamte Portfolio von Dienstleistungen&#8221; und darauf hingewiesen, dass, &#8220;eine andere Sache ist, dass die Gesundheitskarte, die wir diese Leute geben, die au\u00dferhalb des K\u00f6niglichen Dekrets Gesetzes sind eine g\u00fcltige Karte aus Osakidetza, logisch dort sind wir unter den Rechtsrahmen Spanisch und haben keine M\u00f6glichkeit, \u00fcber unsere eigenen Grenzen hinausgehen&#8221;.<\/p>\n<p>Daten<\/p>\n<p>Fernandez hingewiesen, dass im Baskenland, gibt 22.000 registrierten Ausl\u00e4nder, die keine Aufenthaltsbewilligung, haben, sodass Real Decreto legislativo von Gesundheitsversorgung ausgeschlossen w\u00fcrde.<\/p>\n<p>Darauf hingewiesen, dass dieser Erlass auch andere Gruppen, betrifft wie all jene Menschen, die nicht Beitragszahler zur Sozialversicherung oder wurden in der Vergangenheit, aber sie arbeitslos sind, haben nicht den Zustand der Beg\u00fcnstigter Dritter, denen unter dem Alter von 26 Jahren, m\u00fcssen die nicht mehr als 65 Prozent Behinderung. Eine andere Gruppe betroffen, hat darauf hingewiesen, ist der geschiedenen Personen oder in den Prozess der Trennung, die nicht nie notiert haben und haben keinen Zugang zu ihren ersten Job.<\/p>\n<p>Fernandez sagte, dass nach der Lanbide-Datenbank es 21.500 Menschen Nachfrage nach ihren ersten Job gibt, von dem 13.500 \u00fcber 26 Jahre alt sind. Auch sind dort 800 Menschen geschieden oder in einer Situation der ehelichen Lebensgemeinschaft, dass ihre erste Arbeitsstelle auch gefordert. Sie sind seit 3.500 Kl\u00e4ger seine erste Arbeit, die ein gewisses Ma\u00df an Behinderung und wer haben Besch\u00e4ftigung nicht zuvor zugegriffen.<\/p>\n<p>Hat daher gewarnt, &#8220;Wir reden hier \u00fcber Tausende von Menschen, sondern die nur einen Teil der Gesellschaft widerspiegeln, denn sie sind diejenigen, die mit der Stelle Nachfrage registriert sind und es viele g\u00e4be mehr von diesen verschiedenen Gruppen, die aus Gr\u00fcnden, die nicht einmal in Lanbide als Arbeitsuchende registriert sind&#8221;.<\/p>\n<p>Fernandez kritisierte auch, dass es ist &#8220;verwirrend \u00d6ffentlichkeit zu rechtfertigen diese Ausschl\u00fcsse der Gesundheit care&#8221; behauptet, dass &#8220;Es gibt ein Gesundheits-Tourismus des Europ\u00e4ischen Menschen oder nicht, das kommen nach Spanien, um die Gesundheitsversorgung, zu erhalten, wenn sie unter soziale Sicherheit in Ihrem Land fallen&#8221;, wenn die L\u00f6sung in diesem Fall ist &#8220;sehr einfach: Verbesserung der Systeme der Informations- und Abrechnung der autonomen Gemeinschaften f\u00fcr diese Dienste kostenlos&#8221;.<\/p>\n<p>Hat auch zensiert Argument erfolgt, die f\u00fcr ausl\u00e4ndische B\u00fcrger tun &#8220;Use and Abuse of die oberste spanische B\u00fcrger-Gesundheitsversorgung&#8221;, wenn, nach Daten, die angegeben wurde, die zugewanderten Bev\u00f6lkerung &#8220;beachtet die Gesundheitszentren durchschnittlich 6,4 mal Jahr, gegen 11,1 mal spanischer B\u00fcrger und Einwanderer sind B\u00fcrger Drogen Konsum Ausl\u00e4nder ist 96.5 Euro j\u00e4hrlich und dem Spanier&#8221; &#8220;von 446 EUR&#8221;.<\/p>\n<p>Fernandez anerkannt, dass &#8220;der einzige Punkt der Aufmerksamkeit wo es st\u00e4rkere Nutzung von Gesundheitsdienstleistungen von ausl\u00e4ndischen Staatsangeh\u00f6rigen ist bei Notf\u00e4llen, 16 Prozent mehr&#8221;.<\/p>\n<p>Seiner Ansicht wird die Durchf\u00fchrung der k\u00f6niglichen Erlass einer &#8220;\u00dcbernutzung von Notf\u00e4llen durch jenen Ausl\u00e4ndern, denen nur Gesundheitsversorgung Abdeckung, die sie bewahren die Versorgung im Notfall, die Probleme ist, dass dadurch schlechter Kontrolle von Krankheiten, generiert S\u00e4ttigung der Notf\u00e4lle und h\u00f6here Kosten f\u00fcr die Bereitstellung der Gesundheit f\u00fcr diese Population Dienstleistungen&#8221; produzieren.<\/p>\n<p>&#8220;Einspruch-Ethik&#8221;<\/p>\n<p>Auf der anderen Seite, der Pr\u00e4sident der Osalde (Verein f\u00fcr das Recht auf Gesundheit), Juan Luis Ur\u00eda, erkl\u00e4rte, dass von Osalde zu verschiedenen Berufsgruppen beschworen wurde haben, um das K\u00f6nigliche Dekret der Gesundheit &#8220;in festen ethischen Einwand an den Konsultationen&#8221; ausl\u00f6sen.<\/p>\n<p>&#8220;Pass auf jeden Fall auf der institutionellen Ebene garantiert oder nicht auf institutioneller Ebene, Berufsgruppen Notwendigkeit, mit normalen Arztkonsultation Humanismus und gemeinsame Ethik der Arbeit im Gesundheitswesen, Kliniken oder Krankenh\u00e4usern Osakidetza Zentren garantiert&#8221;, sagte.<\/p>\n<p>In diesem Zusammenhang hat darauf hingewiesen, dass sie sich daf\u00fcr bereits positioniert haben &#8220;Einwand Ethik, unter anderem der Familienmedizin Society, Osalde und dem Verband der Gemeinschaft Krankenpflege.&#8221; Au\u00dferdem sagte dieser Einwand an den Hochschulen von \u00c4rzten, Apothekern, Physiotherapeuten und Krankenpflege diskutiert wird.<\/p>\n","protected":false},"excerpt":{"rendered":"<p>Osalde, die Gesellschaft f\u00fcr das Recht auf Gesundheit, l\u00f6st &#8220;ethische Abfragen Einwand&#8221; auf das K\u00f6nigliche Dekret von Gesundheit BILBAO, 17 (EUROPA PRESS) Der Baskischen Regierung gew\u00e4hrleistet im Rahmen der Satzung der Autonomie, die medizinische Qualit\u00e4t in gleicher Bedingungen f\u00fcr den Zugang zu diesen Gruppen, die nach der Annahme des Legislativdekretes Royal 16\/2012 durch das Abgeordnetenhaus, [&hellip;]<\/p>\n","protected":false},"author":1,"featured_media":0,"comment_status":"close","ping_status":"open","sticky":false,"template":"","format":"standard","meta":{"footnotes":""},"categories":[3],"tags":[29652,29651],"class_list":["post-18619","post","type-post","status-publish","format-standard","hentry","category-allgemeine","tag-ausgenommen","tag-streit","et-doesnt-have-format-content","et_post_format-et-post-format-standard"],"_links":{"self":[{"href":"https:\/\/www.best-dentist-dentistry.com\/de\/wp-json\/wp\/v2\/posts\/18619","targetHints":{"allow":["GET"]}}],"collection":[{"href":"https:\/\/www.best-dentist-dentistry.com\/de\/wp-json\/wp\/v2\/posts"}],"about":[{"href":"https:\/\/www.best-dentist-dentistry.com\/de\/wp-json\/wp\/v2\/types\/post"}],"author":[{"embeddable":true,"href":"https:\/\/www.best-dentist-dentistry.com\/de\/wp-json\/wp\/v2\/users\/1"}],"replies":[{"embeddable":true,"href":"https:\/\/www.best-dentist-dentistry.com\/de\/wp-json\/wp\/v2\/comments?post=18619"}],"version-history":[{"count":0,"href":"https:\/\/www.best-dentist-dentistry.com\/de\/wp-json\/wp\/v2\/posts\/18619\/revisions"}],"wp:attachment":[{"href":"https:\/\/www.best-dentist-dentistry.com\/de\/wp-json\/wp\/v2\/media?parent=18619"}],"wp:term":[{"taxonomy":"category","embeddable":true,"href":"https:\/\/www.best-dentist-dentistry.com\/de\/wp-json\/wp\/v2\/categories?post=18619"},{"taxonomy":"post_tag","embeddable":true,"href":"https:\/\/www.best-dentist-dentistry.com\/de\/wp-json\/wp\/v2\/tags?post=18619"}],"curies":[{"name":"wp","href":"https:\/\/api.w.org\/{rel}","templated":true}]}}