{"id":1867,"date":"2014-04-04T23:09:30","date_gmt":"2014-04-04T23:09:30","guid":{"rendered":null},"modified":"2014-04-04T23:09:30","modified_gmt":"2014-04-04T23:09:30","slug":"the-department-of-health-of-requena-presents-its-new-management-team-of-primary-care","status":"publish","type":"post","link":"https:\/\/www.best-dentist-dentistry.com\/de\/the-department-of-health-of-requena-presents-its-new-management-team-of-primary-care\/1867","title":{"rendered":"Der Gesundheitszustand des Requena pr\u00e4sentiert des neue Management Teams der Grundversorgung."},"content":{"rendered":"<p><strong>Der Gesundheitszustand des Requena pr\u00e4sentiert seine neue Teammanagement des prim\u00e4ren Aufmerksamkeit.<\/strong><\/p>\n<p> <font size=\"2\">-la Dr. Inmaculada Cervera wurde zum Direktor der Grundversorgung <\/p>\n<p> <strong>Requena, Oktober 2011 &#8211;<\/strong> die Abteilung der Gesundheit der Requena pr\u00e4sentierte das neue Management-Team in der Grundversorgung unter der Leitung von Marisa de Reinoso, Manager der Abteilung. <\/p>\n<p>Makellose Cervera, der Leiter der Grundfl\u00e4che von Utiel, hat vor kurzem Direktor der medizinischen Grundversorgung der Abteilung Gesundheit der Requena ernannt.  ich bin sehr aufgeregt, bei dieser Gelegenheit und arbeiten jeden Tag um die beste Versorgung unserer Patienten sicherzustellen &#8221;, betont Dr. Cervera. <\/p>\n<p>Auf der anderen Seite, \u00fcbt Dr. Manolo Mar\u00edn der Office der H\u00e4uptling der Grundfl\u00e4che von Utiel, w\u00e4hrend Monica Mart\u00ednez Ochando neu f\u00fcr die Grundfl\u00e4che des Caudete verantwortlich sein wird. <br \/><\/font><\/p>\n","protected":false},"excerpt":{"rendered":"<p>Der Gesundheitszustand des Requena pr\u00e4sentiert seine neue Teammanagement des prim\u00e4ren Aufmerksamkeit. -la Dr. Inmaculada Cervera wurde zum Direktor der Grundversorgung Requena, Oktober 2011 &#8211; die Abteilung der Gesundheit der Requena pr\u00e4sentierte das neue Management-Team in der Grundversorgung unter der Leitung von Marisa de Reinoso, Manager der Abteilung. Makellose Cervera, der Leiter der Grundfl\u00e4che von Utiel, [&hellip;]<\/p>\n","protected":false},"author":1,"featured_media":0,"comment_status":"close","ping_status":"open","sticky":false,"template":"","format":"standard","meta":{"footnotes":""},"categories":[3],"tags":[7115,7117,7116,7114],"class_list":["post-1867","post","type-post","status-publish","format-standard","hentry","category-allgemeine","tag-gesundheitszustand","tag-grundversorgung","tag-management-teams","tag-rckgang","et-doesnt-have-format-content","et_post_format-et-post-format-standard"],"_links":{"self":[{"href":"https:\/\/www.best-dentist-dentistry.com\/de\/wp-json\/wp\/v2\/posts\/1867","targetHints":{"allow":["GET"]}}],"collection":[{"href":"https:\/\/www.best-dentist-dentistry.com\/de\/wp-json\/wp\/v2\/posts"}],"about":[{"href":"https:\/\/www.best-dentist-dentistry.com\/de\/wp-json\/wp\/v2\/types\/post"}],"author":[{"embeddable":true,"href":"https:\/\/www.best-dentist-dentistry.com\/de\/wp-json\/wp\/v2\/users\/1"}],"replies":[{"embeddable":true,"href":"https:\/\/www.best-dentist-dentistry.com\/de\/wp-json\/wp\/v2\/comments?post=1867"}],"version-history":[{"count":0,"href":"https:\/\/www.best-dentist-dentistry.com\/de\/wp-json\/wp\/v2\/posts\/1867\/revisions"}],"wp:attachment":[{"href":"https:\/\/www.best-dentist-dentistry.com\/de\/wp-json\/wp\/v2\/media?parent=1867"}],"wp:term":[{"taxonomy":"category","embeddable":true,"href":"https:\/\/www.best-dentist-dentistry.com\/de\/wp-json\/wp\/v2\/categories?post=1867"},{"taxonomy":"post_tag","embeddable":true,"href":"https:\/\/www.best-dentist-dentistry.com\/de\/wp-json\/wp\/v2\/tags?post=1867"}],"curies":[{"name":"wp","href":"https:\/\/api.w.org\/{rel}","templated":true}]}}