{"id":18755,"date":"2012-10-02T03:30:12","date_gmt":"2012-10-02T03:30:12","guid":{"rendered":null},"modified":"-0001-11-30T00:00:00","modified_gmt":"-0001-11-30T00:00:00","slug":"the-community-reinforces-the-attention-of-alzheimers-disease-with-cognitive-impairment-workshops","status":"publish","type":"post","link":"https:\/\/www.best-dentist-dentistry.com\/de\/the-community-reinforces-the-attention-of-alzheimers-disease-with-cognitive-impairment-workshops\/18755","title":{"rendered":"Die Gemeinschaft st\u00e4rkt die Aufmerksamkeit der Alzheimer Krankheit mit kognitiver Beeintr\u00e4chtigung Workshops."},"content":{"rendered":"<p><strong>Die Gemeinschaft st\u00e4rkt die Aufmerksamkeit der Alzheimer-Krankheit mit kognitiver Beeintr\u00e4chtigung Workshops. <\/p>\n<p><\/strong><font size=\"2\"> <strong>21. September: Tag Welt der Alzheimer-Krankheit.<\/strong><\/p>\n<p>-das Ziel ist die Vermeidung von der \u00e4lteren Ged\u00e4chtnisverlust <\/p>\n<p>-Familie von \u00c4rzten und Krankenschwestern dienen j\u00e4hrlich etwa 37.000 Patienten mit Anzeichen von Demenz <\/p>\n<p>-der Frieden Krankenhaus f\u00fchrt eine Studie erstellen eine  Karte &#8221; Vorhersage des Risikos der Alzheimer-Krankheit <\/p>\n<p> <strong>SpanienOktober 2012.-<\/strong> der Berater der Gesundheit, Javier Fern\u00e1ndez-Lasquetty, begleitet von dem Pr\u00e4sidenten der Vereinigung der Angeh\u00f6rigen von Alzheimer-Patienten von Parla, Luc\u00eda Rodr\u00edguez, besuchte das Zentrum der Gesundheit Amerika der Gemeinde, f\u00fcr medizinisches Fachpersonal Aufmerksamkeit zu Alzheimer-Patientendie fr\u00fche Diagnose und Begleitung dieser Patienten und Training enth\u00e4lt. Der Besuch fand zeitgleich mit der Feier des Internationalen Tages der Alzheimer-Krankheit. <\/p>\n<p>Fern\u00e1ndez-Lasquetty angek\u00fcndigt, dass das Gesundheitsministerium plant n\u00e4chstes Jahr Gesundheit F\u00f6rderung Werkst\u00e4tten als Pr\u00e4vention gegen kognitive Beeintr\u00e4chtigung in den Gesundheitszentren in der Region, diese Initiative zu akzeptieren und sie methodische Unterst\u00fctzung und ein Aktionsplan haben werden. Das Ziel dieser Schulungen ist die Selbstbestimmung des Patienten halten und Ihre kognitiven F\u00e4higkeiten verbessern. <\/p>\n<p>Die Workshops, die die Krankenschwestern koordinieren wird, richten sich an \u00e4ltere Menschen manifestieren, die Speicherverluste oder sind in der Phase der kognitive Beeintr\u00e4chtigung, und sind Teil des Plans der Gesundheitsf\u00f6rderung und Pr\u00e4vention im Ministerium f\u00fcr Gesundheit. <\/p>\n<p><font size=\"2\"> <strong>Aktionen im Gesundheitszentrum <br \/><\/strong> <br \/> Ratgeber erkl\u00e4rt, dass Gesundheitszentren waren aufgezeichneten letztes Jahr 36,888 Geschichten mit Patienten, die eine Folge der Demenz erfahren haben, Alzheimer-Krankheit war die Hauptursache f\u00fcr diese Dysfunktion. Die Krankheit ist gekennzeichnet durch die progressive Verschlechterung der k\u00f6rperlichen und geistigen Fakult\u00e4ten der Patienten und f\u00fchrt zu einer Situation der Abh\u00e4ngigkeit. <\/p>\n<p>In Bezug auf den Ansatz von Alzheimer ist eine der wichtigsten Aktionen in Grundversorgung Gesundheitsberufe durchgef\u00fchrt Fr\u00fcherkennung durch eine kognitive Feststellungspr\u00fcfung, sowohl f\u00fcr die Fr\u00fcherkennung von Demenz und kognitive St\u00f6rungen. <\/p>\n<p>Nach seiner Entdeckung wird Behandlung und Pflege-Plan implantiert, um Routinen zu etablieren, f\u00f6rdern k\u00f6rperlichen Bewegung, vermeiden f\u00e4llt und Unsicherheit in Bezug auf die Pflegeperson zu minimieren. Gesundheitsberufe geplant auch Ma\u00dfnahmen in Bezug auf die Familie oder Bezugsperson f\u00fcr die Kranken, mit Informationen und Beratung zu die emotionale Abnutzung zu verringern. <\/p>\n<p>Fern\u00e1ndez-Lasquetty erinnerte daran, dass \u00fcber einige 50.000 einheimische an der Alzheimer-Krankheit leiden und betonte die Rolle, die die Verb\u00e4nde der gegenseitigen Hilfe f\u00fcr die wichtige Arbeit der Unterst\u00fctzung mit den Familien der betroffenen, wie es der Fall der Vereinigung von Parla, das sehr aktiv beteiligt ist ist, mit Beratung bei Aktionen, die Verbesserungen f\u00fcr Familien und Patienten zu erf\u00fcllen. <\/p>\n<p><strong>Gesundheitswesen<\/strong> <\/p>\n<p>Das Gesundheitsministerium stellt die Alzheimer-Patienten Gesundheitswesen umfasst die Erkennung, Behandlung und Krankheit-Forschung und Koordinierung zwischen den Angeh\u00f6rigen der Gesundheitsberufe. <\/p>\n<p>Bei Zentrum der Gesundheit fungiert Amerika in Abstimmung mit den Diensten der Neurologie und Geriatrie des Hospital Universitario Infantin Cristina durch regelm\u00e4\u00dfige Treffen und auch durch den direkten Kontakt per e-Mail oder per Telefon. Krankenhaus hat eine monographische Abfrage der Diagnose der Alzheimer-Krankheit und engagiert sich derzeit in einer Studie bei der Fr\u00fcherkennung der Krankheit. <\/p>\n<p><strong>Krankenhausversorgung und Forschung<\/strong> <\/p>\n<p>Patienten mit Alzheimer-Krankheit, und je nach dem Grad der Demenz, werden station\u00e4re Behandlung wie Innere Medizin, Neurologie, Psychiatrie und Geriatrie, aber mit steigender Tendenz, der durch die Spezialisierung der Behandlung durch den spezialisierten Einheiten des Ged\u00e4chtnisses, kognitive Beeintr\u00e4chtigung geht behandelt, und im Zusammenhang mit Demenz. Im Laufe des Jahres besuchte \u00f6ffentliche Krankenh\u00e4user in der Region 6,894 Krankenhauseinweisungen von Menschen mit Alzheimer-Krankheit. <\/p>\n<p>Dar\u00fcber hinaus betreibt Gesundheitsversorgung, das Gesundheitsministerium Forschung \u00fcber diese Krankheit. Unter anderem f\u00fchrt das Hospital Universitario La Paz der Arbeitsgruppe der Demenzerkrankungen der Gemeinschaft von Madrid, die entwickelt, eine klinische Studie um die pr\u00e4diktive Faktoren der Entwicklung von Demenz bei Menschen mit leichter kognitiver Beeintr\u00e4chtigung zu analysieren. Ziel ist es, eine Karte von Alzheimer-Krankheit-Risikovorhersage schaffen. <\/p>\n<p>Die Studie, die auf drei Jahre mit \u00f6ffentlichen Mitteln aus dem Institut der Gesundheit Carlos III durch das Centre for Research in neurologischen Krankheiten finanziert wird, an denen mehr als 25 Forschern aus 17 Krankenh\u00e4user im Gesundheitswesen Madrid Zentren der Stadt MadridDie Universidad Complutense und UNED. Dem principal Investigator ist Dr. Ana Frank Garc\u00eda, Leiter der Sektion des Dienstes der Neurologie von der Hospital La Paz, Experte f\u00fcr Demenz. <\/p>\n<p><\/font><\/font><\/p>\n","protected":false},"excerpt":{"rendered":"<p>Die Gemeinschaft st\u00e4rkt die Aufmerksamkeit der Alzheimer-Krankheit mit kognitiver Beeintr\u00e4chtigung Workshops. 21. September: Tag Welt der Alzheimer-Krankheit. -das Ziel ist die Vermeidung von der \u00e4lteren Ged\u00e4chtnisverlust -Familie von \u00c4rzten und Krankenschwestern dienen j\u00e4hrlich etwa 37.000 Patienten mit Anzeichen von Demenz -der Frieden Krankenhaus f\u00fchrt eine Studie erstellen eine Karte &#8221; Vorhersage des Risikos der Alzheimer-Krankheit [&hellip;]<\/p>\n","protected":false},"author":1,"featured_media":0,"comment_status":"close","ping_status":"open","sticky":false,"template":"","format":"standard","meta":{"footnotes":""},"categories":[3],"tags":[29762],"class_list":["post-18755","post","type-post","status-publish","format-standard","hentry","category-allgemeine","tag-angepasst","et-doesnt-have-format-content","et_post_format-et-post-format-standard"],"_links":{"self":[{"href":"https:\/\/www.best-dentist-dentistry.com\/de\/wp-json\/wp\/v2\/posts\/18755","targetHints":{"allow":["GET"]}}],"collection":[{"href":"https:\/\/www.best-dentist-dentistry.com\/de\/wp-json\/wp\/v2\/posts"}],"about":[{"href":"https:\/\/www.best-dentist-dentistry.com\/de\/wp-json\/wp\/v2\/types\/post"}],"author":[{"embeddable":true,"href":"https:\/\/www.best-dentist-dentistry.com\/de\/wp-json\/wp\/v2\/users\/1"}],"replies":[{"embeddable":true,"href":"https:\/\/www.best-dentist-dentistry.com\/de\/wp-json\/wp\/v2\/comments?post=18755"}],"version-history":[{"count":0,"href":"https:\/\/www.best-dentist-dentistry.com\/de\/wp-json\/wp\/v2\/posts\/18755\/revisions"}],"wp:attachment":[{"href":"https:\/\/www.best-dentist-dentistry.com\/de\/wp-json\/wp\/v2\/media?parent=18755"}],"wp:term":[{"taxonomy":"category","embeddable":true,"href":"https:\/\/www.best-dentist-dentistry.com\/de\/wp-json\/wp\/v2\/categories?post=18755"},{"taxonomy":"post_tag","embeddable":true,"href":"https:\/\/www.best-dentist-dentistry.com\/de\/wp-json\/wp\/v2\/tags?post=18755"}],"curies":[{"name":"wp","href":"https:\/\/api.w.org\/{rel}","templated":true}]}}