{"id":18768,"date":"2012-10-02T03:31:19","date_gmt":"2012-10-02T03:31:19","guid":{"rendered":null},"modified":"-0001-11-30T00:00:00","modified_gmt":"-0001-11-30T00:00:00","slug":"ana-mato-announces-that-gluten-free-bread-will-have-vat-superreducido-for-the-first-time","status":"publish","type":"post","link":"https:\/\/www.best-dentist-dentistry.com\/de\/ana-mato-announces-that-gluten-free-bread-will-have-vat-superreducido-for-the-first-time\/18768","title":{"rendered":"Ana Mato gibt bekannt, dass glutenfreies Brot VAT Superreducido zum ersten Mal haben wird"},"content":{"rendered":"<p><font size=\"2\"> <strong><font size=\"3\"> ana Mato verk\u00fcndet, dass glutenfreies Brot zuerst VAT Superreducido haben<\/font> <\/p>\n<p> Eingriffe in das Abgeordnetenhaus<\/strong> <\/p>\n<p>-Brot, das Menschen mit Z\u00f6liakie konsumieren wird eine Umsatzsteuer von 4 % als Grundnahrungsmittel haben <\/p>\n<p>-eine historische Nachfrage f\u00fcr die betroffenen durch diese Intoleranz Lebensmittel <\/p>\n<p> <strong>MadridOktober 2012.-<\/strong> des Ministers f\u00fcr Gesundheit, soziale Dienste und Geschlechter, Ana Mato, hat angek\u00fcndigt, dass das Brot ohne Gluten, das in der Regel von Z\u00f6liakie betroffenen verbrauchen, eine erm\u00e4\u00dfigte Mehrwertsteuer (4 %), haben wird als ein Grundnahrungsmittel. Damit es in das Abgeordnetenhaus, erzielt wurden als Antwort auf eine Frage aus der CiU parlamentarische Gruppe auf diese historische Nachfrage von Patienten mit dieser Nahrungsmittelintoleranz, wer bezahlt den erm\u00e4\u00dfigten bis jetzt. <\/p>\n<p>Mato hat erkl\u00e4rt, dass dies  ein Beispiel f\u00fcr das Engagement der Regierung, die Menschen mit Z\u00f6liakie und ihre Familien &#8221;, und darauf hingewiesen, dass  Z\u00f6liakie z\u00e4hlt zu den wichtigsten Unvertr\u00e4glichkeiten in unserem Land &#8221;. In diesem Zusammenhang der Minister hat versichert, dass Fr\u00fcherkennung ist um eine Ern\u00e4hrung, die frei von Gluten bald zu starten, eine Priorit\u00e4t in der Behandlung dieser Patienten. Der Minister hat versichert, dass der spanischen Agentur f\u00fcr Lebensmittelsicherheit und Ern\u00e4hrung (AESAN) arbeitet zur Verbesserung der Diagnose und Protokolle f\u00fcr Gesundheitsberufe zu implementieren. <\/p>\n<p>Mato hat betont, dass Engagement f\u00fcr die AESAN ist  weiterhin in alle Foren zu arbeiten, so dass Menschen mit Lebensmittelallergien die beste Informationen haben &#8221;. \u00dcber die Kennzeichnung, wies darauf hin,  sind weiterhin mit den Verb\u00e4nden zusammenarbeiten, so dass die betroffenen und deren Familien die beste und neueste Informationen verf\u00fcgen. <\/p>\n<p>Das Endziel dieser Ma\u00dfnahmen, in den Worten des Ministers, ist von dieser Intoleranz betroffenen bekommen  haben eine gute Lebensqualit\u00e4t &#8221; und  werden Z\u00f6liakie geht nicht um Hindernisse in ihrem t\u00e4glichen Leben, unabh\u00e4ngig von ihrem Alter &#8221;. <\/p>\n<p><\/font><\/p>\n","protected":false},"excerpt":{"rendered":"<p>ana Mato verk\u00fcndet, dass glutenfreies Brot zuerst VAT Superreducido haben Eingriffe in das Abgeordnetenhaus -Brot, das Menschen mit Z\u00f6liakie konsumieren wird eine Umsatzsteuer von 4 % als Grundnahrungsmittel haben -eine historische Nachfrage f\u00fcr die betroffenen durch diese Intoleranz Lebensmittel MadridOktober 2012.- des Ministers f\u00fcr Gesundheit, soziale Dienste und Geschlechter, Ana Mato, hat angek\u00fcndigt, dass das [&hellip;]<\/p>\n","protected":false},"author":1,"featured_media":0,"comment_status":"close","ping_status":"open","sticky":false,"template":"","format":"standard","meta":{"footnotes":""},"categories":[3],"tags":[29797,29796,29794,29795,29793],"class_list":["post-18768","post","type-post","status-publish","format-standard","hentry","category-allgemeine","tag-abgeordnetenhaus","tag-eingriffe","tag-superreducido","tag-verkndet","tag-weltwoche","et-doesnt-have-format-content","et_post_format-et-post-format-standard"],"_links":{"self":[{"href":"https:\/\/www.best-dentist-dentistry.com\/de\/wp-json\/wp\/v2\/posts\/18768","targetHints":{"allow":["GET"]}}],"collection":[{"href":"https:\/\/www.best-dentist-dentistry.com\/de\/wp-json\/wp\/v2\/posts"}],"about":[{"href":"https:\/\/www.best-dentist-dentistry.com\/de\/wp-json\/wp\/v2\/types\/post"}],"author":[{"embeddable":true,"href":"https:\/\/www.best-dentist-dentistry.com\/de\/wp-json\/wp\/v2\/users\/1"}],"replies":[{"embeddable":true,"href":"https:\/\/www.best-dentist-dentistry.com\/de\/wp-json\/wp\/v2\/comments?post=18768"}],"version-history":[{"count":0,"href":"https:\/\/www.best-dentist-dentistry.com\/de\/wp-json\/wp\/v2\/posts\/18768\/revisions"}],"wp:attachment":[{"href":"https:\/\/www.best-dentist-dentistry.com\/de\/wp-json\/wp\/v2\/media?parent=18768"}],"wp:term":[{"taxonomy":"category","embeddable":true,"href":"https:\/\/www.best-dentist-dentistry.com\/de\/wp-json\/wp\/v2\/categories?post=18768"},{"taxonomy":"post_tag","embeddable":true,"href":"https:\/\/www.best-dentist-dentistry.com\/de\/wp-json\/wp\/v2\/tags?post=18768"}],"curies":[{"name":"wp","href":"https:\/\/api.w.org\/{rel}","templated":true}]}}