{"id":18809,"date":"2012-10-03T02:38:12","date_gmt":"2012-10-03T02:38:12","guid":{"rendered":null},"modified":"-0001-11-30T00:00:00","modified_gmt":"-0001-11-30T00:00:00","slug":"jimenez-says-that-the-psoe-will-be-used-against-the-decree-of-the-cut-in-health","status":"publish","type":"post","link":"https:\/\/www.best-dentist-dentistry.com\/de\/jimenez-says-that-the-psoe-will-be-used-against-the-decree-of-the-cut-in-health\/18809","title":{"rendered":"Jimenez sagt, dass die PSOE gegen das Dekret des Schnittes im Gesundheitswesen verwendet werden"},"content":{"rendered":"<p class=\"first\"> Ourense, 25. Mai (EFE).-das Ministerium f\u00fcr Sozialpolitik der PSOE, Trinidad Jim\u00e9nez, sagte heute, dass seine Partei w\u00fcrde einreichen, ein Appell der Verfassungswidrigkeit gegen das K\u00f6nigliche Dekret genehmigt letzte Woche durch das Abgeordnetenhaus, weil es Grundrechte verletzt und der B\u00fcrger des nationalen Gesundheitssystems ausschlie\u00dfen.<\/p>\n<p>Jimenez sprach in Ourense und stellte fest, dass die Ressource durch ihre Ausbildung gesendet wird einmal \u00fcbermitteln Sie die autonomen Gemeinschaften.<\/p>\n<p>Vertreter der PSOE und Exministra der Gesundheit nahm an einem Treffen mit organischen Positionen und soziale Akteure der Orense Volksgesundheit, in dem der Generalsekret\u00e4r der PSdeG Pachi V\u00e1zquez anwesend war.<\/p>\n<p>&#8220;Warten wir Verfahren wegen Verfassungswidrigkeit, Andalusien und dem Baskenland vorzulegen.&#8221; &#8220;Einmal wird dieser Gemeinschaften anwesend, die Sozialdemokratische Fraktion auch pr\u00e4sentieren&#8221;, sagte.<\/p>\n<p>El PSOE bietet neben der vorliegenden Antr\u00e4ge, Fragen und Vorschl\u00e4ge als Gesetz im Kongress mit dem Ziel, das das K\u00f6nigliche Dekret &#8220;nicht gilt&#8221;, und damit zu vermeiden, dass die &#8220;produzierenden negative Auswirkungen&#8221; auf die Bev\u00f6lkerung, insbesondere bei Gruppen, die &#8220;ausschlie\u00dft&#8221;.<\/p>\n<p>Darauf hingewiesen, dass diese gef\u00e4hrdeten Gruppen umfassen &#8220;junge Menschen im Alter von 27 haben nicht immer in Anf\u00fchrungszeichen, geschiedene Frauen nicht nie zitierten, deaktiviert oder irregul\u00e4re Einwanderer haben&#8221;.<\/p>\n<p>&#8220;Wird nicht zulassen, dass ein Gesundheitssystem, unter dem Vorwand der Krise demontiert wurde&#8221;, neben der &#8220;nachhaltigen&#8221;, es ist &#8220;eine der besten der Welt&#8221;, sagte Jimenez, warnte, dass &#8220;es rote Linien, die durchlaufen werden k\u00f6nnen nicht sind&#8221;.<\/p>\n<p>, Darauf hingewiesen, dass er ein Modell der &#8220;universal und kostenlose&#8221; Gesundheit, die Unterst\u00fctzung f\u00fcr alle diejenigen, die in diesem Land, neben &#8220;nachhaltig&#8221;, und Spanien Leben hat &#8220;genug Kraft um 6,5 % des BIP zu widmen&#8221;, betonte er.<\/p>\n<p>Put in Zweifel es brauchen, es zu \u00e4ndern ist und bestand darauf, dass das Modell das K\u00f6nigliche Dekret angenommen ist &#8220;unfair und ineffizient&#8221;, f\u00fcgte er hinzu.<\/p>\n<p>Das Sekretariat der Sozialpolitik der PSOE platziert auch an den Pr\u00e4sidenten der Xunta, Alberto N\u00fa\u00f1ez Feijoo, und F\u00fchrer der PPdeG in Galizien &#8211; einmal diesen Punkt, dass es nicht, die Gesundheit-Copay schaffen wird-it. abzulehnen<\/p>\n<p>&#8220;Ist sehr einfach zu sagen, dass es nicht angewendet werden,&#8221; als &#8220;nicht abgelehnt worden&#8221;, sagte er.<\/p>\n<p>Seinerseits Vazquez sagte &#8220;nur selten gelebt ist eine sehr ungerechte Situation&#8221; als der Strom ein, mit einem rechten &#8220;die Volksgesundheit voranzubringen will&#8221; und Bildung.<\/p>\n<p>In diesem Zusammenhang forderte der Pr\u00e4sident der Xunta de Galicia &#8220;nicht verraten nach Galizien&#8221; und auch senden einen Appell der Verfassungswidrigkeit gegen das Dekret, nach dem Beispiel der anderen autonomen Gemeinschaften.<\/p>\n<p>&#8220;Jetzt ist die Zeit zu verteidigen Galicien und verteidigen diese Rentner Leben am Limit und die haben jetzt f\u00fcr Medikamente bezahlen,&#8221; betonte er, nach diesem Dekret die betrachtet, die &#8220;verletzt nicht nur die Health Act, sondern die Rechte&#8221; von den Galiciern.<\/p>\n<p>Auf der anderen Seite sagte der Vertreter der PSOE, auf Fragen von Journalisten \u00fcber die M\u00f6glichkeit, einen Pakt mit der PP auf die Gesundheit zu erreichen, die jetzt es &#8220;schwierig ist, eine Einigung zu erzielen&#8221;, da der Minister &#8220;nie genannt&#8221; hat dieses Dekret er\u00f6rtert, die in der Ende &#8220;verh\u00e4ngt hat&#8221;, er sagte.<\/p>\n","protected":false},"excerpt":{"rendered":"<p>Ourense, 25. Mai (EFE).-das Ministerium f\u00fcr Sozialpolitik der PSOE, Trinidad Jim\u00e9nez, sagte heute, dass seine Partei w\u00fcrde einreichen, ein Appell der Verfassungswidrigkeit gegen das K\u00f6nigliche Dekret genehmigt letzte Woche durch das Abgeordnetenhaus, weil es Grundrechte verletzt und der B\u00fcrger des nationalen Gesundheitssystems ausschlie\u00dfen. Jimenez sprach in Ourense und stellte fest, dass die Ressource durch ihre [&hellip;]<\/p>\n","protected":false},"author":1,"featured_media":0,"comment_status":"close","ping_status":"open","sticky":false,"template":"","format":"standard","meta":{"footnotes":""},"categories":[3],"tags":[29810],"class_list":["post-18809","post","type-post","status-publish","format-standard","hentry","category-allgemeine","tag-rekrutiert","et-doesnt-have-format-content","et_post_format-et-post-format-standard"],"_links":{"self":[{"href":"https:\/\/www.best-dentist-dentistry.com\/de\/wp-json\/wp\/v2\/posts\/18809","targetHints":{"allow":["GET"]}}],"collection":[{"href":"https:\/\/www.best-dentist-dentistry.com\/de\/wp-json\/wp\/v2\/posts"}],"about":[{"href":"https:\/\/www.best-dentist-dentistry.com\/de\/wp-json\/wp\/v2\/types\/post"}],"author":[{"embeddable":true,"href":"https:\/\/www.best-dentist-dentistry.com\/de\/wp-json\/wp\/v2\/users\/1"}],"replies":[{"embeddable":true,"href":"https:\/\/www.best-dentist-dentistry.com\/de\/wp-json\/wp\/v2\/comments?post=18809"}],"version-history":[{"count":0,"href":"https:\/\/www.best-dentist-dentistry.com\/de\/wp-json\/wp\/v2\/posts\/18809\/revisions"}],"wp:attachment":[{"href":"https:\/\/www.best-dentist-dentistry.com\/de\/wp-json\/wp\/v2\/media?parent=18809"}],"wp:term":[{"taxonomy":"category","embeddable":true,"href":"https:\/\/www.best-dentist-dentistry.com\/de\/wp-json\/wp\/v2\/categories?post=18809"},{"taxonomy":"post_tag","embeddable":true,"href":"https:\/\/www.best-dentist-dentistry.com\/de\/wp-json\/wp\/v2\/tags?post=18809"}],"curies":[{"name":"wp","href":"https:\/\/api.w.org\/{rel}","templated":true}]}}