{"id":18908,"date":"2012-10-04T02:35:26","date_gmt":"2012-10-04T02:35:26","guid":{"rendered":null},"modified":"-0001-11-30T00:00:00","modified_gmt":"-0001-11-30T00:00:00","slug":"palacios-rejected-the-closure-of-hospital-services-and-clinics-and-attributed-them-to-the-summer-period","status":"publish","type":"post","link":"https:\/\/www.best-dentist-dentistry.com\/de\/palacios-rejected-the-closure-of-hospital-services-and-clinics-and-attributed-them-to-the-summer-period\/18908","title":{"rendered":"palacios rejected the closure of hospital services and clinics and attributed them to the summer period"},"content":{"rendered":"<p class=\"first\"> MURCIA, 22 (EUROPA PRESS)<\/p>\n<p>Der Minister f\u00fcr <span class=\"yshortcuts\" id=\"lw_1337701646_2\"> Gesundheit<\/span> und Sozialpolitik, Mar\u00eda \u00c1ngeles Palacios, hat abgelehnt, dass es die Schlie\u00dfung von Kliniken und <span class=\"yshortcuts\" id=\"lw_1337701646_3\"> Krankenh\u00e4usern<\/span> studiert, und ist dieser Umstand zu den Bereichen Gesundheit &#8220;arbeiten die Angeh\u00f6rigen der Gesundheitsberufe zu organisieren, Urlaubszeit&#8221; getadelt.<\/p>\n<p>Palacios reagierte auf diese Weise auf die Kritik des Leiters der <span class=\"yshortcuts\" id=\"lw_1337701646_1\"> sozialistischen Fraktion<\/span>, <span class=\"yshortcuts\" id=\"lw_1337701646_0\"> Teresa Rosique<\/span>, Gesundheit der Versicherte diese ausgleichenden Wirtschafts- und Finanzplan &#8220;verweigert auf Pal\u00e4ste und zeigt, dass die Rosell ein Krankenhaus nicht mehr sein wird&#8221;.<\/p>\n<p>Palacios erkl\u00e4rte, die bald &#8220;beginnt die Sommersaison und Feiertage f\u00fcr Gesundheit <span class=\"yshortcuts\"id=\"lw_1337701646_5\"> Profis<\/span>, Sie umfasst normalerweise die Monate Juni, Juli, August und September&#8221;. Also, denken Sie daran, dass dieser Zeitraum &#8220;beginnt jedes Jahr aus den Bereichen Gesundheit planen&#8221;.<\/p>\n<p>Hat In diesem Zusammenhang best\u00e4tigt, dass alle Bereiche der <span class=\"yshortcuts\" id=\"lw_1337701646_6\"> Gesundheit<\/span> &#8220;arbeiten wie jedes Jahr, diese vier Monate Urlaub, Vorbereiten der Praktiker, nach eigenem Ermessen w\u00e4hlen k\u00f6nnen,&#8221;. Daher warf <span class=\"yshortcuts\" id=\"lw_1337701646_4\"> Rosique<\/span> &#8220;missverstehen dies mit der Tatsache, dass Sie&#8221;in der N\u00e4he studieren&#8221;Dienste&#8221; zu wollen. <\/p>\n<p>Bereichen Gesundheit zielt darauf ab, &#8220;mit Profis arbeiten, so dass Sie Urlaub so genie\u00dfen k\u00f6nnen, dass sie die Gesundheit nicht beeintr\u00e4chtigen&#8221;.<\/p>\n<p>Palacios Rosique &#8220;Keep doing die Demagogie dieser Fragen&#8221; beklagt hat, und hat in Frage gestellt die Quellen des sozialistischen Members, da &#8220;es ausgel\u00f6st hatte, dass wir alle Gebietsleiter \u00c4nderungen und unterh\u00e4lt die gleichen Namen von vor einem Jahr, das hei\u00dft, Menschen, die sie nicht mehr als Gebietsleiter&#8221;.<\/p>\n","protected":false},"excerpt":{"rendered":"<p>MURCIA, 22 (EUROPA PRESS) Der Minister f\u00fcr Gesundheit und Sozialpolitik, Mar\u00eda \u00c1ngeles Palacios, hat abgelehnt, dass es die Schlie\u00dfung von Kliniken und Krankenh\u00e4usern studiert, und ist dieser Umstand zu den Bereichen Gesundheit &#8220;arbeiten die Angeh\u00f6rigen der Gesundheitsberufe zu organisieren, Urlaubszeit&#8221; getadelt. Palacios reagierte auf diese Weise auf die Kritik des Leiters der sozialistischen Fraktion, Teresa [&hellip;]<\/p>\n","protected":false},"author":1,"featured_media":0,"comment_status":"close","ping_status":"open","sticky":false,"template":"","format":"standard","meta":{"footnotes":""},"categories":[3],"tags":[],"class_list":["post-18908","post","type-post","status-publish","format-standard","hentry","category-allgemeine","et-doesnt-have-format-content","et_post_format-et-post-format-standard"],"_links":{"self":[{"href":"https:\/\/www.best-dentist-dentistry.com\/de\/wp-json\/wp\/v2\/posts\/18908","targetHints":{"allow":["GET"]}}],"collection":[{"href":"https:\/\/www.best-dentist-dentistry.com\/de\/wp-json\/wp\/v2\/posts"}],"about":[{"href":"https:\/\/www.best-dentist-dentistry.com\/de\/wp-json\/wp\/v2\/types\/post"}],"author":[{"embeddable":true,"href":"https:\/\/www.best-dentist-dentistry.com\/de\/wp-json\/wp\/v2\/users\/1"}],"replies":[{"embeddable":true,"href":"https:\/\/www.best-dentist-dentistry.com\/de\/wp-json\/wp\/v2\/comments?post=18908"}],"version-history":[{"count":0,"href":"https:\/\/www.best-dentist-dentistry.com\/de\/wp-json\/wp\/v2\/posts\/18908\/revisions"}],"wp:attachment":[{"href":"https:\/\/www.best-dentist-dentistry.com\/de\/wp-json\/wp\/v2\/media?parent=18908"}],"wp:term":[{"taxonomy":"category","embeddable":true,"href":"https:\/\/www.best-dentist-dentistry.com\/de\/wp-json\/wp\/v2\/categories?post=18908"},{"taxonomy":"post_tag","embeddable":true,"href":"https:\/\/www.best-dentist-dentistry.com\/de\/wp-json\/wp\/v2\/tags?post=18908"}],"curies":[{"name":"wp","href":"https:\/\/api.w.org\/{rel}","templated":true}]}}