{"id":18956,"date":"2012-10-04T02:39:55","date_gmt":"2012-10-04T02:39:55","guid":{"rendered":null},"modified":"-0001-11-30T00:00:00","modified_gmt":"-0001-11-30T00:00:00","slug":"evo-morales-confirmed-that-correa-will-attend-monday-the-oas-assembly","status":"publish","type":"post","link":"https:\/\/www.best-dentist-dentistry.com\/de\/evo-morales-confirmed-that-correa-will-attend-monday-the-oas-assembly\/18956","title":{"rendered":"evo morales confirmed that correa will attend monday the oas assembly"},"content":{"rendered":"<p class=\"first\"> Cochabamba (Bolivien), 1 jun (EFE).-der Pr\u00e4sident von Bolivien, Evo Morales, best\u00e4tigte heute, dass der ecuadorianische Pr\u00e4sident, Rafael Correa, der 42 Versammlung der OAS, besuchen die &#8220;Ern\u00e4hrungssicherung&#8221; diskutieren werden von Sonntag bis Dienstag in Cochabamba am Montag.<\/p>\n<p>Morales best\u00e4tigt den Besuch auf einer Ankunft in Cochabamba, Stunden nach Absenden Einladungsschreiben zu seiner ecuadorianischen Kollegin, die nicht den j\u00fcngsten Gipfel Amerikas in der Stadt Cartagena teilgenommen haben, denn es war nicht Kuba, die nicht in dieser Assembly der OAS.<\/p>\n<p>&#8220;Tag Montag wird werden der Pr\u00e4sident der Republik Ecuador-Schwester, Genosse Rafael Correa, Teilnahme an der Versammlung&#8221;, sagte Morales, wer die Medien mit seinem Au\u00dfenminister David Choquehuanca nahte.<\/p>\n<p>G\u00fcrtel ging an den Gipfel Amerikas hielt im April in Cartagena, aus Protest gegen den Ausschluss aus Kuba, aber zeigte sein Interesse zur Teilnahme an der Versammlung des OAS in Bolivien, in denen gibt es noch Vertreter von Havanna, ohne dass niemand hat erkl\u00e4rt, warum.<\/p>\n<p>Der ecuadorianische Herrscher hat mehrmals auf der OAS wird dominiert von USA beschuldigt und kritisiert vor allem der Interamerikanischen Kommission f\u00fcr Menschenrechte (IACHR), eine autonome Einrichtung der OAS, deren Status in Cochabamba gesenkt werden kann.<\/p>\n<p>Die Zukunft der IACHR besprochen wird der Au\u00dfenminister oder deren Vertreter am Dienstag, der vierte und letzte Plenarsitzung der Versammlung, nachdem die &#8220;Frage der Falklandinseln&#8221; und den &#8220;Bericht \u00fcber das maritime Problem von Bolivien&#8221;, wer hat einen Krieg mit Chile die kostete ihn die Steckdose in den Pazifik verloren.<\/p>\n<p>Rare ist ein Vertreter teilnehmen ein Zitat von Continental Chancellors. EFE<\/p>\n","protected":false},"excerpt":{"rendered":"<p>Cochabamba (Bolivien), 1 jun (EFE).-der Pr\u00e4sident von Bolivien, Evo Morales, best\u00e4tigte heute, dass der ecuadorianische Pr\u00e4sident, Rafael Correa, der 42 Versammlung der OAS, besuchen die &#8220;Ern\u00e4hrungssicherung&#8221; diskutieren werden von Sonntag bis Dienstag in Cochabamba am Montag. Morales best\u00e4tigt den Besuch auf einer Ankunft in Cochabamba, Stunden nach Absenden Einladungsschreiben zu seiner ecuadorianischen Kollegin, die nicht [&hellip;]<\/p>\n","protected":false},"author":1,"featured_media":0,"comment_status":"close","ping_status":"open","sticky":false,"template":"","format":"standard","meta":{"footnotes":""},"categories":[3],"tags":[29940],"class_list":["post-18956","post","type-post","status-publish","format-standard","hentry","category-allgemeine","tag-trockenzeit","et-doesnt-have-format-content","et_post_format-et-post-format-standard"],"_links":{"self":[{"href":"https:\/\/www.best-dentist-dentistry.com\/de\/wp-json\/wp\/v2\/posts\/18956","targetHints":{"allow":["GET"]}}],"collection":[{"href":"https:\/\/www.best-dentist-dentistry.com\/de\/wp-json\/wp\/v2\/posts"}],"about":[{"href":"https:\/\/www.best-dentist-dentistry.com\/de\/wp-json\/wp\/v2\/types\/post"}],"author":[{"embeddable":true,"href":"https:\/\/www.best-dentist-dentistry.com\/de\/wp-json\/wp\/v2\/users\/1"}],"replies":[{"embeddable":true,"href":"https:\/\/www.best-dentist-dentistry.com\/de\/wp-json\/wp\/v2\/comments?post=18956"}],"version-history":[{"count":0,"href":"https:\/\/www.best-dentist-dentistry.com\/de\/wp-json\/wp\/v2\/posts\/18956\/revisions"}],"wp:attachment":[{"href":"https:\/\/www.best-dentist-dentistry.com\/de\/wp-json\/wp\/v2\/media?parent=18956"}],"wp:term":[{"taxonomy":"category","embeddable":true,"href":"https:\/\/www.best-dentist-dentistry.com\/de\/wp-json\/wp\/v2\/categories?post=18956"},{"taxonomy":"post_tag","embeddable":true,"href":"https:\/\/www.best-dentist-dentistry.com\/de\/wp-json\/wp\/v2\/tags?post=18956"}],"curies":[{"name":"wp","href":"https:\/\/api.w.org\/{rel}","templated":true}]}}