{"id":18965,"date":"2012-10-04T02:40:26","date_gmt":"2012-10-04T02:40:26","guid":{"rendered":null},"modified":"-0001-11-30T00:00:00","modified_gmt":"-0001-11-30T00:00:00","slug":"morales-invited-president-correa-to-participate-in-the-assembly-of-the-oas","status":"publish","type":"post","link":"https:\/\/www.best-dentist-dentistry.com\/de\/morales-invited-president-correa-to-participate-in-the-assembly-of-the-oas\/18965","title":{"rendered":"Morales eingeladen Pr\u00e4sident Correa zur Teilnahme an der Versammlung der OAS"},"content":{"rendered":"<p class=\"first\"> <span class=\"yshortcuts\" id=\"lw_1338571589_1\"> Cochabamba<\/span> (<span class=\"yshortcuts\" id=\"lw_1338571589_5\"> Bolivien<\/span>), 1 jun (EFE).-<span class=\"yshortcuts\" id=\"lw_1338571589_0\"> The Boliviens Pr\u00e4sident<\/span>, <span class=\"yshortcuts\" id=\"lw_1338571589_4\"> Evo Morales<\/span>, lud heute in einem Brief an Rafael Correa der 42 Generalversammlung der <span class=\"yshortcuts\" id=\"lw_1338571589_2\"> OAS<\/span> beginnt am Sonntag in das Zentrum der Stadt Cochabamba, wo der ecuadorianische Vertreter zeigte ihr Interesse an einer Teilnahme, berichtet, der <span class=\"yshortcuts\" id=\"lw_1338571589_3\"> Regierungspalast<\/span>.<\/p>\n<p>Morales, laut einer offiziellen Pressemitteilung erkl\u00e4rte Correa, die Teilnahme am Gipfel Amerikas hielt im April in der kolumbianischen Stadt Cartagena aus Protest gegen den Ausschluss von Kuba abgelehnt, zeigte sein Interesse zur Teilnahme an <span class=\"yshortcuts\" id=\"lw_1338571589_8\"> der Versammlung<\/span> von der Organisation amerikanischer Staaten (OAS) in Bolivien,.<\/p>\n<p>&#8220;\u00dcberzeugt, dass ihre Anwesenheit dieser historische Akt verbessern wird, in die finden uns zwei Br\u00fcder unserer Amerika-L\u00e4nder, die gemeinsamen Probleme unseres Volkes zu diskutieren haben die Ehre, Sie zur Teilnahme an dieser hemisph\u00e4rischen Begegnung einladen&#8221;, sagte Morales in dem Brief, der Palast der Regierung in La Paz.<\/p>\n<p>Der ecuadorianische Herrscher hat mehrmals auf der OAS wird dominiert von USA beschuldigt und bef\u00fcrwortet ersetzen es mit Entit\u00e4ten wie Union der s\u00fcdamerikanischen Nationen (Unasur) und der Gemeinschaft der L\u00e4nder Lateinamerikas und der Karibik (inforevolution).<\/p>\n<p>Belt kritisiert vor allem der Interamerikanischen Kommission f\u00fcr Menschenrechte (IACHR), eine autonome Einrichtung der OAS, und hat beantragt, die Verlegung des Hauptsitzes von Washington nach Panama.<\/p>\n<p>Im vergangenen M\u00e4rz ecuadorianische Au\u00dfenminister Ricardo Pati\u00f1o, erwartet, dass sein Land \u00e4ndern pose wird den Vertretern der Agentur auf <span class=\"yshortcuts\" id=\"lw_1338571589_6\"> die Generalversammlung<\/span> in Cochabamba.<\/p>\n<p>Seinem bolivianischen Amtskollegen David Choquehuanca, offenbart in Interviews ver\u00f6ffentlicht das Wochenende in La Paz, die Konklave werden beurteilt die Leistung der Mechanismen der OAS, z. B. die IACHR dann &#8220;Ma\u00dfnahmen&#8221;.<\/p>\n<p>Der Generalsekret\u00e4r der OAS, <span class=\"yshortcuts\" id=\"lw_1338571589_7\"> Jos\u00e9 Miguel Insulza<\/span>, kam heute in Cochabamba zu die Versammlung des K\u00f6rpers, zu besuchen, die das &#8220;Sicherheit Essen mit Souver\u00e4nit\u00e4t in Amerika&#8221; zu analysieren, wird als Hauptthema von Sonntag.<\/p>\n<p>Der chilenischen Insulza erhielt am Flughafen in Cochabamba von der bolivianischen Botschafter der OAS, Diego Pari; der Gouverneur der Region, Edmundo Novillo und B\u00fcrgermeister Edwin Castellanos. EFE<\/p>\n","protected":false},"excerpt":{"rendered":"<p>Cochabamba ( Bolivien), 1 jun (EFE).- The Boliviens Pr\u00e4sident, Evo Morales, lud heute in einem Brief an Rafael Correa der 42 Generalversammlung der OAS beginnt am Sonntag in das Zentrum der Stadt Cochabamba, wo der ecuadorianische Vertreter zeigte ihr Interesse an einer Teilnahme, berichtet, der Regierungspalast. Morales, laut einer offiziellen Pressemitteilung erkl\u00e4rte Correa, die Teilnahme [&hellip;]<\/p>\n","protected":false},"author":1,"featured_media":0,"comment_status":"close","ping_status":"open","sticky":false,"template":"","format":"standard","meta":{"footnotes":""},"categories":[3],"tags":[29949],"class_list":["post-18965","post","type-post","status-publish","format-standard","hentry","category-allgemeine","tag-diabetesversorgung","et-doesnt-have-format-content","et_post_format-et-post-format-standard"],"_links":{"self":[{"href":"https:\/\/www.best-dentist-dentistry.com\/de\/wp-json\/wp\/v2\/posts\/18965","targetHints":{"allow":["GET"]}}],"collection":[{"href":"https:\/\/www.best-dentist-dentistry.com\/de\/wp-json\/wp\/v2\/posts"}],"about":[{"href":"https:\/\/www.best-dentist-dentistry.com\/de\/wp-json\/wp\/v2\/types\/post"}],"author":[{"embeddable":true,"href":"https:\/\/www.best-dentist-dentistry.com\/de\/wp-json\/wp\/v2\/users\/1"}],"replies":[{"embeddable":true,"href":"https:\/\/www.best-dentist-dentistry.com\/de\/wp-json\/wp\/v2\/comments?post=18965"}],"version-history":[{"count":0,"href":"https:\/\/www.best-dentist-dentistry.com\/de\/wp-json\/wp\/v2\/posts\/18965\/revisions"}],"wp:attachment":[{"href":"https:\/\/www.best-dentist-dentistry.com\/de\/wp-json\/wp\/v2\/media?parent=18965"}],"wp:term":[{"taxonomy":"category","embeddable":true,"href":"https:\/\/www.best-dentist-dentistry.com\/de\/wp-json\/wp\/v2\/categories?post=18965"},{"taxonomy":"post_tag","embeddable":true,"href":"https:\/\/www.best-dentist-dentistry.com\/de\/wp-json\/wp\/v2\/tags?post=18965"}],"curies":[{"name":"wp","href":"https:\/\/api.w.org\/{rel}","templated":true}]}}