{"id":19035,"date":"2012-10-04T03:29:54","date_gmt":"2012-10-04T03:29:54","guid":{"rendered":null},"modified":"-0001-11-30T00:00:00","modified_gmt":"-0001-11-30T00:00:00","slug":"semergen-and-the-fens-have-signed-a-collaboration-agreement-to-promote-training-on-nutrition","status":"publish","type":"post","link":"https:\/\/www.best-dentist-dentistry.com\/de\/semergen-and-the-fens-have-signed-a-collaboration-agreement-to-promote-training-on-nutrition\/19035","title":{"rendered":"semergen and the fens have signed a collaboration agreement to promote training on nutrition"},"content":{"rendered":"<p><strong>SEMERGEN und MARSCHEN unterzeichneten ein Abkommen zur F\u00f6rderung der Ausbildung Ern\u00e4hrung. <\/p>\n<p><font size=\"2\"> Jos\u00e9 Luis Llisterri, Pr\u00e4sident der SEMERGEN und Ascension Marcos S\u00e1nchez, Pr\u00e4sident des Verbandes der Europ\u00e4ischen Ern\u00e4hrung Gesellschaften unterzeichneten das Abkommen im Herzen von der 34. National Congress SEMERGEN.<\/strong><font size=\"2\"> <\/p>\n<p>-die Rolle der professionellen medizinischen Grundversorgung ist entscheidend als Arzt einer gesunden Ern\u00e4hrung <\/p>\n<p>-das wichtigste Ziel des \u00dcbereinkommens ist die Einstellung von verschiedene Aktionen mit Schwerpunkt auf die Koordinierung der Versorgung und Ern\u00e4hrungsberatern \u00c4rzte <\/p>\n<p> <strong>Madrid, Oktober 2012.-<\/strong> Jos\u00e9 Luis LlisterriPr\u00e4sident der spanischen Gesellschaft der \u00c4rzte der Prim\u00e4rversorgung (SEMERGEN) und Himmelfahrt Marcos S\u00e1nchez, Pr\u00e4sident des Verbandes der Europ\u00e4ischen Ern\u00e4hrung Gesellschaften (Venn in der englischen Abk\u00fcrzung), haben eine Rahmenvereinbarung f\u00fcr eine Zusammenarbeit im Bereich von Ausbildung und Forschung mit dem Ziel der Verbesserung der Qualit\u00e4t der Pflege in der nationalen Gesundheit System () im Herzen von der 34. National Congress SEMERGEN unterzeichnet(SNS) durch die Umsetzung verschiedener Aktionen mit Schwerpunkt auf die Koordinierung der Haus\u00e4rzte, gruppieren sich um SEMERGEN und Ern\u00e4hrungsberatern, vertreten durch FENS. <\/p>\n<p>In diesem Sinne und als sagte Jos\u00e9 Luis Llisterri  dieses \u00dcbereinkommens ist es, die Bem\u00fchungen zur Verwirklichung der Ziele anzuschlie\u00dfen, die gemeinsam f\u00fcr beide Organisationen und zugunsten der Verbesserung des Kollektivs vertreten, durch formale Ausbildung und Koordination sind &#8221;. <\/p>\n<p>Ihrerseits Ascension Marcos S\u00e1nchez hat versichert, dass &#8220;alle Ziel hinzuf\u00fcgen Vereinbarung ist immer ein Schritt nach vorn, eines unserer wichtigsten Ziele zu erreichen: Ausbildung zur Ern\u00e4hrung in Spanien und dem restlichen Europa zu f\u00f6rdern.&#8221; Die Rolle der professionellen medizinischen Grundversorgung ist entscheidend als Arzt einer gesunden Ern\u00e4hrung und damit die Relevanz dieser Rahmen der Kommunikation mit Kontinuit\u00e4t in der Zeit &#8221;. <\/p>\n<p><\/font><\/font><\/p>\n<p align=\"center\"><font   size=\"2\"><img loading=\"lazy\" decoding=\"async\" title=\"\" height=\"330\" alt=\"\" src=\"http:\/\/www.best-dentist-dentistry.com\/best-dentist-images\/semergen-and-the-fens-have-signed-a-collaboration-agreement-to-promote-training-on-nutrition.JPG\" width=\"450\" align=\"baseline\" border=\"0\"\/><\/font><\/p>\n<p><font   size=\"2\">Desde SEMERGEN y FENS se ha confirmado tambi&eacute;n que el siguiente paso ser&aacute; la definici&oacute;n de colaboraciones y acciones concretas con las que propiciar m&aacute;s y mejor la formaci&oacute;n de los profesionales de las ciencias de la salud, as&iacute; como contribuir al apoyo y mejora de la educaci&oacute;n sobre nutrici&oacute;n de los pacientes que atienden. <\/p>\n<p><strong>\u00dcber SEMERGEN<\/strong> <\/p>\n<p> Haus\u00e4rzte der Gesellschaft Spanisch,<\/font> <font size=\"2\"> SEMERGEN<\/font> <font size=\"2\"> ist der Pionier der wissenschaftlichen Gesellschaft in der Prim\u00e4rversorgung in Spanien, mit 37 Jahren Erfahrung. Sie wurde gegr\u00fcndet mit dem Ziel der F\u00f6rderung Familienmedizin, durch die Erhaltung und Verbesserung der Fachkompetenz der \u00c4rzte, der Forschung und den Ausbildung Arzt zu erleichtern, um die Qualit\u00e4t in der Pflege der Gesundheit der B\u00fcrger zu halten. <\/p>\n<p>Es hat 17 Regionalb\u00fcros und demokratische Wahlen alle 4 Jahre stattfinden. SEMERGEN-Stiftung wurde 1999 gegr\u00fcndet. In diesem Jahr statt seinem 34. Kongress in Malaga, sowie Dutzende von Regionalkonferenzen. <\/p>\n<p><strong>\u00dcber der F\u00f6deration der Europ\u00e4ischen Ern\u00e4hrung Gesellschaften<\/strong> <\/p>\n<p><\/font><font size=\"2\"> FENS (F\u00f6deration der Europ\u00e4ischen Gesellschaften f\u00fcr Ern\u00e4hrung)<\/font><font size=\"2\"> ist eine gemeinn\u00fctzige Organisation, die von 26 europ\u00e4ischen Gesellschaften der Ern\u00e4hrung gebildet. Gem\u00e4\u00df ihrer Satzung die F\u00f6deration wurde gegr\u00fcndet, um zur F\u00f6rderung in der Forschung beitragen und Ausbildung im Bereich der Ern\u00e4hrung. F\u00f6rderung der Ausbildung unter Ern\u00e4hrungswissenschaftler im allgemeinen und Europ\u00e4er insbesondere durch Tagungen, Diskussionen, Austausch von Informationen und andere \u00e4hnlichen Aktionen. <\/p>\n<p><\/font><\/p>\n","protected":false},"excerpt":{"rendered":"<p>SEMERGEN und MARSCHEN unterzeichneten ein Abkommen zur F\u00f6rderung der Ausbildung Ern\u00e4hrung. Jos\u00e9 Luis Llisterri, Pr\u00e4sident der SEMERGEN und Ascension Marcos S\u00e1nchez, Pr\u00e4sident des Verbandes der Europ\u00e4ischen Ern\u00e4hrung Gesellschaften unterzeichneten das Abkommen im Herzen von der 34. National Congress SEMERGEN. -die Rolle der professionellen medizinischen Grundversorgung ist entscheidend als Arzt einer gesunden Ern\u00e4hrung -das wichtigste Ziel [&hellip;]<\/p>\n","protected":false},"author":1,"featured_media":0,"comment_status":"close","ping_status":"open","sticky":false,"template":"","format":"standard","meta":{"footnotes":""},"categories":[3],"tags":[],"class_list":["post-19035","post","type-post","status-publish","format-standard","hentry","category-allgemeine","et-doesnt-have-format-content","et_post_format-et-post-format-standard"],"_links":{"self":[{"href":"https:\/\/www.best-dentist-dentistry.com\/de\/wp-json\/wp\/v2\/posts\/19035","targetHints":{"allow":["GET"]}}],"collection":[{"href":"https:\/\/www.best-dentist-dentistry.com\/de\/wp-json\/wp\/v2\/posts"}],"about":[{"href":"https:\/\/www.best-dentist-dentistry.com\/de\/wp-json\/wp\/v2\/types\/post"}],"author":[{"embeddable":true,"href":"https:\/\/www.best-dentist-dentistry.com\/de\/wp-json\/wp\/v2\/users\/1"}],"replies":[{"embeddable":true,"href":"https:\/\/www.best-dentist-dentistry.com\/de\/wp-json\/wp\/v2\/comments?post=19035"}],"version-history":[{"count":0,"href":"https:\/\/www.best-dentist-dentistry.com\/de\/wp-json\/wp\/v2\/posts\/19035\/revisions"}],"wp:attachment":[{"href":"https:\/\/www.best-dentist-dentistry.com\/de\/wp-json\/wp\/v2\/media?parent=19035"}],"wp:term":[{"taxonomy":"category","embeddable":true,"href":"https:\/\/www.best-dentist-dentistry.com\/de\/wp-json\/wp\/v2\/categories?post=19035"},{"taxonomy":"post_tag","embeddable":true,"href":"https:\/\/www.best-dentist-dentistry.com\/de\/wp-json\/wp\/v2\/tags?post=19035"}],"curies":[{"name":"wp","href":"https:\/\/api.w.org\/{rel}","templated":true}]}}