{"id":19115,"date":"2012-10-05T02:44:47","date_gmt":"2012-10-05T02:44:47","guid":{"rendered":null},"modified":"-0001-11-30T00:00:00","modified_gmt":"-0001-11-30T00:00:00","slug":"vice-president-of-colombia-is-still-in-the-icu-in-delicate-but-stable-condition","status":"publish","type":"post","link":"https:\/\/www.best-dentist-dentistry.com\/de\/vice-president-of-colombia-is-still-in-the-icu-in-delicate-but-stable-condition\/19115","title":{"rendered":"Vice Pr\u00e4sident Kolumbiens ist noch auf der Intensivstation in &#8220;zarte aber stabilen&#8221; Zustand"},"content":{"rendered":"<p class=\"first\"> (Aktualisierungen mit Anweisung aus der Klinik am Gesundheitszustand der Garz\u00f3n)<\/p>\n<p>Bogota, 20 jun (EFE).-der Kolumbien-Vizepr\u00e4sident Angelino Garzon, weiterhin in der Intensivstation (ICU) eines Krankenhauses in Bogot\u00e1-Einheit an Fehler Schlaganfall, die Sie in &#8220;zarte aber stabilen&#8221; Zustand, h\u00e4lt, sagte heute der Pr\u00e4sident Juan Manuel Santos.<\/p>\n<p>Santos, die letzte Nacht von Los Cabos (Mexiko) zur\u00fcckgekehrt nach Teilnahme an die Sitzung des G-20, arbeitete als Sprecher der \u00d6ffentlichkeit nach Garzon zu besuchen und mit den \u00c4rzten in der K\u00f6nigin-Sofia-Klinik in der kolumbianischen Hauptstadt.<\/p>\n<p>&#8220;Die Situation ist zart aber stabil.&#8221; &#8220;Haben alles getan was menschlich m\u00f6glich ist,&#8221;, sagte der Pr\u00e4sident Reporter versammelten sich an der Pforte der Klinik, f\u00fcgte hinzu, dass Garzon &#8220;in guten H\u00e4nden&#8221; ist.<\/p>\n<p>Eine letzten Erkl\u00e4rung wissenschaftlicher Direktor der Klinik Reina Sofia, Arzt Luis Augusto Cortes Delvalle, stellte fest, dass Garzon eine zerebrale Isch\u00e4mie (Reduktion der Hirndurchblutung erleidet) und auf der Intensivstation bleibt.<\/p>\n<p>Hinzugef\u00fcgt, die die Ladung &#8220;in einen feinen, aber stabilen Zustand unter strenger \u00e4rztlicher Aufsicht mit Schutzma\u00dfnahmen im Rahmen der Verwaltung der akute zerebrovaskul\u00e4re Erkrankung neurologische&#8221; ist.<\/p>\n<p>Erfordert, dass der Fehler &#8220;isch\u00e4mischen Schlaganfalls, die das Mittelhirn befindet, stellt eine erwartete Weiterentwicklung und ohne klinische Verschlechterung&#8221;.<\/p>\n<p>Die Arzt-Schnitte auch darauf hingewiesen, dass das \u00c4rzteteam zu Garzon &#8220;rechtzeitig&#8221; die Regierung und die \u00d6ffentlichkeit \u00fcber den Zustand der Gesundheit des Vizepr\u00e4sidenten Berichten wird.<\/p>\n<p>&#8220;Wir hoffen, ich glaube, dass in diesem ich alle Kolumbianer begleiten, so dass ihre Genesung Prompt ist und Intensivmedizin so bald wie m\u00f6glich verlassen kann, sagte Santos.<\/p>\n<p>Der Pr\u00e4sident auch angegeben, dass seit Los Cabos in st\u00e4ndigem Kontakt mit der Frau des Garzon, der spanischen Montserrat Mu\u00f1oz, die prompt von der Gesundheitszustand des Vizepr\u00e4sidenten informiert worden sei.<\/p>\n<p>Mario Mu\u00f1oz, Clinica Marly in Bogot\u00e1, Neurologe erkl\u00e4rte Caracol Radio, dass je nachdem die Auswirkungen des Schadens, der Vice President Ausf\u00e4lle in der Ansicht im Speicher oder in der Sprache m\u00fcssen.<\/p>\n<p>Sein Kollege Enrique Jim\u00e9nez Hakim, der Fundaci\u00f3n Santa Fe, erz\u00e4hlte den gleichen Radiosender, dass es eine ernsthafte Szenario, eine andere M\u00f6glichkeit, die solche Verletzungen betrachtet ist Hirntod, Koma (induzierte oder nat\u00fcrliche) oder Tod.<\/p>\n<p>Dies ist der zweite schwere Garzon Gesundheit Komplikation seit Annahme der Vize-Pr\u00e4sidentschaft Kolumbien am 7. August 2010.<\/p>\n<p>Etwas mehr als 24 Stunden nach der Vereidigung ein Herzleiden litt, durch den er musste operiert werden und war f\u00fcr mehrere Wochen arbeitsunf\u00e4hig.<\/p>\n<p>In den vergangenen Monaten Garzon reiste die Welt auf der Suche nach Unterst\u00fctzung f\u00fcr die Kandidatur frustriert in die Richtung von der internationalen Arbeitsorganisation (ILO), die seine Routine, in der Regel gespickt mit medizinischen Vorsorgeuntersuchungen und eine spezielle Di\u00e4t ver\u00e4ndert.<\/p>\n<p>Garzon, einer renommierten ehemaligen Gewerkschaft, kam die Vizepr\u00e4sidentschaft als Running Mate Juan Manuel Santos, nach war Minister in der Regierung von Andr\u00e9s Pastrana (1998-2002) und Botschafter in Genf bei den Vereinten Nationen w\u00e4hrend der Pr\u00e4sidentschaft \u00c1lvaro Uribe V\u00e9lez (2002-2010). EFE<\/p>\n<p>Agp-com\/Erm\/KPJ<\/p>\n","protected":false},"excerpt":{"rendered":"<p>(Aktualisierungen mit Anweisung aus der Klinik am Gesundheitszustand der Garz\u00f3n) Bogota, 20 jun (EFE).-der Kolumbien-Vizepr\u00e4sident Angelino Garzon, weiterhin in der Intensivstation (ICU) eines Krankenhauses in Bogot\u00e1-Einheit an Fehler Schlaganfall, die Sie in &#8220;zarte aber stabilen&#8221; Zustand, h\u00e4lt, sagte heute der Pr\u00e4sident Juan Manuel Santos. Santos, die letzte Nacht von Los Cabos (Mexiko) zur\u00fcckgekehrt nach Teilnahme [&hellip;]<\/p>\n","protected":false},"author":1,"featured_media":0,"comment_status":"close","ping_status":"open","sticky":false,"template":"","format":"standard","meta":{"footnotes":""},"categories":[3],"tags":[30092],"class_list":["post-19115","post","type-post","status-publish","format-standard","hentry","category-allgemeine","tag-vice-prsident","et-doesnt-have-format-content","et_post_format-et-post-format-standard"],"_links":{"self":[{"href":"https:\/\/www.best-dentist-dentistry.com\/de\/wp-json\/wp\/v2\/posts\/19115","targetHints":{"allow":["GET"]}}],"collection":[{"href":"https:\/\/www.best-dentist-dentistry.com\/de\/wp-json\/wp\/v2\/posts"}],"about":[{"href":"https:\/\/www.best-dentist-dentistry.com\/de\/wp-json\/wp\/v2\/types\/post"}],"author":[{"embeddable":true,"href":"https:\/\/www.best-dentist-dentistry.com\/de\/wp-json\/wp\/v2\/users\/1"}],"replies":[{"embeddable":true,"href":"https:\/\/www.best-dentist-dentistry.com\/de\/wp-json\/wp\/v2\/comments?post=19115"}],"version-history":[{"count":0,"href":"https:\/\/www.best-dentist-dentistry.com\/de\/wp-json\/wp\/v2\/posts\/19115\/revisions"}],"wp:attachment":[{"href":"https:\/\/www.best-dentist-dentistry.com\/de\/wp-json\/wp\/v2\/media?parent=19115"}],"wp:term":[{"taxonomy":"category","embeddable":true,"href":"https:\/\/www.best-dentist-dentistry.com\/de\/wp-json\/wp\/v2\/categories?post=19115"},{"taxonomy":"post_tag","embeddable":true,"href":"https:\/\/www.best-dentist-dentistry.com\/de\/wp-json\/wp\/v2\/tags?post=19115"}],"curies":[{"name":"wp","href":"https:\/\/api.w.org\/{rel}","templated":true}]}}