{"id":19140,"date":"2012-10-05T03:00:42","date_gmt":"2012-10-05T03:00:42","guid":{"rendered":null},"modified":"-0001-11-30T00:00:00","modified_gmt":"-0001-11-30T00:00:00","slug":"the-city-council-says-that-he-offered-a-floor-to-the-grandparents-of-the-girl-with-cancer-evicted","status":"publish","type":"post","link":"https:\/\/www.best-dentist-dentistry.com\/de\/the-city-council-says-that-he-offered-a-floor-to-the-grandparents-of-the-girl-with-cancer-evicted\/19140","title":{"rendered":"the city council says that he offered a floor to the grandparents of the girl with cancer evicted"},"content":{"rendered":"<p class=\"first\"> Madrid, 23 Aug (EFE).-der Stadtrat von Madrid ein Wort Reaccommodation Gro\u00dfeltern von Shakira g.n., ein 6 Jahre altes M\u00e4dchen, das zusammen mit seiner Familie in einem Haus in der Stadt von Puerta de Hierro, vertrieben aber sie zur\u00fccktrat, um dies zu akzeptieren.<\/p>\n<p>The Madrid-Stadtrat hat \u00d6ffentlichkeit diese Informationen nach Amnesty International heute mitteilen, dass es ge\u00f6ffnet hat, ein &#8220;Cyberaktion&#8221; um den Fall dieses M\u00e4dchen zu denunzieren, wurde einen Gehirntumor diagnostiziert, die schl\u00e4ft in einem Lieferwagen in der Stadt nach der Sprengung zun\u00e4chst \u00fcber das Haus, wo er mit seinen Eltern lebte und sp\u00e4ter, das lebte mit seinen Gro\u00dfeltern gemacht.<\/p>\n<p>Als angegebene EfE Quellen Municipal, wurden Eltern und zwei Br\u00fcder des M\u00e4dchens effektiv aus ihrer &#8220;illegal&#8221; Geh\u00e4use am 19. Januar 2011 vertrieben und die sozialen Samur gab ihnen Unterkunft Ausnahmezustand in einem Hotel in der Stadt.<\/p>\n<p>Jedoch Quellen hinzugef\u00fcgt, &#8220;blieb mit den Tasten des Raumes und nicht dieselben verwenden&#8221; und &rsquo;anscheinend blieb im Geh\u00e4use, auch illegal, die verwandten&rsquo;.<\/p>\n<p>&#8220;Wohneinheit&#8221; bestehend aus den Eltern und Br\u00fcdern von Shakira entsprach nicht die Voraussetzungen verlegt werden und die technischen Dienste im Bereich der Stadtplanung fuhr fort, den Abriss des Geb\u00e4udes in denen sie lebten.<\/p>\n<p>Des zweiten Hauses die Gro\u00dfeltern des M\u00e4dchens, wurden vertrieben mit dem Rest der Familie am 17. Juli letzte.<\/p>\n<p>&#8220;Bot In diesem Fall auch Samur Social Notunterk\u00fcnfte, die abgelehnt.&#8221; &#8220;Wurde gesagt, dass wenn sie \u00e4nderten ihre Meinung waren durchgestellt in Kontakt mit den sozialen Samur 112 und nicht von dieser M\u00f6glichkeit Gebrauch&#8221;.<\/p>\n<p>Im Gegensatz zu Eltern, Gro\u00dfeltern von Shakira ja erf\u00fcllt die Anforderungen umgesiedelt werden und die EMVS am 3. M\u00e4rz 2011 vergeben wir eine Etage mit drei Schlafzimmern und 77,70 qm in der Stra\u00dfe in Tetouan, Castillejos.<\/p>\n<p>Als, &#8220;trotz Wesen rief immer wieder&#8221; f\u00fcr die Unterzeichnung des Vertrag, &#8220;stets geweigert, die es f\u00fcr ihre Wiederansiedlung zu akzeptieren&#8221;, war aber wirksamen R\u00fccktritt und schlie\u00dflich &#8220;mit der entsprechenden Gerichtsbeschluss&#8221;, wurden vertrieben und &rsquo;illegalen&rsquo; Haus abgerissen wo lebten.<\/p>\n<p>Der Rat erinnert daran, dass in den letzten Jahren im Rahmen des Tilgungsprogramms D\u00f6rfer Typologie Sonder- und anderen illegalen Siedlungen, die kommunale Wohnungsbaugesellschaft und Boden (EMVS) des Kapitals &#8220;ist umgezogen endg\u00fcltig f\u00fcr alle Familien, die Einhaltung der Anforderungen, Wohnsitz in Bereichen mit Bezug&#8221;.<\/p>\n<p>El Ayuntamiento de Madrid auch darauf hingewiesen, dass am letzten Tag 17, um das Institut f\u00fcr das Haus von Madrid (Ivima) Bericht zur sozialen geschickt wurde und medizinischen Bericht aktuelle Moll; dahin, da ist es verarbeitete dringend Anerkennung der Situation der Abh\u00e4ngigkeit und, die, vom 1. August \u00dcberpr\u00fcfung des Programms der Intervention dieser Familie als Nutznie\u00dfer des minimalen Einf\u00fcgung Einkommens seit 2002 der abgeschlossen.<\/p>\n<p>Verantwortlich f\u00fcr die Untersuchung von Amnesty International Gulia Tamayo Efe heute gesagt hat, dass das M\u00e4dchen gestern eine Biopsie bei der Universit\u00e4t Krankenhaus von Navarra,, die kamen unterzogen wurde nach, dass seine Familie eine Sammlung gemacht, deren Ergebnisse in f\u00fcnf Tagen bekannt sein werden.<\/p>\n","protected":false},"excerpt":{"rendered":"<p>Madrid, 23 Aug (EFE).-der Stadtrat von Madrid ein Wort Reaccommodation Gro\u00dfeltern von Shakira g.n., ein 6 Jahre altes M\u00e4dchen, das zusammen mit seiner Familie in einem Haus in der Stadt von Puerta de Hierro, vertrieben aber sie zur\u00fccktrat, um dies zu akzeptieren. The Madrid-Stadtrat hat \u00d6ffentlichkeit diese Informationen nach Amnesty International heute mitteilen, dass es [&hellip;]<\/p>\n","protected":false},"author":1,"featured_media":0,"comment_status":"close","ping_status":"open","sticky":false,"template":"","format":"standard","meta":{"footnotes":""},"categories":[3],"tags":[],"class_list":["post-19140","post","type-post","status-publish","format-standard","hentry","category-allgemeine","et-doesnt-have-format-content","et_post_format-et-post-format-standard"],"_links":{"self":[{"href":"https:\/\/www.best-dentist-dentistry.com\/de\/wp-json\/wp\/v2\/posts\/19140","targetHints":{"allow":["GET"]}}],"collection":[{"href":"https:\/\/www.best-dentist-dentistry.com\/de\/wp-json\/wp\/v2\/posts"}],"about":[{"href":"https:\/\/www.best-dentist-dentistry.com\/de\/wp-json\/wp\/v2\/types\/post"}],"author":[{"embeddable":true,"href":"https:\/\/www.best-dentist-dentistry.com\/de\/wp-json\/wp\/v2\/users\/1"}],"replies":[{"embeddable":true,"href":"https:\/\/www.best-dentist-dentistry.com\/de\/wp-json\/wp\/v2\/comments?post=19140"}],"version-history":[{"count":0,"href":"https:\/\/www.best-dentist-dentistry.com\/de\/wp-json\/wp\/v2\/posts\/19140\/revisions"}],"wp:attachment":[{"href":"https:\/\/www.best-dentist-dentistry.com\/de\/wp-json\/wp\/v2\/media?parent=19140"}],"wp:term":[{"taxonomy":"category","embeddable":true,"href":"https:\/\/www.best-dentist-dentistry.com\/de\/wp-json\/wp\/v2\/categories?post=19140"},{"taxonomy":"post_tag","embeddable":true,"href":"https:\/\/www.best-dentist-dentistry.com\/de\/wp-json\/wp\/v2\/tags?post=19140"}],"curies":[{"name":"wp","href":"https:\/\/api.w.org\/{rel}","templated":true}]}}