{"id":19211,"date":"2012-10-06T02:34:26","date_gmt":"2012-10-06T02:34:26","guid":{"rendered":null},"modified":"-0001-11-30T00:00:00","modified_gmt":"-0001-11-30T00:00:00","slug":"health-corrects-the-article-of-the-royal-decree-which-endangered-the-acquired-rights-of-the-collective-health","status":"publish","type":"post","link":"https:\/\/www.best-dentist-dentistry.com\/de\/health-corrects-the-article-of-the-royal-decree-which-endangered-the-acquired-rights-of-the-collective-health\/19211","title":{"rendered":"health corrects the article of the royal decree which endangered the acquired rights of the collective health"},"content":{"rendered":"<p class=\"first\"> MADRID, 16 (EUROPA PRESS)<\/p>\n<p>Das <span class=\"yshortcuts\" id=\"lw_1337154764_1\"> Ministerium f\u00fcr Gesundheit<\/span>, soziale Dienste und Gleichheit wurde korrigiert die Fehler der Artikel des K\u00f6niglichen Erlasses \u00fcber dringende Ma\u00dfnahmen zur Sicherstellung der Nachhaltigkeit des <span class=\"yshortcuts\" id=\"lw_1337154764_0\"> \u00f6ffentlichen Gesundheitswesens<\/span> (SNS) droht die arbeitsrechtlichen Aus\u00fcbung der medizinischen <span class=\"yshortcuts\" id=\"lw_1337154764_8\"> Fachleute<\/span> (\u00c4rzte, \u00c4rzte und Hebammen), erworbene Rechte somit Erf\u00fcllung der Verpflichtung, die mit dem Vorsitzenden der allgemeine Ratschl\u00e4ge von \u00c4rzten und Krankenschwestern.<\/p>\n<p>Korrektur, ver\u00f6ffentlicht im Amtsblatt vom Dienstag und vereinbart zwischen Ministerium und die Pr\u00e4sidenten der allgemeine Ratschl\u00e4ge von \u00c4rzten und Krankenschwestern, kommt zu gew\u00e4hrleisten, Gesundheitsberufe hatte ihre Rechte konsolidiert, betroffen, auch einrichten, dass der Standard gelten ab dem <span class=\"yshortcuts\" id=\"lw_1337154764_4\"> 31. Dezember<\/span> 2013.<\/p>\n<p>Dekret die \u00c4rzte und Krankenschwestern (\u00c4rzte und Hebammen) Inhaber von lokalen Dienste von ihrer beruflichen T\u00e4tigkeit im <span class=\"yshortcuts\" id=\"lw_1337154764_3\"> Gesundheitswesen<\/span> betreffen, als auch f\u00fcr den Rest der <span class=\"yshortcuts\" id=\"lw_1337154764_6\"> Mitarbeiter offizielle<\/span>, seine Dienste in <span class=\"yshortcuts\" id=\"lw_1337154764_5\"> Gesundheitseinrichtungen<\/span> \u00f6ffentlich bietet, seit dr\u00e4ngen sie integriert Gesundheitsdienste als Bedienstete behoben oder Adscribir\u00eda, die sie zu Verwaltungseinrichtungen nicht zu den \u00f6ffentlichen Gesundheitseinrichtungen geh\u00f6ren.<\/p>\n<p>Diese Situation nach den Managern der allgemeine Ratschl\u00e4ge von \u00c4rzten und Krankenschwestern, &#8220;kam eine ernsthafte Rechtsunsicherheit einzuf\u00fchren und verursacht Hilflosigkeit den betroffenen als wesentlich f\u00fcr die Achtung der Rechte, dass diese Fachleute haben in ihrem aktuellen Job, die verletzt werden k\u00f6nnte, vor allem, war nicht in der gleichen wenn f\u00fcr nicht-Integration entscheiden&#8221;&#8221;, insbesondere im Hinblick auf sein Alter und Ruhestand&#8221;.<\/p>\n<p>Nicht zu vergessen die Tatsache, dass diese Fachleute &#8220;verlassen sie Pflege Pflichten \u00dcbergabe an Verwaltungseinrichtungen dessen Charakter und Bezeichnung Bestimmung ist nicht kl\u00e4ren&#8221;.<\/p>\n<p>Nun die BOE beseitigt diese Situation durch Hinzuf\u00fcgen, das nach dem Beitritt Gesundheit als gesetzliche Dienste behoben, wird dies &#8220;ohne Beeintr\u00e4chtigung der konsolidierten Rechte&#8221;. Ebenso die Gesundheit Word f\u00fcgt offizielle pers\u00f6nlichen Ausdruck und legt seine Anwendung nach 31. Dezember 2013, und nicht vom 31. Dezember 2012, als die ersten RD. <\/p>\n<p>Seit der Ver\u00f6ffentlichung der RD, hat der Minister der Industrie Ana Mato hielt zwei Sitzungen, das Subjekt, das erste man am 8. Mai mit dem Pr\u00e4sidenten des Generalrats der Spanien Krankenpflege, maximale Gonz\u00e1lez Jurado, zu diskutieren und die zweite am Montag kann mit demselben Partner von der Krankenpflege, sowie Juan Jos\u00e9 Rodr\u00edguez Send\u00ednPr\u00e4sident des Generalrats des <span class=\"yshortcuts\" id=\"lw_1337154764_7\"> medizinischen Hochschulen<\/span>. <\/p>\n<p>In beiden Sitzungen Mato korrigieren die Situation erstellt durch eine aktuelle Formulierung dieses k\u00f6niglichen Dekrets &#8220;zeigt seine volle Bereitschaft, die Rechte gest\u00e4rkt durch \u00c4rzte und Krankenschwestern, die betroffenen durch diese neue Verordnung des Ministeriums durch eine Berichtigung der Regeln beizubehalten ver\u00f6ffentlicht im offiziellen Bulletin State&#8221; verpflichtet.<\/p>\n<p>Nach ihrer Ver\u00f6ffentlichung im Amtsblatt, Jury hat zog Sie an den Minister die Dankbarkeit der spanischen Krankenpflege und seine Sensibilit\u00e4t mit diesem Thema, die oben genannten Korrektur von Fehlern zu sammeln. Auch behauptet, dass diese Korrektur &#8220;das Ziel der Gesundheit Verwaltungen erreicht auf die Personalpolitik zu homogenisieren und unsererseits, die diese Integrationen vorgenommen werden mit der niedrigsten m\u00f6glichen Erkrankung f\u00fcr diese gute Fachleute, die beide haben unsere SNS w\u00e4hrend seines Berufslebens&#8221;.<\/p>\n","protected":false},"excerpt":{"rendered":"<p>MADRID, 16 (EUROPA PRESS) Das Ministerium f\u00fcr Gesundheit, soziale Dienste und Gleichheit wurde korrigiert die Fehler der Artikel des K\u00f6niglichen Erlasses \u00fcber dringende Ma\u00dfnahmen zur Sicherstellung der Nachhaltigkeit des \u00f6ffentlichen Gesundheitswesens (SNS) droht die arbeitsrechtlichen Aus\u00fcbung der medizinischen Fachleute (\u00c4rzte, \u00c4rzte und Hebammen), erworbene Rechte somit Erf\u00fcllung der Verpflichtung, die mit dem Vorsitzenden der allgemeine [&hellip;]<\/p>\n","protected":false},"author":1,"featured_media":0,"comment_status":"close","ping_status":"open","sticky":false,"template":"","format":"standard","meta":{"footnotes":""},"categories":[3],"tags":[],"class_list":["post-19211","post","type-post","status-publish","format-standard","hentry","category-allgemeine","et-doesnt-have-format-content","et_post_format-et-post-format-standard"],"_links":{"self":[{"href":"https:\/\/www.best-dentist-dentistry.com\/de\/wp-json\/wp\/v2\/posts\/19211","targetHints":{"allow":["GET"]}}],"collection":[{"href":"https:\/\/www.best-dentist-dentistry.com\/de\/wp-json\/wp\/v2\/posts"}],"about":[{"href":"https:\/\/www.best-dentist-dentistry.com\/de\/wp-json\/wp\/v2\/types\/post"}],"author":[{"embeddable":true,"href":"https:\/\/www.best-dentist-dentistry.com\/de\/wp-json\/wp\/v2\/users\/1"}],"replies":[{"embeddable":true,"href":"https:\/\/www.best-dentist-dentistry.com\/de\/wp-json\/wp\/v2\/comments?post=19211"}],"version-history":[{"count":0,"href":"https:\/\/www.best-dentist-dentistry.com\/de\/wp-json\/wp\/v2\/posts\/19211\/revisions"}],"wp:attachment":[{"href":"https:\/\/www.best-dentist-dentistry.com\/de\/wp-json\/wp\/v2\/media?parent=19211"}],"wp:term":[{"taxonomy":"category","embeddable":true,"href":"https:\/\/www.best-dentist-dentistry.com\/de\/wp-json\/wp\/v2\/categories?post=19211"},{"taxonomy":"post_tag","embeddable":true,"href":"https:\/\/www.best-dentist-dentistry.com\/de\/wp-json\/wp\/v2\/tags?post=19211"}],"curies":[{"name":"wp","href":"https:\/\/api.w.org\/{rel}","templated":true}]}}