{"id":19234,"date":"2012-10-06T02:39:51","date_gmt":"2012-10-06T02:39:51","guid":{"rendered":null},"modified":"-0001-11-30T00:00:00","modified_gmt":"-0001-11-30T00:00:00","slug":"conflicts-with-indians-and-opposition-tarnished-the-image-of-the-host-of-the-oas","status":"publish","type":"post","link":"https:\/\/www.best-dentist-dentistry.com\/de\/conflicts-with-indians-and-opposition-tarnished-the-image-of-the-host-of-the-oas\/19234","title":{"rendered":"Konflikte mit den Indianern und Opposition tr\u00fcbte das Bild des Hosts der OAS"},"content":{"rendered":"<p class=\"first\"> <span class=\"yshortcuts\" id=\"lw_1338661706_1\"> La Paz<\/span>, 2 jun (EFE).-Marsch von Eingeborenen des Amazonas, der Verteidigung, ein Naturpark und Zuflucht in der <span class=\"yshortcuts\" id=\"lw_1338661706_3\"> Botschaft von Brasilien<\/span> in der Opposition Senator <span class=\"yshortcuts\" id=\"lw_1338661706_5\"> Roger Pinto<\/span>, <span class=\"yshortcuts\" id=\"lw_1338661706_8\"> politische Verfolgung<\/span>, K\u00fcndigung stehen unter den Konflikten, die die Rolle des Pr\u00e4sidenten Evo Morales als Gastgeber der Versammlung der OAS tr\u00fcben.<\/p>\n<p>The Amazon erreicht im Jahr 2011, dass Morales-Erlass ein Gesetzes, das Autobahn im Gebiet Ind\u00edgena Parque Nacional Isiboro Secure (Tipnis), mit dem 66-Tage-Marsch triumphierend verbietet in La Paz erhielt nach \u00dcberwindung einer brutalen polizeilicher Repression und Blockaden der Unterst\u00fctzer der herrschenden.<\/p>\n<p>Jedoch der Konflikt, der das Bild der Umweltsch\u00fctzer und indigenen Morales geschw\u00e4cht, wurde nicht aufgel\u00f6st, als der Pr\u00e4sident eine Umkehrung der indigenen und loyale Koka Produzenten einen weiteren standard stellen um die Bewohner der Tipnis \u00fcber den Bau der Stra\u00dfe zu konsultieren verabschieden gef\u00f6rdert.<\/p>\n<p>Der Prozess wird unterst\u00fctzt durch einige Unterst\u00fctzer von Morales, die Eingeborenen, besuchte er die Reserve und es dauerte, Geschenke, aber die Gegner das Stra\u00dfenbauprojekt vor f\u00fcnf Wochen der neuen Marsch gegen die Untersuchung, die argumentieren begann, dass es gemacht wurde, vor der Auftragsvergabe der Arbeit mit Brasilien.<\/p>\n<p>Beh\u00f6rden haben sich geweigert, mit ihnen reden und bezichtigen sie der Finanzierung von Gegnern, Morales, zu destabilisieren, so dass sie die Amazonen beschlossen Appell an der Generalversammlung von der Organisation amerikanischer Staaten (OAS), der Morgen in Cochabamba beginnt.<\/p>\n<p>Morales Loyalisten waren nicht unt\u00e4tig und erfordern die OAS &#8220;geben gr\u00fcnes Licht&#8221; zur Stra\u00dfe, der F\u00fchrer der indigenen Council of South, Gumercindo Pradel, dem eingeborenen marschieren aus der Tipnis &#8220;verwendet wird&#8221; von der Regierung vorwarf ist gefunden.<\/p>\n<p>Der Generalsekret\u00e4r der OAS, der chilenischen Jos\u00e9 Miguel Insulza, vorhergesagt, es werden beide Gruppen &#8220;mit gro\u00dfem Interesse und Respekt&#8221;, machen, aber, dass die &#8220;harten&#8221; OAS umfassen kann.<\/p>\n<p>Morales, wer es geschafft, eine Welle von Streiks zu b\u00e4ndigen und manchmal gewaltt\u00e4tigen Unruhen in den letzten Tagen hatte auch Probleme mit der brasilianischen Baufirma OAS f\u00fcr Versto\u00dfes gegen die Autobahn-Kontroverse behaupteten und einen Prozess er\u00f6ffnet, um den Vertrag zu k\u00fcndigen.<\/p>\n<p>Parallel ein weiteres M\u00e4rz der indigenen V\u00f6lker der Anden-Hochland bewegt sich von S\u00fcdwesten nach dem Weggang von der kanadische Minengesellschaft South American Silver, zu verlangen, die in der mythischen Potosi t\u00e4tig ist, und seinen Protest in La Paz, Amazonen beitreten soll.<\/p>\n<p>Diese Probleme noch versch\u00e4rft wird, des F\u00fchrers der Opposition von rechts in den Senat, Roger Pinto, wer Asyl beantragt nach Zuflucht in der brasilianischen Botschaft am Montag Pr\u00e4sidentin Dilma Rousseff.<\/p>\n<p>Pinto sagt Opfer der politischen Verfolgung zu kritisieren Morales und beschuldigen ihn nicht gegen den Drogenhandel zu handeln, obwohl Beh\u00f6rden repliziert das korrupte war er bei die n\u00f6rdliche Region von Pando (1999-2002) regierte.<\/p>\n<p>Politischer Analyst Carlos Cordero Efe erkl\u00e4rt, dass diese Konflikte hat keinen Einfluss auf die Entwicklung des Zitats aus der OAS, aber ja &#8220;entfernt Glaubw\u00fcrdigkeit und verschlechtern das Bild&#8221; von Morales und &#8220;best\u00e4tigt, dass es eine beunruhigende Klima Konflikt in Bolivien ist&#8221;.<\/p>\n<p>Bolivianischen Vizepr\u00e4sidenten Alvaro Garcia Linera, warf der Opposition &#8220;Schmieren&#8221; das Bild des Landes mit ihren Protesten vor der OAS und indigene.<\/p>\n<p>Erinnerte daran, dass eine \u00e4hnliche Versammlung, gehalten in Bolivien in 1979,, durch einen blutigen Putsch unter der F\u00fchrung von allgemeine Alberto Natusch Busch, der laut Linera verdorben war, &#8220;vernichtet die Bedeutung&#8221; einer Entschlie\u00dfung der OAS auf der bolivianischen verlangen nach Chile \u00fcber einen Zugang zum Meer, die in einem Krieg am Ende des 19. Jahrhunderts verloren.<\/p>\n<p>Welches kam an die Macht im Jahr 2006, moralische K\u00fcndigung oft versucht, ihn zu st\u00fcrzen und ihn zu t\u00f6ten, vor allem, wenn seine Popularit\u00e4t durch soziale Proteste, f\u00e4llt als dem er belagerte zwischen M\u00e4rz und Mai.<\/p>\n","protected":false},"excerpt":{"rendered":"<p>La Paz, 2 jun (EFE).-Marsch von Eingeborenen des Amazonas, der Verteidigung, ein Naturpark und Zuflucht in der Botschaft von Brasilien in der Opposition Senator Roger Pinto, politische Verfolgung, K\u00fcndigung stehen unter den Konflikten, die die Rolle des Pr\u00e4sidenten Evo Morales als Gastgeber der Versammlung der OAS tr\u00fcben. The Amazon erreicht im Jahr 2011, dass Morales-Erlass [&hellip;]<\/p>\n","protected":false},"author":1,"featured_media":0,"comment_status":"close","ping_status":"open","sticky":false,"template":"","format":"standard","meta":{"footnotes":""},"categories":[3],"tags":[],"class_list":["post-19234","post","type-post","status-publish","format-standard","hentry","category-allgemeine","et-doesnt-have-format-content","et_post_format-et-post-format-standard"],"_links":{"self":[{"href":"https:\/\/www.best-dentist-dentistry.com\/de\/wp-json\/wp\/v2\/posts\/19234","targetHints":{"allow":["GET"]}}],"collection":[{"href":"https:\/\/www.best-dentist-dentistry.com\/de\/wp-json\/wp\/v2\/posts"}],"about":[{"href":"https:\/\/www.best-dentist-dentistry.com\/de\/wp-json\/wp\/v2\/types\/post"}],"author":[{"embeddable":true,"href":"https:\/\/www.best-dentist-dentistry.com\/de\/wp-json\/wp\/v2\/users\/1"}],"replies":[{"embeddable":true,"href":"https:\/\/www.best-dentist-dentistry.com\/de\/wp-json\/wp\/v2\/comments?post=19234"}],"version-history":[{"count":0,"href":"https:\/\/www.best-dentist-dentistry.com\/de\/wp-json\/wp\/v2\/posts\/19234\/revisions"}],"wp:attachment":[{"href":"https:\/\/www.best-dentist-dentistry.com\/de\/wp-json\/wp\/v2\/media?parent=19234"}],"wp:term":[{"taxonomy":"category","embeddable":true,"href":"https:\/\/www.best-dentist-dentistry.com\/de\/wp-json\/wp\/v2\/categories?post=19234"},{"taxonomy":"post_tag","embeddable":true,"href":"https:\/\/www.best-dentist-dentistry.com\/de\/wp-json\/wp\/v2\/tags?post=19234"}],"curies":[{"name":"wp","href":"https:\/\/api.w.org\/{rel}","templated":true}]}}