{"id":1925,"date":"2014-05-07T23:08:05","date_gmt":"2014-05-07T23:08:05","guid":{"rendered":null},"modified":"2014-05-07T23:08:05","modified_gmt":"2014-05-07T23:08:05","slug":"experts-gathered-at-the-international-fair-of-medicine-and-health-will-address-the-main-challenges-of-the-sector","status":"publish","type":"post","link":"https:\/\/www.best-dentist-dentistry.com\/de\/experts-gathered-at-the-international-fair-of-medicine-and-health-will-address-the-main-challenges-of-the-sector\/1925","title":{"rendered":"Experten versammelt auf der internationalen Messe der Medizin und Gesundheit werden die wichtigsten Herausforderungen des Sektors."},"content":{"rendered":"<p><strong>Experten versammelt auf der internationalen Messe der Medizin und Gesundheit werden die wichtigsten Herausforderungen des Sektors <br \/><font size=\"2\"> <br \/>Die Internationale Fachausstellung f\u00fcr Medizin und Gesundheit-FEIMESA findet von 20 bis 22 Oktober in Coru\u00f1a.<\/font><\/strong><font   size=\"2\"> <\/p>\n<p>-Im Laufe der drei Tage werden FEIMESA ein Forum f\u00fcr die Debatte \u00fcber die Situation und die Zukunft der Gesundheitsversorgung in Spanien mit Lautsprecher von den gleichen von \u00c1ngel Luis Rodr\u00edguez, Generaldirektor der spanischen Vereinigung von Generika (AESEG) oder der renommierten Professor j. KastnerChef der Kardiologie am Krankenhaus AHK Wiener <\/p>\n<p>-diskutieren wichtige Fragen, wie die Nachhaltigkeit der Gesundheitssysteme in Spanien, Fortschritte in der Forschung, Technologie und training, einer Behinderung, Abh\u00e4ngigkeit und \u00e4ltere <\/p>\n<p>-FEIMESA ist auch eine internationale Business-Center im Gesundheitssektor <\/p>\n<p> <strong>A Coru\u00f1a, Oktober 2011<\/strong> FEIMESA, die erste internationale Messe f\u00fcr Medizin und Gesundheit, werden ein gro\u00dfes Forum f\u00fcr die Debatte \u00fcber die Zukunft des spanischen Gesundheitssystems nationalen und internationalen Experten und Vertretern der \u00f6ffentlichen Verwaltungen. Die Halle, in A Coru\u00f1a von 20 bis 22 Oktober, stattfinden wird einen Ausstellungsbereich, die sammeln wird das gr\u00f6\u00dfte Schaufenster der medizinischen und \u00f6ffentliche Gesundheitsprodukte, kombinieren, mit einigen Workshops und partizipative Foren, die die Situation der Gesundheitsversorgung in Spanien analysieren. In diesem Workshop wird er der spanischen Vereinigung der Hersteller von Generika (AESEG), das National Center for Cancer Research (CNIO), der Spezialist f\u00fcr Krankenhaus-Gesundheits-Management Gesm\u00e9dica, die spanische Gesellschaft f\u00fcr elektromedizinische und klinische Engineering (SEIIC), Vertreter der Zentren, Laboratorien, Hersteller beteiligen.medizinische, etc. <\/p>\n<p><strong>Das Gesundheitswesen Debatte<\/strong> <\/p>\n<p>FEIMESA Ziele legen den Schl\u00fcssel f\u00fcr die Nachhaltigkeit der unser Gesundheitssystem, die jeden Tag, um aktuelle mit der Abhaltung von Konferenzen widmen wird zu schaffen R\u00e4ume f\u00fcr Diskussion um Nachhaltigkeit, Innovation, Behinderung, Abh\u00e4ngigkeit und \u00e4ltere, professionelle eindringen, sowie partizipative Foren, die z\u00e4hlen mit der Anwesenheit der verschiedenen Akteure im Zusammenhang mit Gesundheit. <\/p>\n<p><strong>Donnerstag, Oktober 20:  Nachhaltigkeit der Gesundheitssysteme in Spanien &#8221;<\/strong> <\/p>\n<p>Heute wird sich mit Fragen befassen, als die soziale-\u00f6konomische Auswirkungen von Generika, die Effizienz des Systems der Gesundheit, Kosteneinsparungen und Gesundheitsmanagement verbesserte. Sie m\u00fcssen die Beteiligung von \u00c1ngel Luis Rodr\u00edguez, Generaldirektor von der spanischen Vereinigung der Hersteller von Generika (AESEG), Antonio Abella, technischer Direktor von Gesm\u00e9dica, Dr. j. Kastner, Chef der Kardiologie am Krankenhaus AHK Wien oder Joe Killen, CEO von Tunstall. <\/p>\n<p>Intervention von Antonio del Corro, Chief Executive von Commerce Brasilien-Spanien Kammer, die zeigen, die Business-Chancen der American Land in der Gesundheitsinfrastruktur wird am Nachmittag stattfinden. Schlie\u00dflich behandelt das partizipative Forum, moderiert von Gerardo Fern\u00e1ndez-Albor, die neuen Routen zu Einsparungen bei der Verwaltung von Gesundheitszentren und Krankenh\u00e4usern. <\/p>\n<p><strong>Freitag, Oktober 21:  Forschung, Technologie und Training &#8221;<\/strong> <\/p>\n<p>Angel Carracedo, Gesch\u00e4ftsf\u00fchrer der galicischen \u00f6ffentliche Stiftung der Medizin genomische, ber\u00fccksichtigt die aktuelle Situation und j\u00fcngsten Fortschritte in der genomischen Medizin, w\u00e4hrend Dr. Miguel Angel Santos Gaston, Chirurg und Forscher, werden den Fortschritt der Gef\u00e4\u00dfchirurgie befassen. F\u00fcr seinen Teil, Miguel \u00c1ngel Quintela, Leiter des Referats Brust von CNIO (National Cancer Center) tauchen tief in die Situation der Forschung an Brustkrebs. Das partizipative Forum morgens widmet sich um den Zugang zu Medikamenten in der dritten Welt, zu analysieren, w\u00e4hrend am Abend wird, den ein zweites es Forum pl\u00f6tzlichen Tod im Sport, die die Teilnahme eines der gr\u00f6\u00dften Experten auf diesem Gebiet, Dr. Jos\u00e9 Mill\u00e1n-Funktion wirdDirektor der Gesalud und verantwortlich f\u00fcr medizinisches Management der Real Betis Balompi\u00e9. <\/p>\n<p><strong>Samstag, Oktober 22:  Behinderung, Abh\u00e4ngigkeit und \u00e4ltere &#8221;<\/strong> <\/p>\n<p>Am letzte Tag der Show beteiligt sich Dr. Birnbaum, medizinische Sch\u00f6pfer Traumatologist von Kr\u00fccken von Hightech-Anwendungen der K\u00f6nig; Jos\u00e9 Antonio Florez Lozano, Professor und Direktor des Programms der Promotion und Diplom von der Universit\u00e4t Oviedo Gerontologie und Dr. Jos\u00e9 Carlos Mill\u00e1n Calenti, Professor der klinischen Gerontologie und sozial- und Direktor der Forschungsgruppe Gerontologie von der Universit\u00e4t A Coru\u00f1a, unter anderem. <\/p>\n<p><strong>International<\/strong> <\/p>\n<p>Diplomatische Vertretung der Teilnahme an L\u00e4nder mit kommerziellen Missionen unter der Leitung von den Handelskammern, Business-Vertretungen und Aussteller zur St\u00e4rkung der Handelsbeziehungen, diskutieren die Chancen und M\u00f6glichkeiten f\u00fcr Unternehmen zur Messe gehen. Dadurch wird die FEIMESA ein Business-Center im Gesundheitssektor. <\/p>\n<p>Dr. Georg Oster, Delegierter des Bundesamtes f\u00fcr den Au\u00dfenhandel (Germany Trade und investieren GMBH-GTal), teilnehmen und offenbar in Deutschland verbreitet, diskutiert und vereinbart, im Rahmen der Ausstellung. F\u00fcr seinen Teil haben Brasilien eine bedeutende Pr\u00e4senz auf der Messe in der Handelskammer Brasilien-Spanien mehrere Projekte vorlegen wird laden spanische Unternehmen zur Teilnahme an den Bau von 400 Pflege zwischen 2012 und 2016, sowie der Beitrag in Ger\u00e4ten, die, wie andere Arten von Projekten, die f\u00fcr die Olympischen Spiele und World Cup haben. <\/p>\n<p>Es gibt auch best\u00e4tigt die Anwesenheit von Diplomaten, Wissenschaftler, Fachleute und Unternehmer von Italien, Frankreich, Deutschland, \u00d6sterreich, Portugal, Argentinien, Uruguay, Ecuador, Peru, USA, China und Indien. <\/p>\n<p><strong>Fair<\/strong> <\/p>\n<p>Die FEIMESA-Ausstellungsfl\u00e4che werden die Benchmark in Innovation in Gesundheit, unter besonderer Ber\u00fccksichtigung von: Elektromedizinische Ausr\u00fcstung, Diagnose, Physiotherapie, Telemedizin, R &amp; d, Biomedizin, Onkologie, Kardiologie und Transplantationen, unter anderem. Aussteller, die ihre Pr\u00e4senz auf der Messe einschlie\u00dfen-Firmen wie Siemens Health Care, Tunstall, Medigest, Artisoftware, Clue Medical, Biologik L\u00f6sungen, Caser, das nationale Zentrum der Genotypisierung, Hidelasa, GAES, Visiona Gruppe oder \u00c4rzte der Welt best\u00e4tigt haben. <\/p>\n<p>Der Zweck ist die Schaffung von ein Treffpunkt f\u00fcr rund um die \u00e4rztliche T\u00e4tigkeit, in der sie sich befinden k\u00f6nnen, Produkte, Ausr\u00fcstung und Dienstleistungen f\u00fcr Gesundheit, sowie die neuesten Technologien in M\u00e9dico-Hospitalario Ger\u00e4te, sowie die M\u00f6glichkeit, erleben Sie neue Produkte und Kontakte mit Herstellern, Importeuren und H\u00e4ndlern. <\/p>\n<p>FEIMESA 2011 ist dazu bestimmt, um die Hochburg des Gesch\u00e4fts und Training im Gesundheitssektor zu werden, und der wichtigste Treffpunkt f\u00fcr alle, die mit die \u00e4rztliche T\u00e4tigkeit verbunden. <\/p>\n<p><\/font><\/p>\n","protected":false},"excerpt":{"rendered":"<p>Experten versammelt auf der internationalen Messe der Medizin und Gesundheit werden die wichtigsten Herausforderungen des Sektors Die Internationale Fachausstellung f\u00fcr Medizin und Gesundheit-FEIMESA findet von 20 bis 22 Oktober in Coru\u00f1a. -Im Laufe der drei Tage werden FEIMESA ein Forum f\u00fcr die Debatte \u00fcber die Situation und die Zukunft der Gesundheitsversorgung in Spanien mit Lautsprecher [&hellip;]<\/p>\n","protected":false},"author":1,"featured_media":0,"comment_status":"close","ping_status":"open","sticky":false,"template":"","format":"standard","meta":{"footnotes":""},"categories":[3],"tags":[7312,7311,7308,7306,7310,7309,7307],"class_list":{"0":"post-1925","1":"post","2":"type-post","3":"status-publish","4":"format-standard","5":"hentry","6":"category-allgemeine","7":"tag-corua","8":"tag-gesundheit-feimesa","9":"tag-herausforderungen","10":"tag-psoriasis","11":"tag-sektors","13":"tag-versammelt","14":"et-doesnt-have-format-content","15":"et_post_format-et-post-format-standard"},"_links":{"self":[{"href":"https:\/\/www.best-dentist-dentistry.com\/de\/wp-json\/wp\/v2\/posts\/1925","targetHints":{"allow":["GET"]}}],"collection":[{"href":"https:\/\/www.best-dentist-dentistry.com\/de\/wp-json\/wp\/v2\/posts"}],"about":[{"href":"https:\/\/www.best-dentist-dentistry.com\/de\/wp-json\/wp\/v2\/types\/post"}],"author":[{"embeddable":true,"href":"https:\/\/www.best-dentist-dentistry.com\/de\/wp-json\/wp\/v2\/users\/1"}],"replies":[{"embeddable":true,"href":"https:\/\/www.best-dentist-dentistry.com\/de\/wp-json\/wp\/v2\/comments?post=1925"}],"version-history":[{"count":0,"href":"https:\/\/www.best-dentist-dentistry.com\/de\/wp-json\/wp\/v2\/posts\/1925\/revisions"}],"wp:attachment":[{"href":"https:\/\/www.best-dentist-dentistry.com\/de\/wp-json\/wp\/v2\/media?parent=1925"}],"wp:term":[{"taxonomy":"category","embeddable":true,"href":"https:\/\/www.best-dentist-dentistry.com\/de\/wp-json\/wp\/v2\/categories?post=1925"},{"taxonomy":"post_tag","embeddable":true,"href":"https:\/\/www.best-dentist-dentistry.com\/de\/wp-json\/wp\/v2\/tags?post=1925"}],"curies":[{"name":"wp","href":"https:\/\/api.w.org\/{rel}","templated":true}]}}