{"id":1937,"date":"2014-05-14T11:08:12","date_gmt":"2014-05-14T11:08:12","guid":{"rendered":null},"modified":"2014-05-14T11:08:12","modified_gmt":"2014-05-14T11:08:12","slug":"lack-of-research-on-adolescents-of-the-autism-spectrum","status":"publish","type":"post","link":"https:\/\/www.best-dentist-dentistry.com\/de\/lack-of-research-on-adolescents-of-the-autism-spectrum\/1937","title":{"rendered":"mangel an forschung \u00fcber jugendliche von der autismus spektrum"},"content":{"rendered":"<p>      Zwischen 1 % und 1,5 % der Welt pr\u00e4sentiert Bev\u00f6lkerung Merkmale im Zusammenhang mit Autismus-Spektrum, wie z. B. Schwierigkeiten in den Bereichen Entwicklung, Sozialisation und Sprache Kommunikation, fantasievolle Aktivit\u00e4t und Erkenntnis.<\/p>\n<p><a href=\"http:\/\/www.best-dentist-dentistry.com\/wp-content\/uploads\/best-dentist-images\/lack-of-research-on-adolescents-of-the-autism-spectrum.jpg\"><img loading=\"lazy\" decoding=\"async\" class=\"alignleft\" src=\"http:\/\/www.best-dentist-dentistry.com\/wp-content\/uploads\/best-dentist-images\/lack-of-research-on-adolescents-of-the-autism-spectrum.jpg\" alt=mangel an forschung \u00fcber jugendliche von der autismus-spektrum  width=\"300\" height=\"197\" align=\"alignleft\"\/><\/a><\/p>\n<p>Jedoch, es ist ein gro\u00dfer Mangel an Studien \u00fcber Jugendliche, die in diesem Spektrum eingegeben. Dies macht es schwer zu verstehen, wenn sie in der Therapie eingeschlossen werden sollten. Die \u00c4nderungen der Sprache und Kommunikation sind grundlegender Bestandteil der Kriterien f\u00fcr die Diagnose und therapeutische Intervention in diesem Bereich ist entscheidend f\u00fcr die bessere Entwicklung dieser<\/p>\n<p> Menschen.<\/p>\n<p>laut einer Umfrage von Professor Fernanda Dreux M. Fernandes, Abteilung der Physiotherapie, Ergotherapie und Fonaudiologia (FOFITO), medizinische Fakult\u00e4t Universit\u00e4t von S\u00e3o Paulo (FMUSP), von 2005 bis 2010, 3.065 Artikel in internationalen Zeitschriften und National \u00fcber Logop\u00e4die und Autismus, nur 56 \u00fcber Jugendliche, wird nur 3 Artikel ver\u00f6ffentlicht. Und 1.356 im Zusammenhang mit Autismus, nur 43 Sprachen \u00fcber Jugendliche.<\/p>\n<p>Auf Autismus Cymru, die in Cardiff, Wales, stattfand-Workshop im Juni, der Experten analysiert drei Studien \u00fcber Autismus in der Adoleszenz. Die erste bezieht sich auf die um klinische Entwicklung von autistischen Kindern und Jugendlichen in einem Zeitraum von sechs Monaten der Therapie, zu analysieren, dass, obwohl alle Teilnehmer die Entwicklung belegt haben, Kinder fortgeschritten sind viel mehr als<\/p>\n<p> Jugendlichen.<\/p>\n<p>In eine zweite Suche, gab es ein Vergleich der \u00c4nderungen in die Leistung von Jugendlichen unterziehen Logop\u00e4die-Therapie seit Kindheit und diejenigen, die sp\u00e4ter Therapie begonnen. Es wurde bewiesen, dass es gibt unterschiedliche Wachstumsraten, die individuellen Merkmale sind. Aber das Thema, die Therapie eingeleitet hatte, w\u00e4hrend Kinder, in der Regel h\u00f6here Performance erreicht haben.<\/p>\n<p>die dritte Forschung als den besten Weg, um die Entwicklung der einzelnen untersuchten Patienten und die Eigenschaften ihrer Mitteilung in drei verschiedenen Situationen zu bewerten: allein, mit der Koordinierung von Erwachsenen und Gruppe, ohne jede F\u00fchrung. War m\u00f6glich, beachten Sie, dass jeder seine kommunikative Stil auf unterschiedliche Situationen und Bed\u00fcrfnisse der seine Gespr\u00e4chspartner. angepasst hat<\/p>\n<\/p>\n<p><strong><\/p>\n<p><\/strong> sp\u00e4ten Diagnose<\/p>\n<p>-Fernanda-Lehrer-Kommentare, die noch oft der Fall, die die Diagnose um 7, 8 Jahre erfolgt und, dass autistische auf die entsprechenden spezialisierte Betreuung bereits in ihren fr\u00fchen Teenager weitergeleitet werden, vor allem in F\u00e4llen wo die Demonstrationen sind weniger intensiv. Sehr oft die Diagnose Verz\u00f6gerung aufgrund des Fehlens spezifischer Instrumente und Untersuchungen, vor allem \u00fcber die klinische Bewertung, die von der Arzt je getan. Auf der anderen Seite f\u00fchrt die \u00dcberbelegung des Gesundheitssystems oft gibt es wenig Zeit, f\u00fcr die die Diagnose diskutiert wird, und ihre Implikationen und Konsequenzen hinreichend gekl\u00e4rt<\/p>\n<p> f\u00fcr Familien.<\/p>\n<p>weit mehr oder weniger Menschen mit Autismus-Spektrum-St\u00f6rungen haben Schwierigkeiten bei der Entwicklung in den Bereichen der Sozialisation, Sprache und Kommunikation, fantasievolle Aktivit\u00e4t und Erkenntnis. Engagement in jedem dieser Bereiche, jedoch variiert stark, sehr intensive Schwierigkeiten, die ernste Schwierigkeiten f\u00fcr die Entwicklung in Richtung Autonomie, so subtil und spezifische Schwierigkeiten, zu, die gute Entwicklung erm\u00f6glicht verursachen, da sie wegen erhalten Aufmerksamkeit. J\u00fcngste Studien zeigen, dass die Intervention begann vor f\u00fcnf Jahren produziert Ergebnisse mehr wirksam, obwohl sie auch bei Jugendlichen beobachtet werden. Auf diese Weise untergr\u00e4bt die sp\u00e4te Diagnose h\u00e4ufig die ideale Zeit bis<\/p>\n<p> Intervention.<\/p>\n<p>Weitere Informationen erhalten Sie \u00fcber E-mail fernandadreux@usp.br mit Lehrer Fernanda Dreux m.<\/p>\n<p> Fernandes.<\/p>\n<p><em><\/p>\n","protected":false},"excerpt":{"rendered":"<p>Zwischen 1 % und 1,5 % der Welt pr\u00e4sentiert Bev\u00f6lkerung Merkmale im Zusammenhang mit Autismus-Spektrum, wie z. B. Schwierigkeiten in den Bereichen Entwicklung, Sozialisation und Sprache Kommunikation, fantasievolle Aktivit\u00e4t und Erkenntnis. Jedoch, es ist ein gro\u00dfer Mangel an Studien \u00fcber Jugendliche, die in diesem Spektrum eingegeben. Dies macht es schwer zu verstehen, wenn sie in [&hellip;]<\/p>\n","protected":false},"author":1,"featured_media":0,"comment_status":"closed","ping_status":"open","sticky":false,"template":"","format":"standard","meta":{"footnotes":""},"categories":[1],"tags":[7330,7329,7331],"class_list":["post-1937","post","type-post","status-publish","format-standard","hentry","category-zahnmedizin-news","tag-autismus-spektrum","tag-note","tag-spte","et-doesnt-have-format-content","et_post_format-et-post-format-standard"],"_links":{"self":[{"href":"https:\/\/www.best-dentist-dentistry.com\/de\/wp-json\/wp\/v2\/posts\/1937","targetHints":{"allow":["GET"]}}],"collection":[{"href":"https:\/\/www.best-dentist-dentistry.com\/de\/wp-json\/wp\/v2\/posts"}],"about":[{"href":"https:\/\/www.best-dentist-dentistry.com\/de\/wp-json\/wp\/v2\/types\/post"}],"author":[{"embeddable":true,"href":"https:\/\/www.best-dentist-dentistry.com\/de\/wp-json\/wp\/v2\/users\/1"}],"replies":[{"embeddable":true,"href":"https:\/\/www.best-dentist-dentistry.com\/de\/wp-json\/wp\/v2\/comments?post=1937"}],"version-history":[{"count":0,"href":"https:\/\/www.best-dentist-dentistry.com\/de\/wp-json\/wp\/v2\/posts\/1937\/revisions"}],"wp:attachment":[{"href":"https:\/\/www.best-dentist-dentistry.com\/de\/wp-json\/wp\/v2\/media?parent=1937"}],"wp:term":[{"taxonomy":"category","embeddable":true,"href":"https:\/\/www.best-dentist-dentistry.com\/de\/wp-json\/wp\/v2\/categories?post=1937"},{"taxonomy":"post_tag","embeddable":true,"href":"https:\/\/www.best-dentist-dentistry.com\/de\/wp-json\/wp\/v2\/tags?post=1937"}],"curies":[{"name":"wp","href":"https:\/\/api.w.org\/{rel}","templated":true}]}}