{"id":19399,"date":"2012-10-07T02:53:39","date_gmt":"2012-10-07T02:53:39","guid":{"rendered":null},"modified":"-0001-11-30T00:00:00","modified_gmt":"-0001-11-30T00:00:00","slug":"the-health-of-chavela-vargas-is-compounded-by-a-respiratory-problem","status":"publish","type":"post","link":"https:\/\/www.best-dentist-dentistry.com\/de\/the-health-of-chavela-vargas-is-compounded-by-a-respiratory-problem\/19399","title":{"rendered":"Die Gesundheit von Chavela Vargas wird durch respiratorische Probleme versch\u00e4rft."},"content":{"rendered":"<p class=\"first\"> Mexiko, 5 Aug (EFE).-die mexikanische S\u00e4ngerin Chavela Vargas costaricanischen Sonnenaufgang heute mit gro\u00dfen respiratorische Schwierigkeiten, aufgrund Ihrer Lungenkrankheit, obwohl es bleibt wach und bewusst, Efe wurde unterrichtet von seinem Arzt, Jos\u00e9 Manuel N\u00fa\u00f1ez.<\/p>\n<p>&#8220;Es d\u00e4mmerte ein wenig mehr ernst in seine Lunge-Problem, und wir sind drin,&#8221; sagte der Spezialist f\u00fcr die Betreuung des K\u00fcnstlers, zust\u00e4ndig, die klargestellt, dass er nicht hat, hat Bewusstsein nicht verloren und bleibt wach, wenn auch mit einer Periode von Schl\u00e4frigkeit.<\/p>\n<p>&#8220;Eingegeben, es ist wach geblieben und ist sich bewusst, aber Sie haben jetzt gro\u00dfe Schwierigkeiten, die Atmung,&#8221; erkl\u00e4rt.<\/p>\n<p>F\u00fcgte hinzu, dass sie hatten viele Schwierigkeiten Behandlungen anwenden &#8220;sie will nicht invasive Methoden, und in diesem Fall braucht einen Ventilator, zu dem sie sich weigert&#8221;.<\/p>\n<p>&#8220;Seine Entscheidung ist respektabel und ich k\u00f6nnen nicht eindringen es ohne Ihre Erlaubnis, vor allem, wenn sie sich weigert,&#8221; sagte Nunez nach erinnert, die letzten Mittwoch Morgen ein \u00e4hnliches Bild pr\u00e4sentiert wurden, war die \u00fcberschritten, erwartet heute &#8220;auch vorw\u00e4rts&#8221;.<\/p>\n<p>Nu\u00f1ez erinnert, die das Krankenhaus die 93 j\u00e4hrige S\u00e4ngerin trat seit in der Intensivstation, wo das Team von \u00c4rzten aufmerksam auf seine Evolution bleibt.<\/p>\n<p>Haben ergeben, dass sobald Sie \u00fcbergeben den kritischen Zustand den medizinischen Teil informieren k\u00f6nnen, wie sie in der letzten Woche getan haben.<\/p>\n<p>Gestern auf seinem Twitter-Account, Chavela Vargas sagte: &#8220;Ich werde nicht sterben, denn ich bin ein Schamanen und wir wir nicht sterben, wir transzendieren&#8221;.<\/p>\n<p>nach dem medizinischen Bericht von gestern, die Prognose ist &rsquo;schlecht f\u00fcr die Funktion und Lebensdauer entsprechend der Entwicklung vorbehalten&rsquo;.<\/p>\n<p>Der S\u00e4nger, dessen wirklicher Name Isabel Vargas Lizano ist, serviert von Sonntag durch ein \u00c4rzteteam unter der Leitung von Jos\u00e9 Manuel N\u00fa\u00f1ez Spezialist Krankenhaus Inovamed Cuernavaca, Hauptstadt der zentralen Bundesstaat Morelos \u00fcbergeben.<\/p>\n<p>S\u00e4nger kam nach Mexiko, am 26. Juli nach fast ein Monat in Spanien, wo er reiste zu einem Recital mit Songs aus dem Album er dem Dichter Federico Garc\u00eda Lorca widmete, mit dem Titel &#8220;Big Moon&#8221; und ihre Berichte zu unterbreiten.<\/p>\n<p>Diese Anstrengung verabschiedete Gesetzesentwurf und am 12. Juli wurde in ein Krankenhaus in Madrid, wo er, bis 21. Juli blieb aufgenommen.<\/p>\n<p>In sozialen Netzwerken, verschiedene K\u00fcnstler ihre Unterst\u00fctzung f\u00fcr Chavela Vargas als Kate de el Castillo und Carlos Baute, unter anderem ausgedr\u00fcckt haben.<\/p>\n","protected":false},"excerpt":{"rendered":"<p>Mexiko, 5 Aug (EFE).-die mexikanische S\u00e4ngerin Chavela Vargas costaricanischen Sonnenaufgang heute mit gro\u00dfen respiratorische Schwierigkeiten, aufgrund Ihrer Lungenkrankheit, obwohl es bleibt wach und bewusst, Efe wurde unterrichtet von seinem Arzt, Jos\u00e9 Manuel N\u00fa\u00f1ez. &#8220;Es d\u00e4mmerte ein wenig mehr ernst in seine Lunge-Problem, und wir sind drin,&#8221; sagte der Spezialist f\u00fcr die Betreuung des K\u00fcnstlers, zust\u00e4ndig, [&hellip;]<\/p>\n","protected":false},"author":1,"featured_media":0,"comment_status":"close","ping_status":"open","sticky":false,"template":"","format":"standard","meta":{"footnotes":""},"categories":[3],"tags":[30411],"class_list":["post-19399","post","type-post","status-publish","format-standard","hentry","category-allgemeine","tag-wachstum-hormon-ersatz","et-doesnt-have-format-content","et_post_format-et-post-format-standard"],"_links":{"self":[{"href":"https:\/\/www.best-dentist-dentistry.com\/de\/wp-json\/wp\/v2\/posts\/19399","targetHints":{"allow":["GET"]}}],"collection":[{"href":"https:\/\/www.best-dentist-dentistry.com\/de\/wp-json\/wp\/v2\/posts"}],"about":[{"href":"https:\/\/www.best-dentist-dentistry.com\/de\/wp-json\/wp\/v2\/types\/post"}],"author":[{"embeddable":true,"href":"https:\/\/www.best-dentist-dentistry.com\/de\/wp-json\/wp\/v2\/users\/1"}],"replies":[{"embeddable":true,"href":"https:\/\/www.best-dentist-dentistry.com\/de\/wp-json\/wp\/v2\/comments?post=19399"}],"version-history":[{"count":0,"href":"https:\/\/www.best-dentist-dentistry.com\/de\/wp-json\/wp\/v2\/posts\/19399\/revisions"}],"wp:attachment":[{"href":"https:\/\/www.best-dentist-dentistry.com\/de\/wp-json\/wp\/v2\/media?parent=19399"}],"wp:term":[{"taxonomy":"category","embeddable":true,"href":"https:\/\/www.best-dentist-dentistry.com\/de\/wp-json\/wp\/v2\/categories?post=19399"},{"taxonomy":"post_tag","embeddable":true,"href":"https:\/\/www.best-dentist-dentistry.com\/de\/wp-json\/wp\/v2\/tags?post=19399"}],"curies":[{"name":"wp","href":"https:\/\/api.w.org\/{rel}","templated":true}]}}